{"id":10000,"date":"2025-05-23T12:03:38","date_gmt":"2025-05-23T10:03:38","guid":{"rendered":"https:\/\/www.assocardan.org\/?p=10000"},"modified":"2025-05-23T18:43:01","modified_gmt":"2025-05-23T16:43:01","slug":"leitura-furiosa-2025-on-a-appris-a-parler-quelque-part","status":"publish","type":"post","link":"https:\/\/www.assocardan.org\/?p=10000","title":{"rendered":"[Leitura Furiosa 2025] \u2013 On a appris \u00e0 parler quelque part"},"content":{"rendered":"\n<p>Un texte de Sandra Vanbremeersch avec Rapha\u00ebl, Andrea, Isabelle, Eddy, Hafso, Nebiyu, Wengelawit, Reniche, Priscilla, Muzamel, Marie-Paule, Roland, Ruth et l\u2019association Initi\u2019Elles \u00e0 \u00c9touvie. <\/p>\n\n\n\n<p>Illustration de Andr\u00e9 Zetlaoui.<\/p>\n\n\n\n<!--more-->\n\n\n\n<div style=\"height:40px\" aria-hidden=\"true\" class=\"wp-block-spacer\"><\/div>\n\n\n\n<p><strong><span style=\"text-decoration: underline;\">\u00c9coutez le texte<\/span><\/strong> :<\/p>\n\n\n\n<figure class=\"wp-block-audio\"><audio controls src=\"http:\/\/www.assocardan.org\/audio\/leitura2025\/Vanbremeersch-LF2025.mp3\"><\/audio><\/figure>\n\n\n\n<div style=\"height:20px\" aria-hidden=\"true\" class=\"wp-block-spacer\"><\/div>\n\n\n\n<p><strong><span style=\"text-decoration: underline;\">Lisez le texte<\/span><\/strong> : <\/p>\n\n\n\n<p>En cas de probl\u00e8me d\u2019affichage du texte, vous pouvez <strong><a rel=\"noreferrer noopener\" href=\"http:\/\/www.assocardan.org\/PDF\/LEITURA2025\/Sandra_Vanbremeersch-LF25.pdf\" target=\"_blank\">t\u00e9l\u00e9charger le fichier PDF<\/a><\/strong>.<\/p>\n\n\n<iframe src=\"\/\/docs.google.com\/viewer?url=http%3A%2F%2Fwww.assocardan.org%2FPDF%2FLEITURA2025%2FSandra_Vanbremeersch-LF25.pdf&hl=fr&embedded=true\" class=\"gde-frame\" style=\"width:100%; height:500px; border: none;\" scrolling=\"no\"><\/iframe>\n<p class=\"gde-text\"><a href=\"http:\/\/www.assocardan.org\/PDF\/LEITURA2025\/Sandra_Vanbremeersch-LF25.pdf\" class=\"gde-link\">T\u00e9l\u00e9charger (PDF, 367KB)<\/a><\/p>\n","protected":false},"excerpt":{"rendered":"<p>Un texte de Sandra Vanbremeersch avec Rapha\u00ebl, Andrea, Isabelle, Eddy, Hafso, Nebiyu, Wengelawit, Reniche, Priscilla, Muzamel, Marie-Paule, Roland, Ruth et l\u2019association Initi\u2019Elles \u00e0 \u00c9touvie. Illustration de Andr\u00e9 Zetlaoui.<\/p>\n","protected":false},"author":1,"featured_media":9981,"comment_status":"closed","ping_status":"closed","sticky":false,"template":"","format":"standard","meta":{"footnotes":""},"categories":[204,498,1],"tags":[126,421,44,499,58],"class_list":["post-10000","post","type-post","status-publish","format-standard","has-post-thumbnail","hentry","category-leitura-furiosa","category-leitura-furiosa-2025","category-non-classe","tag-amiens","tag-cardan","tag-leitura-furiosa","tag-leitura-furisa-2025","tag-maison-de-la-culture"],"_links":{"self":[{"href":"https:\/\/www.assocardan.org\/index.php?rest_route=\/wp\/v2\/posts\/10000","targetHints":{"allow":["GET"]}}],"collection":[{"href":"https:\/\/www.assocardan.org\/index.php?rest_route=\/wp\/v2\/posts"}],"about":[{"href":"https:\/\/www.assocardan.org\/index.php?rest_route=\/wp\/v2\/types\/post"}],"author":[{"embeddable":true,"href":"https:\/\/www.assocardan.org\/index.php?rest_route=\/wp\/v2\/users\/1"}],"replies":[{"embeddable":true,"href":"https:\/\/www.assocardan.org\/index.php?rest_route=%2Fwp%2Fv2%2Fcomments&post=10000"}],"version-history":[{"count":3,"href":"https:\/\/www.assocardan.org\/index.php?rest_route=\/wp\/v2\/posts\/10000\/revisions"}],"predecessor-version":[{"id":10082,"href":"https:\/\/www.assocardan.org\/index.php?rest_route=\/wp\/v2\/posts\/10000\/revisions\/10082"}],"wp:featuredmedia":[{"embeddable":true,"href":"https:\/\/www.assocardan.org\/index.php?rest_route=\/wp\/v2\/media\/9981"}],"wp:attachment":[{"href":"https:\/\/www.assocardan.org\/index.php?rest_route=%2Fwp%2Fv2%2Fmedia&parent=10000"}],"wp:term":[{"taxonomy":"category","embeddable":true,"href":"https:\/\/www.assocardan.org\/index.php?rest_route=%2Fwp%2Fv2%2Fcategories&post=10000"},{"taxonomy":"post_tag","embeddable":true,"href":"https:\/\/www.assocardan.org\/index.php?rest_route=%2Fwp%2Fv2%2Ftags&post=10000"}],"curies":[{"name":"wp","href":"https:\/\/api.w.org\/{rel}","templated":true}]}}