{"id":10002,"date":"2025-05-23T13:19:59","date_gmt":"2025-05-23T11:19:59","guid":{"rendered":"https:\/\/www.assocardan.org\/?p=10002"},"modified":"2025-05-23T14:35:54","modified_gmt":"2025-05-23T12:35:54","slug":"leitura-furiosa-2025-quand-je-songe","status":"publish","type":"post","link":"https:\/\/www.assocardan.org\/?p=10002","title":{"rendered":"[Leitura Furiosa 2025] \u2013 Quand je songe"},"content":{"rendered":"\n<p>Un texte de Daniela Duarte avec Elisabete Silva, Carla Brites, Lib\u00e2nia, Maria Alice, Rosa Maria Pinto, Paula Lobo, Nana, M\u00e1ria, Xarinha, Fl\u00e1via, Paula Cardoso Nazarena, Andreia, Nelsa Dias, Paula Maia, Rosa Leite, Sara Monteiro, Zhang Shuqing, Mihaela et Delfina, Ana, Isabel, Jaime et Miguel Carneiro. <\/p>\n\n\n\n<p>Illustration de Miguel Carneiro.<\/p>\n\n\n\n<!--more-->\n\n\n\n<div style=\"height:40px\" aria-hidden=\"true\" class=\"wp-block-spacer\"><\/div>\n\n\n\n<p><strong><span style=\"text-decoration: underline;\">Lisez le texte<\/span><\/strong> :<\/p>\n\n\n\n<p>En cas de probl\u00e8me d\u2019affichage du texte, vous pouvez <strong><a href=\"http:\/\/www.assocardan.org\/PDF\/LEITURA2025\/Daniela_Duarte-LF25.pdf\" target=\"_blank\" rel=\"noreferrer noopener\">t\u00e9l\u00e9charger le fichier PDF<\/a><\/strong>.<\/p>\n\n\n<iframe src=\"\/\/docs.google.com\/viewer?url=http%3A%2F%2Fwww.assocardan.org%2FPDF%2FLEITURA2025%2FDaniela_Duarte-LF25.pdf&hl=fr&embedded=true\" class=\"gde-frame\" style=\"width:100%; height:500px; border: none;\" scrolling=\"no\"><\/iframe>\n<p class=\"gde-text\"><a href=\"http:\/\/www.assocardan.org\/PDF\/LEITURA2025\/Daniela_Duarte-LF25.pdf\" class=\"gde-link\">T\u00e9l\u00e9charger (PDF, 436KB)<\/a><\/p>\n","protected":false},"excerpt":{"rendered":"<p>Un texte de Daniela Duarte avec Elisabete Silva, Carla Brites, Lib\u00e2nia, Maria Alice, Rosa Maria Pinto, Paula Lobo, Nana, M\u00e1ria, Xarinha, Fl\u00e1via, Paula Cardoso Nazarena, Andreia, Nelsa Dias, Paula Maia, [&hellip;]<\/p>\n","protected":false},"author":1,"featured_media":9982,"comment_status":"closed","ping_status":"closed","sticky":false,"template":"","format":"standard","meta":{"footnotes":""},"categories":[204,498],"tags":[126,421,500,44,497,58],"class_list":["post-10002","post","type-post","status-publish","format-standard","has-post-thumbnail","hentry","category-leitura-furiosa","category-leitura-furiosa-2025","tag-amiens","tag-cardan","tag-daniela-duarte","tag-leitura-furiosa","tag-leitura-furiosa-2025","tag-maison-de-la-culture"],"_links":{"self":[{"href":"https:\/\/www.assocardan.org\/index.php?rest_route=\/wp\/v2\/posts\/10002","targetHints":{"allow":["GET"]}}],"collection":[{"href":"https:\/\/www.assocardan.org\/index.php?rest_route=\/wp\/v2\/posts"}],"about":[{"href":"https:\/\/www.assocardan.org\/index.php?rest_route=\/wp\/v2\/types\/post"}],"author":[{"embeddable":true,"href":"https:\/\/www.assocardan.org\/index.php?rest_route=\/wp\/v2\/users\/1"}],"replies":[{"embeddable":true,"href":"https:\/\/www.assocardan.org\/index.php?rest_route=%2Fwp%2Fv2%2Fcomments&post=10002"}],"version-history":[{"count":2,"href":"https:\/\/www.assocardan.org\/index.php?rest_route=\/wp\/v2\/posts\/10002\/revisions"}],"predecessor-version":[{"id":10044,"href":"https:\/\/www.assocardan.org\/index.php?rest_route=\/wp\/v2\/posts\/10002\/revisions\/10044"}],"wp:featuredmedia":[{"embeddable":true,"href":"https:\/\/www.assocardan.org\/index.php?rest_route=\/wp\/v2\/media\/9982"}],"wp:attachment":[{"href":"https:\/\/www.assocardan.org\/index.php?rest_route=%2Fwp%2Fv2%2Fmedia&parent=10002"}],"wp:term":[{"taxonomy":"category","embeddable":true,"href":"https:\/\/www.assocardan.org\/index.php?rest_route=%2Fwp%2Fv2%2Fcategories&post=10002"},{"taxonomy":"post_tag","embeddable":true,"href":"https:\/\/www.assocardan.org\/index.php?rest_route=%2Fwp%2Fv2%2Ftags&post=10002"}],"curies":[{"name":"wp","href":"https:\/\/api.w.org\/{rel}","templated":true}]}}