{"id":10019,"date":"2025-05-23T14:01:45","date_gmt":"2025-05-23T12:01:45","guid":{"rendered":"https:\/\/www.assocardan.org\/?p=10019"},"modified":"2025-05-23T18:21:53","modified_gmt":"2025-05-23T16:21:53","slug":"leitura-furiosa-2025-cest-pas-gentil-detre-mechant","status":"publish","type":"post","link":"https:\/\/www.assocardan.org\/?p=10019","title":{"rendered":"[Leitura Furiosa 2025] \u2013 C\u2019est pas gentil d\u2019\u00eatre m\u00e9chant"},"content":{"rendered":"\n<p>Un texte de Ella Balaert avec Louna, Ambre, Jules, Nathana\u00ebl, Tim\u00e9o, Hugo et Aude Mercoyrol. <\/p>\n\n\n\n<p>Illustration Andr\u00e9 Zetlaoui.<\/p>\n\n\n\n<!--more-->\n\n\n\n<div style=\"height:40px\" aria-hidden=\"true\" class=\"wp-block-spacer\"><\/div>\n\n\n\n<p><strong><span style=\"text-decoration: underline;\">\u00c9coutez le texte :<\/span><\/strong><\/p>\n\n\n\n<figure class=\"wp-block-audio\"><audio controls src=\"http:\/\/www.assocardan.org\/audio\/leitura2025\/Balaert-LF2025.mp3\"><\/audio><\/figure>\n\n\n\n<div style=\"height:20px\" aria-hidden=\"true\" class=\"wp-block-spacer\"><\/div>\n\n\n\n<p><strong><span style=\"text-decoration: underline;\">Lisez le texte<\/span><\/strong> :<\/p>\n\n\n\n<p>En cas de probl\u00e8me d\u2019affichage du texte, vous pouvez <strong><a href=\"http:\/\/www.assocardan.org\/PDF\/LEITURA2025\/Ella_Balaert-LF25.pdf\" target=\"_blank\" rel=\"noreferrer noopener\">t\u00e9l\u00e9charger le fichier PDF<\/a><\/strong>.<\/p>\n\n\n<iframe src=\"\/\/docs.google.com\/viewer?url=http%3A%2F%2Fwww.assocardan.org%2FPDF%2FLEITURA2025%2FElla_Balaert-LF25.pdf&hl=fr&embedded=true\" class=\"gde-frame\" style=\"width:100%; height:500px; border: none;\" scrolling=\"no\"><\/iframe>\n<p class=\"gde-text\"><a href=\"http:\/\/www.assocardan.org\/PDF\/LEITURA2025\/Ella_Balaert-LF25.pdf\" class=\"gde-link\">T\u00e9l\u00e9charger (PDF, 298KB)<\/a><\/p>\n","protected":false},"excerpt":{"rendered":"<p>Un texte de Ella Balaert avec Louna, Ambre, Jules, Nathana\u00ebl, Tim\u00e9o, Hugo et Aude Mercoyrol. Illustration Andr\u00e9 Zetlaoui.<\/p>\n","protected":false},"author":1,"featured_media":9990,"comment_status":"closed","ping_status":"closed","sticky":false,"template":"","format":"standard","meta":{"footnotes":""},"categories":[204,498],"tags":[126,421,310,44,497,58],"class_list":["post-10019","post","type-post","status-publish","format-standard","has-post-thumbnail","hentry","category-leitura-furiosa","category-leitura-furiosa-2025","tag-amiens","tag-cardan","tag-ella-balaert","tag-leitura-furiosa","tag-leitura-furiosa-2025","tag-maison-de-la-culture"],"_links":{"self":[{"href":"https:\/\/www.assocardan.org\/index.php?rest_route=\/wp\/v2\/posts\/10019","targetHints":{"allow":["GET"]}}],"collection":[{"href":"https:\/\/www.assocardan.org\/index.php?rest_route=\/wp\/v2\/posts"}],"about":[{"href":"https:\/\/www.assocardan.org\/index.php?rest_route=\/wp\/v2\/types\/post"}],"author":[{"embeddable":true,"href":"https:\/\/www.assocardan.org\/index.php?rest_route=\/wp\/v2\/users\/1"}],"replies":[{"embeddable":true,"href":"https:\/\/www.assocardan.org\/index.php?rest_route=%2Fwp%2Fv2%2Fcomments&post=10019"}],"version-history":[{"count":3,"href":"https:\/\/www.assocardan.org\/index.php?rest_route=\/wp\/v2\/posts\/10019\/revisions"}],"predecessor-version":[{"id":10062,"href":"https:\/\/www.assocardan.org\/index.php?rest_route=\/wp\/v2\/posts\/10019\/revisions\/10062"}],"wp:featuredmedia":[{"embeddable":true,"href":"https:\/\/www.assocardan.org\/index.php?rest_route=\/wp\/v2\/media\/9990"}],"wp:attachment":[{"href":"https:\/\/www.assocardan.org\/index.php?rest_route=%2Fwp%2Fv2%2Fmedia&parent=10019"}],"wp:term":[{"taxonomy":"category","embeddable":true,"href":"https:\/\/www.assocardan.org\/index.php?rest_route=%2Fwp%2Fv2%2Fcategories&post=10019"},{"taxonomy":"post_tag","embeddable":true,"href":"https:\/\/www.assocardan.org\/index.php?rest_route=%2Fwp%2Fv2%2Ftags&post=10019"}],"curies":[{"name":"wp","href":"https:\/\/api.w.org\/{rel}","templated":true}]}}