{"id":10021,"date":"2025-05-23T14:08:23","date_gmt":"2025-05-23T12:08:23","guid":{"rendered":"https:\/\/www.assocardan.org\/?p=10021"},"modified":"2025-05-23T18:34:59","modified_gmt":"2025-05-23T16:34:59","slug":"leitura-furiosa-2025-une-journee-buissonniere","status":"publish","type":"post","link":"https:\/\/www.assocardan.org\/?p=10021","title":{"rendered":"[Leitura Furiosa 2025] \u2013 Une journ\u00e9e buissonni\u00e8re"},"content":{"rendered":"\n<p>Un texte de \u00c9ric Louis avec Enzo, Soledad, Sam, Makan, Florient, Issa, Mamiki, Chriseivie, Maelysse, Youssouf, Coralie, Amandine, de la MECS Fran\u00e7ois Libermann \u00e0 Amiens, Val\u00e9rie, Shainesse, Leslie, Justine, Drousilia. Illustration Andr\u00e9 Zetlaoui.<\/p>\n\n\n\n<!--more-->\n\n\n\n<div style=\"height:40px\" aria-hidden=\"true\" class=\"wp-block-spacer\"><\/div>\n\n\n\n<p><strong><span style=\"text-decoration: underline;\">\u00c9coutez le texte<\/span><\/strong> :<\/p>\n\n\n\n<figure class=\"wp-block-audio\"><audio controls src=\"http:\/\/www.assocardan.org\/audio\/leitura2025\/Louis-LF2025.mp3\"><\/audio><\/figure>\n\n\n\n<div style=\"height:20px\" aria-hidden=\"true\" class=\"wp-block-spacer\"><\/div>\n\n\n\n<p><strong><span style=\"text-decoration: underline;\">Lisez le texte<\/span><\/strong> :<\/p>\n\n\n\n<p>En cas de probl\u00e8me d\u2019affichage du texte, vous pouvez <strong><a href=\"http:\/\/www.assocardan.org\/PDF\/LEITURA2025\/Eric_Louis-LF25.pdf\" target=\"_blank\" rel=\"noreferrer noopener\">t\u00e9l\u00e9charger le fichier PDF<\/a><\/strong>.<\/p>\n\n\n<iframe src=\"\/\/docs.google.com\/viewer?url=http%3A%2F%2Fwww.assocardan.org%2FPDF%2FLEITURA2025%2FEric_Louis-LF25.pdf&hl=fr&embedded=true\" class=\"gde-frame\" style=\"width:100%; height:500px; border: none;\" scrolling=\"no\"><\/iframe>\n<p class=\"gde-text\"><a href=\"http:\/\/www.assocardan.org\/PDF\/LEITURA2025\/Eric_Louis-LF25.pdf\" class=\"gde-link\">T\u00e9l\u00e9charger (PDF, 386KB)<\/a><\/p>\n","protected":false},"excerpt":{"rendered":"<p>Un texte de \u00c9ric Louis avec Enzo, Soledad, Sam, Makan, Florient, Issa, Mamiki, Chriseivie, Maelysse, Youssouf, Coralie, Amandine, de la MECS Fran\u00e7ois Libermann \u00e0 Amiens, Val\u00e9rie, Shainesse, Leslie, Justine, Drousilia. [&hellip;]<\/p>\n","protected":false},"author":1,"featured_media":9991,"comment_status":"closed","ping_status":"closed","sticky":false,"template":"","format":"standard","meta":{"footnotes":""},"categories":[204,498],"tags":[126,421,501,44,497,58],"class_list":["post-10021","post","type-post","status-publish","format-standard","has-post-thumbnail","hentry","category-leitura-furiosa","category-leitura-furiosa-2025","tag-amiens","tag-cardan","tag-eric-louis","tag-leitura-furiosa","tag-leitura-furiosa-2025","tag-maison-de-la-culture"],"_links":{"self":[{"href":"https:\/\/www.assocardan.org\/index.php?rest_route=\/wp\/v2\/posts\/10021","targetHints":{"allow":["GET"]}}],"collection":[{"href":"https:\/\/www.assocardan.org\/index.php?rest_route=\/wp\/v2\/posts"}],"about":[{"href":"https:\/\/www.assocardan.org\/index.php?rest_route=\/wp\/v2\/types\/post"}],"author":[{"embeddable":true,"href":"https:\/\/www.assocardan.org\/index.php?rest_route=\/wp\/v2\/users\/1"}],"replies":[{"embeddable":true,"href":"https:\/\/www.assocardan.org\/index.php?rest_route=%2Fwp%2Fv2%2Fcomments&post=10021"}],"version-history":[{"count":3,"href":"https:\/\/www.assocardan.org\/index.php?rest_route=\/wp\/v2\/posts\/10021\/revisions"}],"predecessor-version":[{"id":10074,"href":"https:\/\/www.assocardan.org\/index.php?rest_route=\/wp\/v2\/posts\/10021\/revisions\/10074"}],"wp:featuredmedia":[{"embeddable":true,"href":"https:\/\/www.assocardan.org\/index.php?rest_route=\/wp\/v2\/media\/9991"}],"wp:attachment":[{"href":"https:\/\/www.assocardan.org\/index.php?rest_route=%2Fwp%2Fv2%2Fmedia&parent=10021"}],"wp:term":[{"taxonomy":"category","embeddable":true,"href":"https:\/\/www.assocardan.org\/index.php?rest_route=%2Fwp%2Fv2%2Fcategories&post=10021"},{"taxonomy":"post_tag","embeddable":true,"href":"https:\/\/www.assocardan.org\/index.php?rest_route=%2Fwp%2Fv2%2Ftags&post=10021"}],"curies":[{"name":"wp","href":"https:\/\/api.w.org\/{rel}","templated":true}]}}