{"id":10084,"date":"2025-05-30T17:41:33","date_gmt":"2025-05-30T15:41:33","guid":{"rendered":"https:\/\/www.assocardan.org\/?p=10084"},"modified":"2025-05-30T17:42:08","modified_gmt":"2025-05-30T15:42:08","slug":"une-journee-buissonniere-sur-le-club-de-mediapart","status":"publish","type":"post","link":"https:\/\/www.assocardan.org\/?p=10084","title":{"rendered":"Une journ\u00e9e buissonni\u00e8re sur Le Club de Mediapart"},"content":{"rendered":"\n<p>L&#8217;auteur \u00c9ric LOUIS qui a particip\u00e9 \u00e0 la manifestation Leitura Furiosa le dimanche 18 mai 2025 prolonge la f\u00eate en publiant son texte &#8220;<a rel=\"noreferrer noopener\" href=\"https:\/\/www.assocardan.org\/?p=10021\" target=\"_blank\"><strong>Une journ\u00e9e buissonni\u00e8re<\/strong><\/a>&#8221; sur son blog. <\/p>\n\n\n\n<!--more-->\n\n\n\n<p>Merci \u00c9ric LOUIS.<\/p>\n\n\n\n<div style=\"height:10px\" aria-hidden=\"true\" class=\"wp-block-spacer\"><\/div>\n\n\n\n<p>Pour lire l&#8217;article, veuillez <strong><a href=\"https:\/\/blogs.mediapart.fr\/eric-louis-69\/blog\/210525\/une-journee-buissonniere\" target=\"_blank\" rel=\"noreferrer noopener\">cliquer sur ce lien<\/a><\/strong>.<\/p>\n","protected":false},"excerpt":{"rendered":"<p>L&#8217;auteur \u00c9ric LOUIS qui a particip\u00e9 \u00e0 la manifestation Leitura Furiosa le dimanche 18 mai 2025 prolonge la f\u00eate en publiant son texte &#8220;Une journ\u00e9e buissonni\u00e8re&#8221; sur son blog.<\/p>\n","protected":false},"author":1,"featured_media":0,"comment_status":"closed","ping_status":"closed","sticky":false,"template":"","format":"standard","meta":{"footnotes":""},"categories":[204,498,90],"tags":[421,501,44,499,58],"class_list":["post-10084","post","type-post","status-publish","format-standard","hentry","category-leitura-furiosa","category-leitura-furiosa-2025","category-revue-de-presse","tag-cardan","tag-eric-louis","tag-leitura-furiosa","tag-leitura-furisa-2025","tag-maison-de-la-culture"],"_links":{"self":[{"href":"https:\/\/www.assocardan.org\/index.php?rest_route=\/wp\/v2\/posts\/10084","targetHints":{"allow":["GET"]}}],"collection":[{"href":"https:\/\/www.assocardan.org\/index.php?rest_route=\/wp\/v2\/posts"}],"about":[{"href":"https:\/\/www.assocardan.org\/index.php?rest_route=\/wp\/v2\/types\/post"}],"author":[{"embeddable":true,"href":"https:\/\/www.assocardan.org\/index.php?rest_route=\/wp\/v2\/users\/1"}],"replies":[{"embeddable":true,"href":"https:\/\/www.assocardan.org\/index.php?rest_route=%2Fwp%2Fv2%2Fcomments&post=10084"}],"version-history":[{"count":9,"href":"https:\/\/www.assocardan.org\/index.php?rest_route=\/wp\/v2\/posts\/10084\/revisions"}],"predecessor-version":[{"id":10094,"href":"https:\/\/www.assocardan.org\/index.php?rest_route=\/wp\/v2\/posts\/10084\/revisions\/10094"}],"wp:attachment":[{"href":"https:\/\/www.assocardan.org\/index.php?rest_route=%2Fwp%2Fv2%2Fmedia&parent=10084"}],"wp:term":[{"taxonomy":"category","embeddable":true,"href":"https:\/\/www.assocardan.org\/index.php?rest_route=%2Fwp%2Fv2%2Fcategories&post=10084"},{"taxonomy":"post_tag","embeddable":true,"href":"https:\/\/www.assocardan.org\/index.php?rest_route=%2Fwp%2Fv2%2Ftags&post=10084"}],"curies":[{"name":"wp","href":"https:\/\/api.w.org\/{rel}","templated":true}]}}