{"id":10342,"date":"2025-06-19T16:55:26","date_gmt":"2025-06-19T14:55:26","guid":{"rendered":"https:\/\/www.assocardan.org\/?p=10342"},"modified":"2025-06-19T16:55:26","modified_gmt":"2025-06-19T14:55:26","slug":"avec-labeur-petites-histoires-autour-du-travail","status":"publish","type":"post","link":"https:\/\/www.assocardan.org\/?p=10342","title":{"rendered":"Avec labeur, petites histoires autour du travail"},"content":{"rendered":"\n<p>\u00ab <strong>Avec Labeur<\/strong> \u00bb est un projet collaboratif port\u00e9 par le FRAC Picardie Hauts-de-France et le Cardan. <\/p>\n\n\n\n<!--more-->\n\n\n\n<div style=\"height:20px\" aria-hidden=\"true\" class=\"wp-block-spacer\"><\/div>\n\n\n\n<p>Le Frac Picardie a invit\u00e9 L\u00e9a Bozier \u00e0 concevoir un atelier de dessin pour les personnes accueillies au Cardan, afin de leur faire d\u00e9couvrir et pratiquer diff\u00e9rentes \u00e9critures du dessin contemporain.<\/p>\n\n\n\n<p>L&#8217;atelier a mis en avant, par le geste du dessin, les m\u00e9tiers des participants, souvent oubli\u00e9s dans les romans. Pendant quatre sessions de deux heures, Pascale, Patricia, St\u00e9phane, Francis et L\u00e9a ont repr\u00e9sent\u00e9 visuellement, \u00e0 l&#8217;encre et aux feutres, une partie de leurs histoires personnelles. <\/p>\n\n\n\n<p>Le r\u00e9sultat est r\u00e9uni dans ce livre.<\/p>\n\n\n\n<figure class=\"wp-block-image size-large\"><img loading=\"lazy\" decoding=\"async\" width=\"1024\" height=\"800\" src=\"https:\/\/www.assocardan.org\/wp-content\/uploads\/2025\/06\/Photo_Pascale_Francis_avec_labeur-1024x800.jpg\" alt=\"\" class=\"wp-image-10345\" srcset=\"https:\/\/www.assocardan.org\/wp-content\/uploads\/2025\/06\/Photo_Pascale_Francis_avec_labeur-1024x800.jpg 1024w, https:\/\/www.assocardan.org\/wp-content\/uploads\/2025\/06\/Photo_Pascale_Francis_avec_labeur-300x234.jpg 300w, https:\/\/www.assocardan.org\/wp-content\/uploads\/2025\/06\/Photo_Pascale_Francis_avec_labeur-1536x1200.jpg 1536w, https:\/\/www.assocardan.org\/wp-content\/uploads\/2025\/06\/Photo_Pascale_Francis_avec_labeur-750x586.jpg 750w, https:\/\/www.assocardan.org\/wp-content\/uploads\/2025\/06\/Photo_Pascale_Francis_avec_labeur-400x313.jpg 400w, https:\/\/www.assocardan.org\/wp-content\/uploads\/2025\/06\/Photo_Pascale_Francis_avec_labeur-430x336.jpg 430w, https:\/\/www.assocardan.org\/wp-content\/uploads\/2025\/06\/Photo_Pascale_Francis_avec_labeur-150x117.jpg 150w, https:\/\/www.assocardan.org\/wp-content\/uploads\/2025\/06\/Photo_Pascale_Francis_avec_labeur-100x78.jpg 100w, https:\/\/www.assocardan.org\/wp-content\/uploads\/2025\/06\/Photo_Pascale_Francis_avec_labeur.jpg 1751w\" sizes=\"auto, (max-width: 1024px) 100vw, 1024px\" \/><\/figure>\n\n\n\n<p>Vous pouvez lire le livre <strong><a href=\"http:\/\/www.assocardan.org\/Livres_cardan\/Avec_labeur.pdf\" target=\"_blank\" rel=\"noreferrer noopener\">en cliquant sur ce lien<\/a><\/strong>.<\/p>\n","protected":false},"excerpt":{"rendered":"<p>\u00ab Avec Labeur \u00bb est un projet collaboratif port\u00e9 par le FRAC Picardie Hauts-de-France et le Cardan.<\/p>\n","protected":false},"author":1,"featured_media":10349,"comment_status":"closed","ping_status":"closed","sticky":false,"template":"","format":"standard","meta":{"footnotes":""},"categories":[72],"tags":[421,504,502,503,435,453],"class_list":["post-10342","post","type-post","status-publish","format-standard","has-post-thumbnail","hentry","category-publications","tag-cardan","tag-facile-a-lire","tag-frac-picardie","tag-lea-bozier","tag-livres-faciles-a-lire","tag-saint-roch"],"_links":{"self":[{"href":"https:\/\/www.assocardan.org\/index.php?rest_route=\/wp\/v2\/posts\/10342","targetHints":{"allow":["GET"]}}],"collection":[{"href":"https:\/\/www.assocardan.org\/index.php?rest_route=\/wp\/v2\/posts"}],"about":[{"href":"https:\/\/www.assocardan.org\/index.php?rest_route=\/wp\/v2\/types\/post"}],"author":[{"embeddable":true,"href":"https:\/\/www.assocardan.org\/index.php?rest_route=\/wp\/v2\/users\/1"}],"replies":[{"embeddable":true,"href":"https:\/\/www.assocardan.org\/index.php?rest_route=%2Fwp%2Fv2%2Fcomments&post=10342"}],"version-history":[{"count":4,"href":"https:\/\/www.assocardan.org\/index.php?rest_route=\/wp\/v2\/posts\/10342\/revisions"}],"predecessor-version":[{"id":10348,"href":"https:\/\/www.assocardan.org\/index.php?rest_route=\/wp\/v2\/posts\/10342\/revisions\/10348"}],"wp:featuredmedia":[{"embeddable":true,"href":"https:\/\/www.assocardan.org\/index.php?rest_route=\/wp\/v2\/media\/10349"}],"wp:attachment":[{"href":"https:\/\/www.assocardan.org\/index.php?rest_route=%2Fwp%2Fv2%2Fmedia&parent=10342"}],"wp:term":[{"taxonomy":"category","embeddable":true,"href":"https:\/\/www.assocardan.org\/index.php?rest_route=%2Fwp%2Fv2%2Fcategories&post=10342"},{"taxonomy":"post_tag","embeddable":true,"href":"https:\/\/www.assocardan.org\/index.php?rest_route=%2Fwp%2Fv2%2Ftags&post=10342"}],"curies":[{"name":"wp","href":"https:\/\/api.w.org\/{rel}","templated":true}]}}