{"id":1047,"date":"2012-05-15T16:56:27","date_gmt":"2012-05-15T14:56:27","guid":{"rendered":"http:\/\/www.assocardan.org\/?p=1047"},"modified":"2016-04-08T15:34:40","modified_gmt":"2016-04-08T13:34:40","slug":"a-ultima-noite-do-mundo","status":"publish","type":"post","link":"https:\/\/www.assocardan.org\/?p=1047","title":{"rendered":"A \u00daltima Noite Do Mundo"},"content":{"rendered":"<p style=\"text-align: justify;\"><em>Jos\u00e9 M\u00e1rio Silva, com Alexandre Monchique, Ana Francisca Teixeira, Aurora Gomes, Beatriz Almeida, C\u00e1tia Concei\u00e7\u00e3o, Joana Matos, Jo\u00e3o Alves e Ysabel Silva, alunos da Escola n.\u00ba 10 (Castelo). Dessin :\u00a0Nuno Saraiva<\/em><\/p>\n<p><strong>A \u00daltima Noite Do Mundo<\/strong><\/p>\n<p style=\"text-align: justify;\">A S\u00e3o oito meninos que est\u00e3o juntos e decidem contar uma hist\u00f3ria, s\u00f3 n\u00e3o sabem como. Uns ainda t\u00eam sete anos, outros j\u00e1 chegaram aos oito. A Ysabel (\u00abcom i grego\u00bb) nasceu no Brasil, em Minas Gerais, mas fala sem sotaque porque veio para Lisboa ainda beb\u00e9. Das visitas a Belo Horizonte, recorda os gelados de c\u00f4co e uma piscina gigante. Um dia gostava de voltar, talvez para ser cabeleireira, talvez professora de pol\u00edcias. A Joana n\u00e3o tem d\u00favidas, nem talvez: quando for crescida ser\u00e1 arquitecta, quer desenhar pr\u00e9dios e escolas melhores. Se tiver tempo aprender\u00e1 karat\u00e9, porque \u00ab\u00e9 bom para uma pessoa se defender\u00bb. A Beatriz usa \u00f3culos cor-de-rosa. Encolhendo os ombros, admite que s\u00f3 l\u00ea quando n\u00e3o tem mais nada para fazer. E ela tem sempre muitas coisas para fazer. Por exemplo, fingir-se mais velha ao espelho, para a\u00ed uns 23 anos, com a roupa e os sapatos de salto alto da m\u00e3e. A m\u00e3e nasceu em S\u00e3o Tom\u00e9, o pai em Angola, terras que j\u00e1 visitou nas f\u00e9rias e que cheiravam a chuva, mas em que n\u00e3o gostava de viver porque \u00e9 dif\u00edcil, ou at\u00e9 imposs\u00edvel, encontrar um McDonald&#8217;s. Quando chegar mesmo aos 23 anos, j\u00e1 sabe: se n\u00e3o for modelo, ser\u00e1 fadista. A C\u00e1tia \u00e9 da Madeira mas agora vai de el\u00e9ctrico para a escola todas as manh\u00e3s. O melhor dia da sua vida foram dois: o dia em que a levaram pela primeira vez ao circo e o dia em que o seu pai voltou de Abidjan. O Alexandre \u00e9 muito tagarela e muito sportinguista (vejam a sua camisola \u00e0s riscas verdes e brancas, com o le\u00e3o ao peito). No futuro, d\u00ea l\u00e1 por onde der, vai ser cozinheiro em Hollywood, mas por enquanto entret\u00e9m-se a forrar o quarto com posters do Fa\u00edsca McQueen. Enquanto exibe a tatuagem de uma caveira voadora a desvanecer-se no bra\u00e7o, garante que j\u00e1 fez com papel e cartolina um pequeno livro de receitas. \u00abS\u00f3 coisas esquisitas\u00bb, explica. Esquisitas como? \u00abHmmmm, deixa c\u00e1 ver. Ovo estrelado, por exemplo. E panquecas com doce, panquecas com chouri\u00e7\u00e3o, panquecas com marmelada.\u00bb Mais t\u00edmido, o Jo\u00e3o fala muito menos, mas explica que tamb\u00e9m est\u00e1 a pensar em abrir um restaurante, onde servir\u00e1 \u00abcomida autom\u00e1tica\u00bb feita por \u00abm\u00e1quinas ajudantes\u00bb. Se pudesse, ia 500 vezes ao Algarve e voava at\u00e9 \u00e0s nuvens como fazem as fadas, a bater um grande par de asas transparentes. Faltam s\u00f3 duas meninas: a Aurora e a Ana Francisca, melhores amigas que se abra\u00e7am muito e \u00e0s vezes se chateiam, s\u00f3 para se reconciliarem logo a seguir. A Aurora aprende violoncelo no Conservat\u00f3rio e j\u00e1 teve um hamster. A Ana Francisca precisa de controlar a vontade de bater nas pessoas (sobretudo num primo mais velho que mora no Luxemburgo) e diz que o seu maior sonho \u00e9 ver o FMI fora de Portugal.<br \/>\nMas a hist\u00f3ria? Que hist\u00f3ria ser\u00e1? Comecemos pelo t\u00edtulo. Quase todos levantam o bra\u00e7o: Cadela Voadora; A Lua Sombria; A Casa Louca; O Livro sem Cor. \u00c9 dif\u00edcil chegar a um consenso. O Jo\u00e3o esbo\u00e7a no papel, linha a linha, a \u00abmenina que gostava muito de dan\u00e7ar e depois acordou\u00bb, a Beatriz lembra-se de uma composi\u00e7\u00e3o que escreveu para a escola sobre uma estrada que falava e tamb\u00e9m ria, a Ana Francisca vai buscar o caderno onde guardou as desventuras de um lobo \u00abvelhinho e pobrezinho\u00bb que se alimentava a sopas de legumes. N\u00e3o, n\u00e3o, n\u00e3o, nada disso, o grupo quer fazer uma hist\u00f3ria nova e de todos, uma hist\u00f3ria que seja dos oito. Uma hist\u00f3ria de terror, sugere a Aurora. \u00abSim, sim, sim, uma hist\u00f3ria de terror\u00bb, respondem os outros, un\u00e2nimes. E assim come\u00e7a a nascer A \u00daltima Noite do Mundo, em que se cruzam lobisomens e lobimulheres, vampiros e vampiras, v\u00e1rios tipos de zombies. De repente os monstros levantam-se, ao fundo da sala n\u00e3o h\u00e1 cen\u00e1rio mas h\u00e1 teatro, a Ysabel (\u00abcom i grego\u00bb) e o Jo\u00e3o representam, sozinhos, o g\u00e9nero humano acossado, assustado, encurralado. \u00abAgora os monstros destroem tudo\u00bb, prop\u00f5e a Ana Francisca, \u00abe depois fazem uma festa\u00bb. Finda a festa, fartos de destrui\u00e7\u00e3o, os monstros viram costas, regressam ao mundo deles. E depois? Meio escondida debaixo de uma mesa, como se ainda temesse os inimigos que j\u00e1 desapareceram, a Ysabel (\u00abcom i grego\u00bb) olha para o Jo\u00e3o, ali a seu lado, erguendo-se junto ao quadro de ard\u00f3sia como se fosse o primeiro homem, e diz: \u00abDepois recome\u00e7amos.\u00bb<\/p>\n<p><a href=\"http:\/\/www.assocardan.org\/wp-content\/uploads\/2012\/05\/NS-JMS-1.jpeg\"><img loading=\"lazy\" decoding=\"async\" class=\"aligncenter size-full wp-image-1048\" title=\"NS - JMS-1\" src=\"http:\/\/www.assocardan.org\/wp-content\/uploads\/2012\/05\/NS-JMS-1.jpeg\" alt=\"\" width=\"320\" height=\"227\" srcset=\"https:\/\/www.assocardan.org\/wp-content\/uploads\/2012\/05\/NS-JMS-1.jpeg 320w, https:\/\/www.assocardan.org\/wp-content\/uploads\/2012\/05\/NS-JMS-1-300x212.jpg 300w\" sizes=\"auto, (max-width: 320px) 100vw, 320px\" \/><\/a><\/p>\n<p style=\"text-align: justify;\">\n","protected":false},"excerpt":{"rendered":"<p>Jos\u00e9 M\u00e1rio Silva, com Alexandre Monchique, Ana Francisca Teixeira, Aurora Gomes, Beatriz Almeida, C\u00e1tia Concei\u00e7\u00e3o, Joana Matos, Jo\u00e3o Alves e Ysabel Silva, alunos da Escola n.\u00ba 10 (Castelo). Dessin :\u00a0Nuno [&hellip;]<\/p>\n","protected":false},"author":1,"featured_media":1048,"comment_status":"closed","ping_status":"closed","sticky":false,"template":"","format":"standard","meta":{"footnotes":""},"categories":[24,231,205,157,23],"tags":[26,22,55,64,29,238],"class_list":["post-1047","post","type-post","status-publish","format-standard","has-post-thumbnail","hentry","category-leitura2009","category-festivals","category-leitura-furiosa-2012","category-leitura-furiosa-2013","category-textes","tag-20-ans","tag-leitura-furiosa-2012","tag-lisbonne","tag-portugal","tag-textes-2","tag-textes-portugais"],"_links":{"self":[{"href":"https:\/\/www.assocardan.org\/index.php?rest_route=\/wp\/v2\/posts\/1047","targetHints":{"allow":["GET"]}}],"collection":[{"href":"https:\/\/www.assocardan.org\/index.php?rest_route=\/wp\/v2\/posts"}],"about":[{"href":"https:\/\/www.assocardan.org\/index.php?rest_route=\/wp\/v2\/types\/post"}],"author":[{"embeddable":true,"href":"https:\/\/www.assocardan.org\/index.php?rest_route=\/wp\/v2\/users\/1"}],"replies":[{"embeddable":true,"href":"https:\/\/www.assocardan.org\/index.php?rest_route=%2Fwp%2Fv2%2Fcomments&post=1047"}],"version-history":[{"count":4,"href":"https:\/\/www.assocardan.org\/index.php?rest_route=\/wp\/v2\/posts\/1047\/revisions"}],"predecessor-version":[{"id":5490,"href":"https:\/\/www.assocardan.org\/index.php?rest_route=\/wp\/v2\/posts\/1047\/revisions\/5490"}],"wp:featuredmedia":[{"embeddable":true,"href":"https:\/\/www.assocardan.org\/index.php?rest_route=\/wp\/v2\/media\/1048"}],"wp:attachment":[{"href":"https:\/\/www.assocardan.org\/index.php?rest_route=%2Fwp%2Fv2%2Fmedia&parent=1047"}],"wp:term":[{"taxonomy":"category","embeddable":true,"href":"https:\/\/www.assocardan.org\/index.php?rest_route=%2Fwp%2Fv2%2Fcategories&post=1047"},{"taxonomy":"post_tag","embeddable":true,"href":"https:\/\/www.assocardan.org\/index.php?rest_route=%2Fwp%2Fv2%2Ftags&post=1047"}],"curies":[{"name":"wp","href":"https:\/\/api.w.org\/{rel}","templated":true}]}}