{"id":125,"date":"2012-02-22T01:57:16","date_gmt":"2012-02-22T01:57:16","guid":{"rendered":"http:\/\/www.assocardan.org\/?p=125"},"modified":"2016-03-10T23:58:12","modified_gmt":"2016-03-10T22:58:12","slug":"exemple-de-breve","status":"publish","type":"post","link":"https:\/\/www.assocardan.org\/?p=125","title":{"rendered":"&#8220;La cr\u00e9dibilit\u00e9 du Cardan est totale, pour moi il n\u2019y a aucune frustration ni aucun \u00e9chec&#8221;"},"content":{"rendered":"<figure id=\"attachment_320\" aria-describedby=\"caption-attachment-320\" style=\"width: 189px\" class=\"wp-caption alignleft\"><a href=\"http:\/\/www.assocardan.org\/wp-content\/uploads\/2012\/02\/Luiz_JMayerComPic.gif\"><img loading=\"lazy\" decoding=\"async\" class=\"size-full wp-image-320\" title=\"Luiz Rosas et Julie Mayer\" src=\"http:\/\/www.assocardan.org\/wp-content\/uploads\/2012\/02\/Luiz_JMayerComPic.gif\" alt=\"\" width=\"189\" height=\"106\" \/><\/a><figcaption id=\"caption-attachment-320\" class=\"wp-caption-text\">Luiz Rosas et Julie Mayer<\/figcaption><\/figure>\n<p style=\"text-align: justify;\"><span style=\"color: #ff0000;\"><strong><em>Le point de vue de Julie Mayer, charg\u00e9e des relations avec\u00a0le public pour la Com\u00e9die de Picardie.<\/em><\/strong><\/span><\/p>\n<p>\u00ab\u2009Nous menons depuis quatre ans un partenariat renforc\u00e9. Moi j\u2019occupe ce poste depuis deux ans seulement. C\u2019est un partenariat sans convention, qui implique que nous pratiquions les tarifs les plus bas. Il y a deux ans, Luiz m\u2019a propos\u00e9 de participer \u00e0 un d\u00e9bat sur l\u2019acc\u00e8s \u00e0 la culture avec un groupe d\u2019adultes. J\u2019ai \u00e9t\u00e9 litt\u00e9ralement boulevers\u00e9e face \u00e0 des gens fracass\u00e9s par la vie. Je me suis sentie d\u00e9connect\u00e9e \u00e0 parler de th\u00e9\u00e2tre \u00e0 des gens qui n\u2019arrivent pas \u00e0 boucler les fins de mois. J\u2019ai mis deux jours \u00e0 m\u2019en remettre, mais c\u2019\u00e9tait tr\u00e8s positif. Ce groupe culture m\u2019a fait du bien. \u00c7a m\u2019a oblig\u00e9e \u00e0 me questionner sur le sens de mon m\u00e9tier.<\/p>\n<p style=\"text-align: justify;\">De mon c\u00f4t\u00e9, je les ai invit\u00e9s \u00e0 venir visiter le th\u00e9\u00e2tre et \u00e0 venir voir une repr\u00e9sentation. Pour leur montrer l\u2019int\u00e9rieur d\u2019un th\u00e9\u00e2tre. Et ils avaient beaucoup appr\u00e9ci\u00e9. L\u2019int\u00e9r\u00eat de ce partenariat consiste \u00e0 pr\u00e9senter au groupe culture la saison th\u00e9\u00e2trale. Depuis deux ans, j\u2019ai appris \u00e0 les conna\u00eetre donc je les conseille en rapport avec leurs go\u00fbts. Quand ils viennent, ce sont des spectateurs comme les autres. Je leur mets des billets \u00e0 leur nom comme des VIP parce que je trouve plus chic que de les mettre au nom du Cardan. Certains viennent jusqu\u2019\u00e0 huit fois dans l\u2019ann\u00e9e, mais ils fr\u00e9quentent aussi la Maison de la culture, L\u00e9o Lagrange, le Safran, etc.<\/p>\n<p style=\"text-align: justify;\">Sans avoir une id\u00e9e tr\u00e8s pr\u00e9cise de l\u2019ensemble des projets du Cardan, je connais bien le fonctionnement des groupes culture. J\u2019ai compris la philosophie de ce travail qui repr\u00e9sente un vrai effort spirituel de la part des personnes qui y participent. J\u2019ai pris connaissance de <em>Leitura Furiosa<\/em>, mais je n\u2019ai jamais pu m\u2019y rendre. Cela dit, il y a quelque chose qui reste assez flou, c\u2019est le cheminement des gens du groupe culture jusqu\u2019au Cardan. Mais, peut-\u00eatre que c\u2019est mieux que je ne sache pas d\u2019o\u00f9 ils viennent. Ils sont l\u00e0 et c\u2019est tr\u00e8s bien comme \u00e7a.<\/p>\n<p style=\"text-align: justify;\">Il y a quelque chose qui me manque tout de m\u00eame, c\u2019est un petit retour sur les spectacles vus par le groupe culture. On n\u2019a pas toujours ce temps et c\u2019est dommage. J\u2019imagine que c\u2019est une question de temps et si tout le monde leur demandait \u00e7a, ils ne s\u2019en sortiraient plus. Mais il faudrait penser \u00e0 quelque chose de succinct et de pratique comme une <em>\u00ab\u2009newsletter\u2009\u00bb<\/em> par exemple ou envoyer un petit mail le lundi suivant le spectacle du vendredi.<\/p>\n<p style=\"text-align: justify;\">Le lien avec la lecture est \u00e9vident, car le th\u00e9\u00e2tre ce sont des mots, le plaisir d\u2019un texte.<br \/>\nLa cr\u00e9dibilit\u00e9 du Cardan est totale, pour moi il n\u2019y a aucune frustration ni aucun \u00e9chec. L\u2019acte de sortie au th\u00e9\u00e2tre, m\u00eame si ce n\u2019est qu\u2019une fois, est essentiel. Mais je vois aussi des personnes qui se retrouvent comme des poissons dans l\u2019eau. Je pense \u00e0 une personne qui est un critique de th\u00e9\u00e2tre n\u00e9. \u00c7a m\u2019impressionne beaucoup\u2009\u00bb<\/p>\n","protected":false},"excerpt":{"rendered":"<p>Le point de vue de Julie Mayer, charg\u00e9e des relations avec\u00a0le public pour la Com\u00e9die de Picardie. \u00ab\u2009Nous menons depuis quatre ans un partenariat renforc\u00e9. Moi j\u2019occupe ce poste depuis [&hellip;]<\/p>\n","protected":false},"author":1,"featured_media":0,"comment_status":"closed","ping_status":"closed","sticky":false,"template":"","format":"standard","meta":{"footnotes":""},"categories":[231,10,204],"tags":[32,46,31,30,59,58,45,57],"class_list":["post-125","post","type-post","status-publish","format-standard","hentry","category-festivals","category-cardan","category-leitura-furiosa","tag-ctre-culturel-leo-lagrange","tag-culture","tag-groupes-culture","tag-le-cardan","tag-le-safran","tag-maison-de-la-culture","tag-partenariats","tag-theatre"],"_links":{"self":[{"href":"https:\/\/www.assocardan.org\/index.php?rest_route=\/wp\/v2\/posts\/125","targetHints":{"allow":["GET"]}}],"collection":[{"href":"https:\/\/www.assocardan.org\/index.php?rest_route=\/wp\/v2\/posts"}],"about":[{"href":"https:\/\/www.assocardan.org\/index.php?rest_route=\/wp\/v2\/types\/post"}],"author":[{"embeddable":true,"href":"https:\/\/www.assocardan.org\/index.php?rest_route=\/wp\/v2\/users\/1"}],"replies":[{"embeddable":true,"href":"https:\/\/www.assocardan.org\/index.php?rest_route=%2Fwp%2Fv2%2Fcomments&post=125"}],"version-history":[{"count":13,"href":"https:\/\/www.assocardan.org\/index.php?rest_route=\/wp\/v2\/posts\/125\/revisions"}],"predecessor-version":[{"id":5518,"href":"https:\/\/www.assocardan.org\/index.php?rest_route=\/wp\/v2\/posts\/125\/revisions\/5518"}],"wp:attachment":[{"href":"https:\/\/www.assocardan.org\/index.php?rest_route=%2Fwp%2Fv2%2Fmedia&parent=125"}],"wp:term":[{"taxonomy":"category","embeddable":true,"href":"https:\/\/www.assocardan.org\/index.php?rest_route=%2Fwp%2Fv2%2Fcategories&post=125"},{"taxonomy":"post_tag","embeddable":true,"href":"https:\/\/www.assocardan.org\/index.php?rest_route=%2Fwp%2Fv2%2Ftags&post=125"}],"curies":[{"name":"wp","href":"https:\/\/api.w.org\/{rel}","templated":true}]}}