{"id":1275,"date":"2012-07-11T18:40:21","date_gmt":"2012-07-11T16:40:21","guid":{"rendered":"http:\/\/www.assocardan.org\/?p=1275"},"modified":"2012-07-16T13:02:00","modified_gmt":"2012-07-16T11:02:00","slug":"apprendre-a-vivre-par-le-collectif-de-cayeux-sur-mer","status":"publish","type":"post","link":"https:\/\/www.assocardan.org\/?p=1275","title":{"rendered":"&#8220;Apprendre \u00e0 vivre&#8221;, par le collectif de Cayeux-sur-mer"},"content":{"rendered":"<p style=\"text-align: left;\"><em>&gt; <a title=\"Galerie Livre Cayeux\" href=\"http:\/\/www.assocardan.org\/?gallery=les-etapes-du-projet-du-livre-apprendre-a-vivre-photos-selectionnees-par-le-groupe \" target=\"_blank\">Retrouvez la galerie photo des \u00e9tapes du projet (images s\u00e9lectionn\u00e9es par le groupe).<\/a><\/em><\/p>\n<p style=\"text-align: center;\"><a href=\"http:\/\/www.assocardan.org\/wp-content\/uploads\/2012\/07\/Couv-Apprendreavivre.gif\"><img loading=\"lazy\" decoding=\"async\" class=\"wp-image-1276 alignleft\" title=\"Couv Apprendreavivre\" src=\"http:\/\/www.assocardan.org\/wp-content\/uploads\/2012\/07\/Couv-Apprendreavivre.gif\" alt=\"\" width=\"651\" height=\"1117\" srcset=\"https:\/\/www.assocardan.org\/wp-content\/uploads\/2012\/07\/Couv-Apprendreavivre.gif 723w, https:\/\/www.assocardan.org\/wp-content\/uploads\/2012\/07\/Couv-Apprendreavivre-174x300.gif 174w, https:\/\/www.assocardan.org\/wp-content\/uploads\/2012\/07\/Couv-Apprendreavivre-596x1024.gif 596w\" sizes=\"auto, (max-width: 651px) 100vw, 651px\" \/><\/a><a href=\"http:\/\/www.assocardan.org\/wp-content\/uploads\/2012\/07\/Couv-Apprendreavivre-copie.gif\"><br \/>\n<img loading=\"lazy\" decoding=\"async\" class=\"wp-image-1277 alignleft\" title=\"Couv Apprendreavivre - copie\" src=\"http:\/\/www.assocardan.org\/wp-content\/uploads\/2012\/07\/Couv-Apprendreavivre-copie.gif\" alt=\"\" width=\"637\" height=\"1093\" srcset=\"https:\/\/www.assocardan.org\/wp-content\/uploads\/2012\/07\/Couv-Apprendreavivre-copie.gif 708w, https:\/\/www.assocardan.org\/wp-content\/uploads\/2012\/07\/Couv-Apprendreavivre-copie-174x300.gif 174w, https:\/\/www.assocardan.org\/wp-content\/uploads\/2012\/07\/Couv-Apprendreavivre-copie-597x1024.gif 597w\" sizes=\"auto, (max-width: 637px) 100vw, 637px\" \/><\/a><\/p>\n","protected":false},"excerpt":{"rendered":"<p>&gt; Retrouvez la galerie photo des \u00e9tapes du projet (images s\u00e9lectionn\u00e9es par le groupe).<\/p>\n","protected":false},"author":1,"featured_media":1276,"comment_status":"closed","ping_status":"closed","sticky":false,"template":"","format":"standard","meta":{"footnotes":""},"categories":[75,72,91],"tags":[76,37,29],"class_list":["post-1275","post","type-post","status-publish","format-standard","has-post-thumbnail","hentry","category-livres-publications","category-publications","category-textes-avec-sans-ecrivain","tag-cayeux","tag-livres","tag-textes-2"],"_links":{"self":[{"href":"https:\/\/www.assocardan.org\/index.php?rest_route=\/wp\/v2\/posts\/1275","targetHints":{"allow":["GET"]}}],"collection":[{"href":"https:\/\/www.assocardan.org\/index.php?rest_route=\/wp\/v2\/posts"}],"about":[{"href":"https:\/\/www.assocardan.org\/index.php?rest_route=\/wp\/v2\/types\/post"}],"author":[{"embeddable":true,"href":"https:\/\/www.assocardan.org\/index.php?rest_route=\/wp\/v2\/users\/1"}],"replies":[{"embeddable":true,"href":"https:\/\/www.assocardan.org\/index.php?rest_route=%2Fwp%2Fv2%2Fcomments&post=1275"}],"version-history":[{"count":6,"href":"https:\/\/www.assocardan.org\/index.php?rest_route=\/wp\/v2\/posts\/1275\/revisions"}],"predecessor-version":[{"id":1954,"href":"https:\/\/www.assocardan.org\/index.php?rest_route=\/wp\/v2\/posts\/1275\/revisions\/1954"}],"wp:featuredmedia":[{"embeddable":true,"href":"https:\/\/www.assocardan.org\/index.php?rest_route=\/wp\/v2\/media\/1276"}],"wp:attachment":[{"href":"https:\/\/www.assocardan.org\/index.php?rest_route=%2Fwp%2Fv2%2Fmedia&parent=1275"}],"wp:term":[{"taxonomy":"category","embeddable":true,"href":"https:\/\/www.assocardan.org\/index.php?rest_route=%2Fwp%2Fv2%2Fcategories&post=1275"},{"taxonomy":"post_tag","embeddable":true,"href":"https:\/\/www.assocardan.org\/index.php?rest_route=%2Fwp%2Fv2%2Ftags&post=1275"}],"curies":[{"name":"wp","href":"https:\/\/api.w.org\/{rel}","templated":true}]}}