{"id":1472,"date":"2012-07-12T16:40:13","date_gmt":"2012-07-12T14:40:13","guid":{"rendered":"http:\/\/www.assocardan.org\/?p=1472"},"modified":"2012-07-12T16:46:07","modified_gmt":"2012-07-12T14:46:07","slug":"28-regards-sur-le-cardan","status":"publish","type":"post","link":"https:\/\/www.assocardan.org\/?p=1472","title":{"rendered":"28 regards sur le Cardan"},"content":{"rendered":"<p><strong><br \/>\n<a href=\"http:\/\/www.assocardan.org\/wp-content\/uploads\/2012\/07\/28regards1.gif\"><img loading=\"lazy\" decoding=\"async\" class=\"alignleft size-medium wp-image-1478\" style=\"border: 1px solid black;\" title=\"28regards\" src=\"http:\/\/www.assocardan.org\/wp-content\/uploads\/2012\/07\/28regards1-212x300.gif\" alt=\"\" width=\"212\" height=\"300\" srcset=\"https:\/\/www.assocardan.org\/wp-content\/uploads\/2012\/07\/28regards1-212x300.gif 212w, https:\/\/www.assocardan.org\/wp-content\/uploads\/2012\/07\/28regards1-724x1024.gif 724w, https:\/\/www.assocardan.org\/wp-content\/uploads\/2012\/07\/28regards1.gif 1241w\" sizes=\"auto, (max-width: 212px) 100vw, 212px\" \/><\/a>&#8220;28 Regards sur la Cardan&#8221;<\/strong><em><strong> est une publication parue en mars 2012\u00a0destin\u00e9e aux financeurs et aux partenaires du Cardan. Elle nous sert d&#8217;outil de travail, d&#8217;analyse, et d&#8217;am\u00e9lioration pour les b\u00e9n\u00e9voles, pour le Conseil d&#8217;Administration et pour les salari\u00e9s.\u00a0Voici son texte de pr\u00e9sentation : \u00a0<\/strong><\/em><\/p>\n<p><strong>Pourquoi ce document ?<\/strong><\/p>\n<p style=\"text-align: justify;\">Cela va de soi qu&#8217;aux financements publics octroy\u00e9s nous devons fournir les bilans financiers et d&#8217;activit\u00e9s. Les formulaires nous demandent de mentionner les indicateurs d&#8217;\u00e9valuation que nous allons utiliser.<br \/>\nAu cours d&#8217;une r\u00e9union de salari\u00e9s, nous avons choisi cinq entr\u00e9es \u2013 crit\u00e8res pour \u00e9tablir les bilans : le b\u00e9n\u00e9fice, la pertinence, la transf\u00e9rabilit\u00e9, le temps et les quantit\u00e9s.<br \/>\n\u00c0 une autre r\u00e9union de salari\u00e9s, nous avons d\u00e9cid\u00e9 de demander \u00e0 une personne ext\u00e9rieure \u00e0 l&#8217;association, et dont le m\u00e9tier est d&#8217;\u00e9crire, de questionner nos partenaires, des b\u00e9n\u00e9voles et des habitants. Nous avons convenu avec Ixchel Delaporte, journaliste, de la r\u00e9alisation de 28 entretiens avec les personnes \u2013 un \u00e9chantillon subjectif \u2013 que les salari\u00e9s proposaient.<br \/>\nCes entretiens devaient reprendre les cinq entr\u00e9es. Et nous les retrouvons dans l&#8217;ensemble des textes.<br \/>\n\u00c0 la lecture des portraits, des points de vue et des interviews, nous pouvons conna\u00eetre comment sont per\u00e7us le partenariat du Cardan et le fonctionnement de notre association dans les diff\u00e9rents territoires.<br \/>\nNous avons de quoi d\u00e9finir d&#8217;autres modes de travail et c&#8217;est bien cela la fonction du bilan : s&#8217;am\u00e9liorer.<br \/>\nIci dans ce document, chaque \u00e9l\u00e9ment de chaque texte est important pour analyser notre action, pour poser un nouveau regard sur ce que l&#8217;on fait. Parfois, nous serons amen\u00e9s \u00e0 les replacer dans le contexte pour une meilleure compr\u00e9hension et une vision plus pr\u00e9cise. Nous avons choisi de laisser l&#8217;expression des personnes sans apporter des \u00e9l\u00e9ments pour pond\u00e9rer, pour pr\u00e9ciser ou pour contextualiser. Nous irons dialoguer avec celui qui souhaitera la rencontre.<br \/>\nIl y a les impressions \u00e0 approfondir avec les personnes, notamment les \u00e9couter et penser le mode formel de la reconnaissance par des regroupements, par des renforcements de partenariats. Il y a de belles choses dites sur l&#8217;association. C&#8217;est tr\u00e8s plaisant, surtout de lire l&#8217;argumentation de ce qui est dit.<br \/>\nIl y a les diff\u00e9rentes critiques, par exemple quelques personnes trouvent que nous sommes visibles, d&#8217;autres moins et encore d&#8217;autres visibles et invisibles. La notion de visibilit\u00e9 n&#8217;est pas d\u00e9finie dans les propos, il faut que nous le fassions ensemble. J&#8217;aime penser que l&#8217;antonyme de\u00a0visibilit\u00e9 est discr\u00e9tion.<\/p>\n<p style=\"text-align: right;\"><strong>Luiz Rosas<\/strong><\/p>\n<p><a title=\"28 regards sur le Cardan \" href=\"http:\/\/www.assocardan.org\/wp-content\/uploads\/2012\/07\/28-regards-sur-le-Cardan.pdf\" target=\"_blank\">&gt;T\u00e9l\u00e9chargez ici l&#8217;int\u00e9gralit\u00e9 du document.\u00a0<\/a><\/p>\n","protected":false},"excerpt":{"rendered":"<p>&#8220;28 Regards sur la Cardan&#8221; est une publication parue en mars 2012\u00a0destin\u00e9e aux financeurs et aux partenaires du Cardan. Elle nous sert d&#8217;outil de travail, d&#8217;analyse, et d&#8217;am\u00e9lioration pour les [&hellip;]<\/p>\n","protected":false},"author":1,"featured_media":1473,"comment_status":"closed","ping_status":"closed","sticky":false,"template":"","format":"standard","meta":{"footnotes":""},"categories":[10,72],"tags":[84,86,30,85],"class_list":["post-1472","post","type-post","status-publish","format-standard","has-post-thumbnail","hentry","category-cardan","category-publications","tag-benevoles","tag-financeurs","tag-le-cardan","tag-partenaires"],"_links":{"self":[{"href":"https:\/\/www.assocardan.org\/index.php?rest_route=\/wp\/v2\/posts\/1472","targetHints":{"allow":["GET"]}}],"collection":[{"href":"https:\/\/www.assocardan.org\/index.php?rest_route=\/wp\/v2\/posts"}],"about":[{"href":"https:\/\/www.assocardan.org\/index.php?rest_route=\/wp\/v2\/types\/post"}],"author":[{"embeddable":true,"href":"https:\/\/www.assocardan.org\/index.php?rest_route=\/wp\/v2\/users\/1"}],"replies":[{"embeddable":true,"href":"https:\/\/www.assocardan.org\/index.php?rest_route=%2Fwp%2Fv2%2Fcomments&post=1472"}],"version-history":[{"count":4,"href":"https:\/\/www.assocardan.org\/index.php?rest_route=\/wp\/v2\/posts\/1472\/revisions"}],"predecessor-version":[{"id":1475,"href":"https:\/\/www.assocardan.org\/index.php?rest_route=\/wp\/v2\/posts\/1472\/revisions\/1475"}],"wp:featuredmedia":[{"embeddable":true,"href":"https:\/\/www.assocardan.org\/index.php?rest_route=\/wp\/v2\/media\/1473"}],"wp:attachment":[{"href":"https:\/\/www.assocardan.org\/index.php?rest_route=%2Fwp%2Fv2%2Fmedia&parent=1472"}],"wp:term":[{"taxonomy":"category","embeddable":true,"href":"https:\/\/www.assocardan.org\/index.php?rest_route=%2Fwp%2Fv2%2Fcategories&post=1472"},{"taxonomy":"post_tag","embeddable":true,"href":"https:\/\/www.assocardan.org\/index.php?rest_route=%2Fwp%2Fv2%2Ftags&post=1472"}],"curies":[{"name":"wp","href":"https:\/\/api.w.org\/{rel}","templated":true}]}}