{"id":1480,"date":"2012-07-12T16:53:42","date_gmt":"2012-07-12T14:53:42","guid":{"rendered":"http:\/\/www.assocardan.org\/?p=1480"},"modified":"2012-07-12T16:54:17","modified_gmt":"2012-07-12T14:54:17","slug":"par-chemin-ouvrage-collectif-realise-a-flixecourt","status":"publish","type":"post","link":"https:\/\/www.assocardan.org\/?p=1480","title":{"rendered":"Par chemins, ouvrage collectif r\u00e9alis\u00e9 \u00e0 Flixecourt"},"content":{"rendered":"<p><a href=\"http:\/\/www.assocardan.org\/wp-content\/uploads\/2012\/07\/couv-Par-chemins-2-2.gif\"><img loading=\"lazy\" decoding=\"async\" class=\"alignleft  wp-image-1481\" title=\"couv Par chemins 2-2\" src=\"http:\/\/www.assocardan.org\/wp-content\/uploads\/2012\/07\/couv-Par-chemins-2-2.gif\" alt=\"\" width=\"595\" height=\"879\" srcset=\"https:\/\/www.assocardan.org\/wp-content\/uploads\/2012\/07\/couv-Par-chemins-2-2.gif 1417w, https:\/\/www.assocardan.org\/wp-content\/uploads\/2012\/07\/couv-Par-chemins-2-2-203x300.gif 203w, https:\/\/www.assocardan.org\/wp-content\/uploads\/2012\/07\/couv-Par-chemins-2-2-693x1024.gif 693w\" sizes=\"auto, (max-width: 595px) 100vw, 595px\" \/><\/a><\/p>\n<p><img loading=\"lazy\" decoding=\"async\" class=\"alignleft  wp-image-1482\" style=\"border: 1px solid black;\" title=\"couv Par chemins 2-1\" src=\"http:\/\/www.assocardan.org\/wp-content\/uploads\/2012\/07\/couv-Par-chemins-2-1.gif\" alt=\"\" width=\"606\" height=\"830\" srcset=\"https:\/\/www.assocardan.org\/wp-content\/uploads\/2012\/07\/couv-Par-chemins-2-1.gif 673w, https:\/\/www.assocardan.org\/wp-content\/uploads\/2012\/07\/couv-Par-chemins-2-1-218x300.gif 218w\" sizes=\"auto, (max-width: 606px) 100vw, 606px\" \/><\/p>\n","protected":false},"excerpt":{"rendered":"","protected":false},"author":1,"featured_media":1481,"comment_status":"closed","ping_status":"closed","sticky":false,"template":"","format":"standard","meta":{"footnotes":""},"categories":[75,72],"tags":[87,37],"class_list":["post-1480","post","type-post","status-publish","format-standard","has-post-thumbnail","hentry","category-livres-publications","category-publications","tag-flixecourt","tag-livres"],"_links":{"self":[{"href":"https:\/\/www.assocardan.org\/index.php?rest_route=\/wp\/v2\/posts\/1480","targetHints":{"allow":["GET"]}}],"collection":[{"href":"https:\/\/www.assocardan.org\/index.php?rest_route=\/wp\/v2\/posts"}],"about":[{"href":"https:\/\/www.assocardan.org\/index.php?rest_route=\/wp\/v2\/types\/post"}],"author":[{"embeddable":true,"href":"https:\/\/www.assocardan.org\/index.php?rest_route=\/wp\/v2\/users\/1"}],"replies":[{"embeddable":true,"href":"https:\/\/www.assocardan.org\/index.php?rest_route=%2Fwp%2Fv2%2Fcomments&post=1480"}],"version-history":[{"count":2,"href":"https:\/\/www.assocardan.org\/index.php?rest_route=\/wp\/v2\/posts\/1480\/revisions"}],"predecessor-version":[{"id":1484,"href":"https:\/\/www.assocardan.org\/index.php?rest_route=\/wp\/v2\/posts\/1480\/revisions\/1484"}],"wp:featuredmedia":[{"embeddable":true,"href":"https:\/\/www.assocardan.org\/index.php?rest_route=\/wp\/v2\/media\/1481"}],"wp:attachment":[{"href":"https:\/\/www.assocardan.org\/index.php?rest_route=%2Fwp%2Fv2%2Fmedia&parent=1480"}],"wp:term":[{"taxonomy":"category","embeddable":true,"href":"https:\/\/www.assocardan.org\/index.php?rest_route=%2Fwp%2Fv2%2Fcategories&post=1480"},{"taxonomy":"post_tag","embeddable":true,"href":"https:\/\/www.assocardan.org\/index.php?rest_route=%2Fwp%2Fv2%2Ftags&post=1480"}],"curies":[{"name":"wp","href":"https:\/\/api.w.org\/{rel}","templated":true}]}}