{"id":1528,"date":"2012-05-15T17:56:38","date_gmt":"2012-05-15T15:56:38","guid":{"rendered":"http:\/\/www.assocardan.org\/?p=1528"},"modified":"2016-03-10T23:34:45","modified_gmt":"2016-03-10T22:34:45","slug":"brochure-des-rtextes-ecrits-lors-de-leitura-furiosa-2012-a-beja-portugal","status":"publish","type":"post","link":"https:\/\/www.assocardan.org\/?p=1528","title":{"rendered":"Brochure des textes \u00e9crits lors de Leitura Furiosa 2012, \u00e0 Beja, Portugal"},"content":{"rendered":"<p><em>Texte \u00e0 venir.<\/em><br \/>\n<a title=\"Brochure textes 2012, Beja, Portugal\" href=\"http:\/\/www.assocardan.org\/wp-content\/uploads\/2012\/07\/LEITURAFURIOSAseguranca.pdf\" target=\"_blank\"> &gt; T\u00e9l\u00e9chargez la brochure.<\/a><em><a href=\"http:\/\/www.assocardan.org\/wp-content\/uploads\/2012\/07\/LEITURAFURIOSAseguranca.gif\"><img loading=\"lazy\" decoding=\"async\" class=\"alignleft size-medium wp-image-1529\" title=\"LEITURAFURIOSAseguranca\" src=\"http:\/\/www.assocardan.org\/wp-content\/uploads\/2012\/07\/LEITURAFURIOSAseguranca-211x300.gif\" alt=\"\" width=\"211\" height=\"300\" srcset=\"https:\/\/www.assocardan.org\/wp-content\/uploads\/2012\/07\/LEITURAFURIOSAseguranca-211x300.gif 211w, https:\/\/www.assocardan.org\/wp-content\/uploads\/2012\/07\/LEITURAFURIOSAseguranca-721x1024.gif 721w, https:\/\/www.assocardan.org\/wp-content\/uploads\/2012\/07\/LEITURAFURIOSAseguranca.gif 875w\" sizes=\"auto, (max-width: 211px) 100vw, 211px\" \/><\/a><\/em><\/p>\n","protected":false},"excerpt":{"rendered":"<p>Texte \u00e0 venir. &gt; T\u00e9l\u00e9chargez la brochure.<\/p>\n","protected":false},"author":1,"featured_media":0,"comment_status":"closed","ping_status":"closed","sticky":false,"template":"","format":"standard","meta":{"footnotes":""},"categories":[24,231,204,205,157,23],"tags":[65,44,22,64,29],"class_list":["post-1528","post","type-post","status-publish","format-standard","hentry","category-leitura2009","category-festivals","category-leitura-furiosa","category-leitura-furiosa-2012","category-leitura-furiosa-2013","category-textes","tag-beja","tag-leitura-furiosa","tag-leitura-furiosa-2012","tag-portugal","tag-textes-2"],"_links":{"self":[{"href":"https:\/\/www.assocardan.org\/index.php?rest_route=\/wp\/v2\/posts\/1528","targetHints":{"allow":["GET"]}}],"collection":[{"href":"https:\/\/www.assocardan.org\/index.php?rest_route=\/wp\/v2\/posts"}],"about":[{"href":"https:\/\/www.assocardan.org\/index.php?rest_route=\/wp\/v2\/types\/post"}],"author":[{"embeddable":true,"href":"https:\/\/www.assocardan.org\/index.php?rest_route=\/wp\/v2\/users\/1"}],"replies":[{"embeddable":true,"href":"https:\/\/www.assocardan.org\/index.php?rest_route=%2Fwp%2Fv2%2Fcomments&post=1528"}],"version-history":[{"count":5,"href":"https:\/\/www.assocardan.org\/index.php?rest_route=\/wp\/v2\/posts\/1528\/revisions"}],"predecessor-version":[{"id":4517,"href":"https:\/\/www.assocardan.org\/index.php?rest_route=\/wp\/v2\/posts\/1528\/revisions\/4517"}],"wp:attachment":[{"href":"https:\/\/www.assocardan.org\/index.php?rest_route=%2Fwp%2Fv2%2Fmedia&parent=1528"}],"wp:term":[{"taxonomy":"category","embeddable":true,"href":"https:\/\/www.assocardan.org\/index.php?rest_route=%2Fwp%2Fv2%2Fcategories&post=1528"},{"taxonomy":"post_tag","embeddable":true,"href":"https:\/\/www.assocardan.org\/index.php?rest_route=%2Fwp%2Fv2%2Ftags&post=1528"}],"curies":[{"name":"wp","href":"https:\/\/api.w.org\/{rel}","templated":true}]}}