{"id":1535,"date":"2012-07-09T18:05:46","date_gmt":"2012-07-09T16:05:46","guid":{"rendered":"http:\/\/www.assocardan.org\/?p=1535"},"modified":"2016-03-10T23:27:46","modified_gmt":"2016-03-10T22:27:46","slug":"revue-de-liens-maj-120712","status":"publish","type":"post","link":"https:\/\/www.assocardan.org\/?p=1535","title":{"rendered":"Revue de liens sur Leitura Furiosia 2012 (Maj. 12\/07\/12)"},"content":{"rendered":"<p><span style=\"font-family: 'Times New Roman', serif;\">\u2022\u00a0<a href=\"http:\/\/noticias.centromariodionisio.org\/?p=3514\">[Not\u00edcias] Centro M\u00e1rio Dion\u00edsio \u00bb Arquivo \u00bb Como foi a Leitura Furiosa<\/a><\/span><\/p>\n<div>\n<div>\n<p>\u2022\u00a0<a href=\"http:\/\/www.bejadigital.pt\/NoticiaDisplay.aspx?ID=4616\">Beja Digital | O Portal do Baixo Alentejo<\/a><\/p>\n<p>&nbsp;<\/p>\n<\/div>\n<div>\u2022\u00a0<a href=\"http:\/\/blitz.sapo.pt\/leitura-furiosa=f81290\">LEITURA FURIOSA &#8211; BLITZ<\/a><\/div>\n<div><\/div>\n<div>\u2022\u00a0<a href=\"http:\/\/www.vozdaplanicie.pt\/index.php?q=C\/NEWSSHOW\/49019\">R\u00e1dio Voz da Plan\u00edcie 104.5 FM &#8212;- Beja<\/a><\/div>\n<div><\/div>\n<div>\u2022\u00a0<a href=\"http:\/\/cadeiraovoltaire.wordpress.com\/2012\/05\/08\/leitura-furiosa-2\/\">Leitura Furiosa | Cadeir\u00e3o Voltaire<\/a><\/div>\n<div><\/div>\n<div>\u2022\u00a0<a href=\"http:\/\/zildacardoso.blogs.sapo.pt\/132852.html\">Leitura Furiosa &#8211; O fio de Ariadne, Zilda Cardoso<\/a><\/div>\n<div><\/div>\n<div>\u2022\u00a0<a href=\"http:\/\/www.dglb.pt\/sites\/DGLB\/Portugues\/Agendacultural\/Paginas\/Casa_da_Achada_Mario_Dionisio.aspx\">&#8220;Leitura Furiosa&#8221;<\/a><a href=\"http:\/\/www.aquihacoisa.com\/Leitura-Furiosa-Sessao-publica_2012-05-18\">Leitura Furiosa (Sess\u00e3o p\u00fablica)<\/a><\/div>\n<\/div>\n","protected":false},"excerpt":{"rendered":"<p>\u2022\u00a0[Not\u00edcias] Centro M\u00e1rio Dion\u00edsio \u00bb Arquivo \u00bb Como foi a Leitura Furiosa \u2022\u00a0Beja Digital | O Portal do Baixo Alentejo &nbsp; \u2022\u00a0LEITURA FURIOSA &#8211; BLITZ \u2022\u00a0R\u00e1dio Voz da Plan\u00edcie 104.5 [&hellip;]<\/p>\n","protected":false},"author":1,"featured_media":0,"comment_status":"closed","ping_status":"closed","sticky":false,"template":"","format":"standard","meta":{"footnotes":""},"categories":[24,231,204,205,90],"tags":[44,22,64,92],"class_list":["post-1535","post","type-post","status-publish","format-standard","hentry","category-leitura2009","category-festivals","category-leitura-furiosa","category-leitura-furiosa-2012","category-revue-de-presse","tag-leitura-furiosa","tag-leitura-furiosa-2012","tag-portugal","tag-revue-de-presse-2"],"_links":{"self":[{"href":"https:\/\/www.assocardan.org\/index.php?rest_route=\/wp\/v2\/posts\/1535","targetHints":{"allow":["GET"]}}],"collection":[{"href":"https:\/\/www.assocardan.org\/index.php?rest_route=\/wp\/v2\/posts"}],"about":[{"href":"https:\/\/www.assocardan.org\/index.php?rest_route=\/wp\/v2\/types\/post"}],"author":[{"embeddable":true,"href":"https:\/\/www.assocardan.org\/index.php?rest_route=\/wp\/v2\/users\/1"}],"replies":[{"embeddable":true,"href":"https:\/\/www.assocardan.org\/index.php?rest_route=%2Fwp%2Fv2%2Fcomments&post=1535"}],"version-history":[{"count":5,"href":"https:\/\/www.assocardan.org\/index.php?rest_route=\/wp\/v2\/posts\/1535\/revisions"}],"predecessor-version":[{"id":5487,"href":"https:\/\/www.assocardan.org\/index.php?rest_route=\/wp\/v2\/posts\/1535\/revisions\/5487"}],"wp:attachment":[{"href":"https:\/\/www.assocardan.org\/index.php?rest_route=%2Fwp%2Fv2%2Fmedia&parent=1535"}],"wp:term":[{"taxonomy":"category","embeddable":true,"href":"https:\/\/www.assocardan.org\/index.php?rest_route=%2Fwp%2Fv2%2Fcategories&post=1535"},{"taxonomy":"post_tag","embeddable":true,"href":"https:\/\/www.assocardan.org\/index.php?rest_route=%2Fwp%2Fv2%2Ftags&post=1535"}],"curies":[{"name":"wp","href":"https:\/\/api.w.org\/{rel}","templated":true}]}}