{"id":1559,"date":"2012-07-14T10:07:11","date_gmt":"2012-07-14T08:07:11","guid":{"rendered":"http:\/\/www.assocardan.org\/?p=1559"},"modified":"2013-03-14T21:49:19","modified_gmt":"2013-03-14T20:49:19","slug":"pas-de-ceci-sans-cela-sinon-ecriture-collective","status":"publish","type":"post","link":"https:\/\/www.assocardan.org\/?p=1559","title":{"rendered":"Pas de ceci sans cela, sinon (\u00e9criture collective)"},"content":{"rendered":"<p><em>Texte \u00e9crit avec un groupe de rue en 2009.<\/em><\/p>\n<p><em>&gt; T\u00e9l\u00e9chargez l&#8217;int\u00e9gralit\u00e9 du livret illustr\u00e9.<span style=\"color: #ff0000;\"> (ce lien abim\u00e9 sera bient\u00f4t r\u00e9tabli).<\/span><a title=\"Pas de ceci sans cela, sinon\" href=\"http:\/\/www.assocardan.org\/wp-content\/uploads\/2012\/07\/pasdececi-1.pdf\"><br \/>\n<\/a><\/em><\/p>\n","protected":false},"excerpt":{"rendered":"<p>Texte \u00e9crit avec un groupe de rue en 2009. &gt; T\u00e9l\u00e9chargez l&#8217;int\u00e9gralit\u00e9 du livret illustr\u00e9. (ce lien abim\u00e9 sera bient\u00f4t r\u00e9tabli).<\/p>\n","protected":false},"author":1,"featured_media":3040,"comment_status":"closed","ping_status":"closed","sticky":false,"template":"","format":"standard","meta":{"footnotes":""},"categories":[91],"tags":[29],"class_list":["post-1559","post","type-post","status-publish","format-standard","has-post-thumbnail","hentry","category-textes-avec-sans-ecrivain","tag-textes-2"],"_links":{"self":[{"href":"https:\/\/www.assocardan.org\/index.php?rest_route=\/wp\/v2\/posts\/1559","targetHints":{"allow":["GET"]}}],"collection":[{"href":"https:\/\/www.assocardan.org\/index.php?rest_route=\/wp\/v2\/posts"}],"about":[{"href":"https:\/\/www.assocardan.org\/index.php?rest_route=\/wp\/v2\/types\/post"}],"author":[{"embeddable":true,"href":"https:\/\/www.assocardan.org\/index.php?rest_route=\/wp\/v2\/users\/1"}],"replies":[{"embeddable":true,"href":"https:\/\/www.assocardan.org\/index.php?rest_route=%2Fwp%2Fv2%2Fcomments&post=1559"}],"version-history":[{"count":4,"href":"https:\/\/www.assocardan.org\/index.php?rest_route=\/wp\/v2\/posts\/1559\/revisions"}],"predecessor-version":[{"id":3042,"href":"https:\/\/www.assocardan.org\/index.php?rest_route=\/wp\/v2\/posts\/1559\/revisions\/3042"}],"wp:featuredmedia":[{"embeddable":true,"href":"https:\/\/www.assocardan.org\/index.php?rest_route=\/wp\/v2\/media\/3040"}],"wp:attachment":[{"href":"https:\/\/www.assocardan.org\/index.php?rest_route=%2Fwp%2Fv2%2Fmedia&parent=1559"}],"wp:term":[{"taxonomy":"category","embeddable":true,"href":"https:\/\/www.assocardan.org\/index.php?rest_route=%2Fwp%2Fv2%2Fcategories&post=1559"},{"taxonomy":"post_tag","embeddable":true,"href":"https:\/\/www.assocardan.org\/index.php?rest_route=%2Fwp%2Fv2%2Ftags&post=1559"}],"curies":[{"name":"wp","href":"https:\/\/api.w.org\/{rel}","templated":true}]}}