{"id":216,"date":"2012-05-03T07:58:27","date_gmt":"2012-05-03T05:58:27","guid":{"rendered":"http:\/\/www.assocardan.org\/?p=216"},"modified":"2021-12-10T15:51:42","modified_gmt":"2021-12-10T14:51:42","slug":"des-ecrivains-expliquent-leitura-furiosa","status":"publish","type":"post","link":"https:\/\/www.assocardan.org\/?p=216","title":{"rendered":"Des \u00e9crivains expliquent Leitura Furiosa"},"content":{"rendered":"\n<figure class=\"wp-block-image\"><a href=\"http:\/\/www.assocardan.org\/wp-content\/uploads\/2012\/05\/P1050551-copie-2.jpg\"><img loading=\"lazy\" decoding=\"async\" width=\"1024\" height=\"496\" src=\"http:\/\/www.assocardan.org\/wp-content\/uploads\/2012\/05\/P1050551-copie-2-1024x496.jpg\" alt=\"\" class=\"wp-image-220\" title=\"P1050551 - copie 2\" srcset=\"https:\/\/www.assocardan.org\/wp-content\/uploads\/2012\/05\/P1050551-copie-2-1024x496.jpg 1024w, https:\/\/www.assocardan.org\/wp-content\/uploads\/2012\/05\/P1050551-copie-2-300x145.jpg 300w\" sizes=\"auto, (max-width: 1024px) 100vw, 1024px\" \/><\/a><\/figure>\n\n\n\n<p><span style=\"color: #ff0000;\"><\/span>Leitura Furiosa est un moment insolite.<br \/><span style=\"color: #ff0000;\"><strong> Nous l&#8217;avons cr\u00e9\u00e9e il y a 20 ans parce qu&#8217;il \u00e9tait difficile de trouver une place pour les non-lecteurs dans les salons du livre.<\/strong><\/span><br \/><span style=\"color: #ff0000;\"><strong> Leitura Furiosa dure trois jours dans la ville d&#8217;Amiens, dans le d\u00e9partement de la Somme et un peu ailleurs dans le monde.<\/strong><\/span><br \/><span style=\"color: #ff0000;\"><strong> Leitura Furiosa a des liens avec l&#8217;Afrique et le Portugal.<\/strong><\/span><br \/><span style=\"color: #ff0000;\"><strong> \u00c0 la m\u00eame date, des rencontres semblables ou identiques se d\u00e9roulent \u00e0 Kinshasa, \u00e0 Porto et \u00e0 Lisbonne.<\/strong><\/span><br \/><strong>Le vendredi, le samedi et le dimanche, des \u00e9crivains et des \u00e9crivaines rencontrent les habitants qui sont \u00e9loign\u00e9s de la pratique culturelle, notamment de l&#8217;\u00e9criture et de la lecture.<\/strong><br \/><strong>Le premier jour, ils parlent de leurs vies ou du monde.<\/strong><br \/><strong>Au matin du deuxi\u00e8me jour, les \u00e9crivains et \u00e9crivaines pr\u00e9sentent un texte qui prend en compte la rencontre de la veille.<\/strong><\/p>\n\n\n\n<div style=\"height:10px\" aria-hidden=\"true\" class=\"wp-block-spacer\"><\/div>\n\n\n\n<p>Ce n&#8217;est pas un reportage.<br \/>Nous demandons aux \u00e9crivains et \u00e9crivaines de prendre un risque litt\u00e9raire analogue au risque social pris par les habitants.<br \/>Il n&#8217;est pas \u00e9vident de rencontrer des personnes d&#8217;un autre monde social.<br \/>Il est terrifiant de faire ce que nous consid\u00e9rons hors de notre port\u00e9e, ce que nous consid\u00e9rons ne pas avoir le droit parce que nous sommes pauvres, parce que nous ne savons pas bien lire.<br \/><strong>Le texte est mis en fabrication et publi\u00e9 dans le journal r\u00e9gional <em>Le Courrier Picard<\/em> pendant que les groupes visitent biblioth\u00e8ques et librairies.<br \/>Le troisi\u00e8me jour, tous les textes de la veille, d&#8217;Amiens, du d\u00e9partement de la Somme, de l&#8217;Afrique et du Portugal sont lus \u00e0 la Maison de la culture d&#8217;Amiens, \u00e0 la Casa da Achada \u2013 Lisbonne, \u00e0 la biblioth\u00e8que de Beja et au Mus\u00e9e Serralves &#8211; Porto.<br \/>Ils sont lus par les habitants qui ont eu une formation de lecture \u00e0 haute voix.<\/strong><\/p>\n\n\n\n<p><strong><br \/><\/strong>Dans la semaine qui pr\u00e9c\u00e8de les rencontres, des \u00e9l\u00e8ves qui nous ne sont pas consid\u00e9r\u00e9s capables de lire en public, offrent \u00e0 la population d&#8217;Amiens des lectures dans les bus urbains.<br \/>Voil\u00e0 ce que nous rapportent quelques \u00e9crivains qui ont particip\u00e9 une ou plusieurs fois \u00e0 ces rencontres&nbsp;:<\/p>\n\n\n\n<div class=\"wp-block-image\"><figure class=\"alignleft\"><a href=\"http:\/\/www.assocardan.org\/wp-content\/uploads\/2012\/05\/P1050551.jpg\"><img loading=\"lazy\" decoding=\"async\" width=\"97\" height=\"300\" src=\"http:\/\/www.assocardan.org\/wp-content\/uploads\/2012\/05\/P1050551-97x300.jpg\" alt=\"\" class=\"wp-image-221\" title=\"P1050551\"\/><\/a><\/figure><\/div>\n\n\n\n<p><em>&#8221; Ch\u00e8re lectrice et cher lecteur<\/em><br \/><em>Gr\u00e2ce \u00e0&nbsp;des gens d\u00e9munis par les turbulences de la vie, \u00e9cart\u00e9s de la parole, j&#8217;ai pu lire sur les murs, scotch\u00e9 au fil des ateliers o\u00f9 ils ont pos\u00e9 quelques mots, combien le noir cohabite avec le soleil.<\/em><br \/><em>Je me suis sentie me d\u00e9construire pour me reconstruire autrement.<\/em><br \/><em>J&#8217;ai mesur\u00e9 la valeur profonde d&#8217;une g\u00e9n\u00e9rosit\u00e9 collective d\u00e9ploy\u00e9e en grande humilit\u00e9<\/em><br \/><em>J&#8217;ai d\u00e9couvert un lieu o\u00f9 je me suis vue aussi utile qu&#8217;inutile et j&#8217;ai mesur\u00e9, au plus pr\u00e8s, l&#8217;immense responsabilit\u00e9 de ce que je fais ou ne fais pas<\/em><br \/><em>J&#8217;ai constat\u00e9, encore une fois, combien nous partageons tous les m\u00eames maux et que, seul parfois, leur agencement diff\u00e8re<\/em><br \/><em>J&#8217;ai vu les cloisons fondre et rendre pour chacun la travers\u00e9e possible<\/em><br \/><em>J&#8217;ai salu\u00e9 des individus partag\u00e9s entre le besoin d&#8217;un regard et la volont\u00e9 de se d\u00e9charger du regard<\/em><br \/><em>J&#8217;ai parl\u00e9 \u00e0 des mamans aimantes, si d\u00e9sol\u00e9es d&#8217;avoir d\u00e9rap\u00e9<\/em><br \/><em>J&#8217;ai entendu des rires d\u00e9ferler, des bombes de joie exploser, surpris des regards s&#8217;animer, des \u00e9paules se redresser, des pas de danse s&#8217;amorcer\u2026<\/em><br \/><em>Et j&#8217;ai compris, surtout, que je n&#8217;\u00e9prouverai plus aucun plaisir \u00e0 bricoler avec les mots, si je ne m&#8217;applique pas, plus encore, \u00e0 exiger d&#8217;eux qu&#8217;ils disent quelque chose.<\/em><br \/><em>Je suis rentr\u00e9e diff\u00e9rente&nbsp;:&nbsp;je compose d\u00e9sormais avec une nouvelle fronti\u00e8re int\u00e9rieure, celle qui s\u00e9pare l&#8217;espace de l&#8217;avant Leitura Furiosa&nbsp;et de&nbsp;l&#8217;apr\u00e8s-Leitura Furiosa.<\/em><br \/><em>Je n&#8217;y \u00e9chapperai pas et je n&#8217;ai pas envie d&#8217;y \u00e9chapper.<\/em><br \/><em>Je vais revenir bien vite, achever le travail amorc\u00e9\u2026 une question de jours.<\/em><br \/><em>Voil\u00e0, ces quelques mots pour vous dire Leitura Furiosa.&#8221;<\/em><br \/><strong>Jeannine de Cardaillac<\/strong><\/p>\n\n\n\n<div style=\"height:20px\" aria-hidden=\"true\" class=\"wp-block-spacer\"><\/div>\n\n\n\n<div class=\"wp-block-image\"><figure class=\"alignleft\"><a href=\"http:\/\/www.assocardan.org\/wp-content\/uploads\/2012\/05\/P1050551-copie.jpg\"><img loading=\"lazy\" decoding=\"async\" width=\"134\" height=\"300\" src=\"http:\/\/www.assocardan.org\/wp-content\/uploads\/2012\/05\/P1050551-copie-134x300.jpg\" alt=\"\" class=\"wp-image-222\" title=\"P1050551 - copie\" srcset=\"https:\/\/www.assocardan.org\/wp-content\/uploads\/2012\/05\/P1050551-copie-134x300.jpg 134w, https:\/\/www.assocardan.org\/wp-content\/uploads\/2012\/05\/P1050551-copie-459x1024.jpg 459w, https:\/\/www.assocardan.org\/wp-content\/uploads\/2012\/05\/P1050551-copie.jpg 713w\" sizes=\"auto, (max-width: 134px) 100vw, 134px\" \/><\/a><\/figure><\/div>\n\n\n\n<p><em>&#8220;Pour moi, Leitura est une s\u00e9rie de formidables rencontres.<\/em><br \/><em> Tout d\u2019abord, avec un public que je ne croise jamais dans les autres manifestations autour du livre, un public qui, le plus souvent, craint l\u2019\u00e9crit et fuit tout ce qui peut tourner autour.<\/em><br \/><em> Ensuite, avec une \u00e9quipe organisatrice d\u00e9vou\u00e9e et comp\u00e9tente, une \u00e9quipe qui donne en plus une incontestable chaleur humaine \u00e0 la manifestation.<\/em><br \/><em> Encore, avec mes coll\u00e8gues qui go\u00fbtent avec d\u00e9lice l\u2019ambiance g\u00e9n\u00e9rale. Pour preuve, lorsque nous nous rencontrons ailleurs, les mots tr\u00e8s forts que nous \u00e9changeons autour de Leitura.<\/em><br \/><em> Enfin, avec moi-m\u00eame, car je dois m\u2019ouvrir aux autres et &#8220;exploiter&#8221; des ressources personnelles que j\u2019ignore souvent, mettre mes \u00e9motions au service de celles des membres de mon groupe, partager avec eux le plaisir d\u2019\u00eatre heureux autour de textes o\u00f9 chacun se retrouve.<\/em><br \/><em> Pour moi, Leitura est une irrempla\u00e7able occasion d\u2019amener vers l\u2019\u00e9crit des gens f\u00e2ch\u00e9s avec lui, de leur faire comprendre que notre langue n\u2019est pas r\u00e9serv\u00e9e \u00e0 une \u00e9lite, mais qu\u2019elle est un extraordinaire outil de partage des \u00e9motions. Les sourires \u00e9chang\u00e9s sont l\u00e0 pour en t\u00e9moigner.&#8221;<\/em><br \/><strong>Philippe Barbeau<\/strong><\/p>\n\n\n\n<div style=\"height:20px\" aria-hidden=\"true\" class=\"wp-block-spacer\"><\/div>\n\n\n\n<div class=\"wp-block-image\"><figure class=\"alignleft\"><a href=\"http:\/\/www.assocardan.org\/wp-content\/uploads\/2012\/05\/P1050551-copie-5.jpg\"><img loading=\"lazy\" decoding=\"async\" width=\"119\" height=\"300\" src=\"http:\/\/www.assocardan.org\/wp-content\/uploads\/2012\/05\/P1050551-copie-5-119x300.jpg\" alt=\"\" class=\"wp-image-223\" title=\"P1050551 - copie 5\" srcset=\"https:\/\/www.assocardan.org\/wp-content\/uploads\/2012\/05\/P1050551-copie-5-119x300.jpg 119w, https:\/\/www.assocardan.org\/wp-content\/uploads\/2012\/05\/P1050551-copie-5-407x1024.jpg 407w, https:\/\/www.assocardan.org\/wp-content\/uploads\/2012\/05\/P1050551-copie-5.jpg 653w\" sizes=\"auto, (max-width: 119px) 100vw, 119px\" \/><\/a><\/figure><\/div>\n\n\n\n<p><em>&#8220;Pour moi, Leitura est d\u2019abord un cadeau pour tout le monde, pour tous ceux qui y participent et y trouvent leur (s) bonheur (s), m\u00eame si c\u2019est parfois dans la douleur (pour tout le monde aussi) ou dans la sueur\u2026 C\u2019est aussi une magnifique occasion fournie \u00e0 tout ce monde pour se rencontrer (autour de l\u2019\u00e9crit, le m\u00e9tier des uns et la douleur des autres) et ce n\u2019est pas rien. Se rencontrer en dehors de nos cercles habituels d\u2019amis choisis, car c\u2019est vrai, m\u00eame si l\u2019on n\u2019y met pas forc\u00e9ment de la mauvaise volont\u00e9, de part et d\u2019autre, ce n\u2019est pas tr\u00e8s courant de voir tous ces gens venus d\u2019horizons diff\u00e9rents discuter ensemble et se retrouver pour faire vivre, exister un projet commun. Leitura devient un lieu o\u00f9 je retrouve des copains, parmi les auteurs \u00e9videmment, les organisateurs tout aussi \u00e9videmment, mais aussi parmi les gens d\u2019Amiens qui participent (les gamins du groupe, leurs mamans, leurs fr\u00e8res et s\u0153urs, leurs copains\u2026). Et vas-y qu\u2019on se tombe dans les bras, qu\u2019on se demande des nouvelles de la famille (des fois \u00e7a fait fr\u00e9mir\u2026) et \u00e7a c\u2019est \u00e9norme. Puis c\u2019est aussi un moment \u00e0 part pour tout le monde. Une parenth\u00e8se dans nos vies du monde de brutes ! J\u2019ai le sentiment que pendant trois jours, chacun se sent un peu plus fort, un peu plus fr\u00e8re, ou s\u0153ur, bref un peu plus humain que pendant les 362 autres de l\u2019ann\u00e9e. Et je crois qu\u2019il est l\u00e0 le grand plaisir de Leitura\u2026&#8221;<\/em><br \/><strong>Franck Prevost<\/strong><\/p>\n\n\n\n<div style=\"height:20px\" aria-hidden=\"true\" class=\"wp-block-spacer\"><\/div>\n\n\n\n<p><em>&#8220;Leitura Furiosa est une \u00e9norme trompe rose indien plant\u00e9e dans un champ de bl\u00e9 en herbe, une trompe en bois doux cercl\u00e9 de m\u00e9tal froid, confortable pour les audacieux qui voudraient s&#8217;y lover, d\u00e9sar\u00e7onnante, aux sons multiples, dissonants et n\u00e9anmoins harmonieux.&#8221;<\/em><br \/><strong>C\u00e9cile Roumigui\u00e8re<\/strong><\/p>\n\n\n\n<div style=\"height:20px\" aria-hidden=\"true\" class=\"wp-block-spacer\"><\/div>\n\n\n\n<p><em>&#8220;Leitura Furiosa est un truc de fou, le vivre ensemble absolu, une chose artistique extraordinaire, pr\u00e9cieuse comme un objet fragile, \u00e0 la fois dense et si vite pass\u00e9. Le contraire de la d\u00e9magogie, une entreprise fabuleuse qui nous met en paix avec nous-m\u00eames. (Surtout quand on n&#8217;en a pas la responsabilit\u00e9&#8230;)&#8221;<\/em><br \/><strong>Lydia Devos<\/strong><\/p>\n\n\n\n<div style=\"height:20px\" aria-hidden=\"true\" class=\"wp-block-spacer\"><\/div>\n\n\n\n<p><em>&#8220;Leitura Furiosa est une incarnation de la devise que j&#8217;ai trop souvent trouv\u00e9e fumeuse : Libert\u00e9, \u00c9galit\u00e9, Fraternit\u00e9. L\u00e0, elle est vive, vivante et vivace, et bon sang que \u00e7a fait du bien de le voir et d&#8217;y croire, et d&#8217;en \u00eatre !&#8221;<\/em><br \/><strong>Sophie Cherer<\/strong><\/p>\n\n\n\n<div style=\"height:20px\" aria-hidden=\"true\" class=\"wp-block-spacer\"><\/div>\n\n\n\n<p><em>&#8220;Leitura Furiosa est l&#8217;Utopie sans contrepartie o\u00f9 le chacun chez soi devient un tous ensemble, le terrain d&#8217;entente.&#8221;<\/em><br \/><strong>Lilas Nord<\/strong><\/p>\n\n\n\n<div style=\"height:20px\" aria-hidden=\"true\" class=\"wp-block-spacer\"><\/div>\n\n\n\n<p><em>&#8220;Leitura Furiosa est une exp\u00e9rience que tous les auteurs illustrateurs devraient vivre, pour ne jamais oublier les oubli\u00e9s de la lecture.&#8221;<\/em><br \/><strong>Magdalena Furiosa&nbsp;<\/strong><\/p>\n\n\n\n<div style=\"height:20px\" aria-hidden=\"true\" class=\"wp-block-spacer\"><\/div>\n\n\n\n<div class=\"wp-block-image\"><figure class=\"alignleft\"><a href=\"http:\/\/www.assocardan.org\/wp-content\/uploads\/2012\/05\/P1050551-copie-4.jpg\"><img loading=\"lazy\" decoding=\"async\" width=\"118\" height=\"300\" src=\"http:\/\/www.assocardan.org\/wp-content\/uploads\/2012\/05\/P1050551-copie-4-118x300.jpg\" alt=\"\" class=\"wp-image-224\" title=\"P1050551 - copie 4\" srcset=\"https:\/\/www.assocardan.org\/wp-content\/uploads\/2012\/05\/P1050551-copie-4-118x300.jpg 118w, https:\/\/www.assocardan.org\/wp-content\/uploads\/2012\/05\/P1050551-copie-4-404x1024.jpg 404w, https:\/\/www.assocardan.org\/wp-content\/uploads\/2012\/05\/P1050551-copie-4.jpg 679w\" sizes=\"auto, (max-width: 118px) 100vw, 118px\" \/><\/a><\/figure><\/div>\n\n\n\n<p><em>&#8220;Les alpinistes et les fourmis<\/em><br \/><em> Quand j&#8217;\u00e9tais plus jeune, j&#8217;ai appris que les fourmis pouvaient porter jusqu&#8217;\u00e0 50 fois leur poids.<\/em><br \/><em> Bal\u00e8ze, hein ?&nbsp;Sacr\u00e9es fourmis !&nbsp;C&#8217;est pas demain que les humains allaient m&#8217;impressionner autant !&nbsp;<\/em><br \/><em>Et puis, ce week-end, je suis all\u00e9 \u00e0 LEITURA FURIOSA. Et je me suis rendu compte que les fourmis, au fond, c&#8217;est pas grand-chose.<\/em><br \/><em>Car \u00e0 Leitura, j&#8217;ai vu des gens faire quelque chose de r\u00e9ellement incroyable : lire !<\/em><br \/><em>En public.<\/em><br \/><em>Des textes sur lesquels ils avaient travaill\u00e9 avec divers auteurs. Ou qui leur \u00e9taient soumis, car ils avaient le d\u00e9sir de participer \u00e0 l&#8217;\u00e9v\u00e8nement en surmontant leur handicap de lecture.<\/em><br \/><em>Lire devant plein de gens alors qu&#8217;on sait \u00e0 peine \u2013 voire pas du tout &#8211; le faire, c&#8217;est autre chose que porter cinquante fois son poids !<\/em><br \/><em>Les gens qui leur donnent cet espace d&#8217;expression, ce sont celles et ceux du CARDAN.Eux, ce sont plut\u00f4t des alpinistes : tous les matins, au travail, chacune et chacun d&#8217;entre eux vont devoir passer sa journ\u00e9e \u00e0 gravir une montagne de difficult\u00e9s.<\/em><br \/><em> Chaque jour, la montagne est nouvelle, et chacun(e) a la sienne, diff\u00e9rente de celles des autres.<\/em><br \/><em> Ils f\u00e9d\u00e8rent les bonnes volont\u00e9s associatives pour alphab\u00e9tiser, instruire, faire comprendre, enseigner, soutenir.<\/em><br \/><em> Ils rencontrent les gens en difficult\u00e9, les accueillent, les r\u00e9chauffent d&#8217;un th\u00e9 ou d&#8217;un caf\u00e9, les d\u00e9salt\u00e8rent d&#8217;un verre d&#8217;eau ou d&#8217;un sourire, leur parlent, les aident \u00e0 vivre un peu mieux.<\/em><br \/><em> Une fois par an, comme gravir 362 montagnes diff\u00e9rentes chacun(e) ne leur a pas suffi, ces fous organisent LEITURA FURIOSA.<\/em><br \/><em>O\u00f9 les non-lecteurs lisent.<\/em><br \/><em>Des textes \u00e9crits le vendredi soir, apr\u00e8s une seule journ\u00e9e de rencontre avec des auteur(e)s.<\/em><br \/><em>Avec juste le samedi apr\u00e8s-midi pour r\u00e9p\u00e9ter.<\/em><br \/><em>La nuit de samedi \u00e0 dimanche pour angoisser et mal dormir&nbsp;; se retourner dans ses draps de sueur en se disant qu&#8217;on n&#8217;ira pas.<\/em><br \/><em>Et le dimanche, ces textes, ils les lisent sur une grande sc\u00e8ne, avec un ordre de passage, des micros, des \u00e9clairages, du public. Bref, tout l&#8217;attirail pour rendre l&#8217;exercice intimidant pour n&#8217;importe qui.<\/em><br \/><em>M\u00eame des gens qui sauraient parfaitement lire.<\/em><\/p>\n\n\n\n<p><em>Ils lisent sur sc\u00e8ne<\/em><br \/><em> En tremblant comme des feuilles<\/em><br \/><em> En tenant leurs feuilles qui tremblent encore plus qu&#8217;eux<\/em><br \/><em> En suivant les mots avec l&#8217;index<\/em><br \/><em> En b\u00e9gayant<\/em><br \/><em> En se trompant et en reprenant<\/em><br \/><em> En se soutenant les un(e)s les autres<\/em><br \/><em> En postillonnant<\/em><br \/><em> En oscillant d&#8217;un pied sur l&#8217;autre<\/em><br \/><em> En ayant envie de faire pipi<\/em><br \/><em> En sentant des boules grossir dans leurs ventres<\/em><br \/><em> En se disant qu&#8217;ils seraient mieux n&#8217;importe o\u00f9 ailleurs qu&#8217;ici<\/em><br \/><em> En \u00e9tant terroris\u00e9(e)s<\/em><br \/><em> L&#8217;un(e) apr\u00e8s l&#8217;autre ou en groupe<\/em><br \/><em> Ils lisent sur sc\u00e8ne<\/em><\/p>\n\n\n\n<p><em>Au d\u00e9but, on ne comprend m\u00eame pas que ce qui se d\u00e9roule sous nos yeux tient du miraculeux. Parce qu&#8217;on sait lire, nous autres. Depuis tout petit : l&#8217;alphabet, ce n\u2019\u00e9tait rien ; les premi\u00e8res lectures, c&#8217;\u00e9tait du g\u00e2teau. Depuis &#8220;Oui Oui&#8221; jusqu&#8217;\u00e0 l&#8217;Emma de Flaubert, nous avons fini par trouver \u00e7a \u00e9vident.<br \/><\/em><em>Le Bac, \u00e7a oui, c&#8217;est flippant, mais le CP, parlez&nbsp;!, quelle rigolade !<br \/><\/em><em>La lecture, pour nous, c&#8217;est un peu comme respirer, \u00e0 l&#8217;apprentissage pr\u00e8s. Tellement lointain qu&#8217;on n&#8217;y pr\u00eate plus aucune attention.<\/em>&nbsp;<em>On est des brutes&nbsp;: on peut comprendre une notice, un panneau, une \u00e9tiquette, un menu, une posologie&nbsp;; saisir ce qui est \u00e9crit sur un bus qui roule, juste avec le coin de l&#8217;oeil&nbsp;; v\u00e9rifier une ordonnance, un emploi du temps, tenir un agenda, envoyer des cartes postales \u00e0 une vieille tante, r\u00e2ler en d\u00e9couvrant une facture&#8230; Tout cela est naturel.<br \/><\/em><em>Du coup, on perdrait presque patience.<br \/><\/em><em>On se dit que c&#8217;est un peu dommage pour les textes.<br \/><\/em><em>Et puis, on se rappelle que la personne qui a tant de mal \u00e0 d\u00e9chiffrer les mots sur sa feuille aujourd&#8217;hui, on a discut\u00e9 avec elle deux jours plus t\u00f4t, et elle nous semblait parfaitement normale.<br \/><\/em><em>Et on se souvient de l&#8217;anecdote narr\u00e9e par un auteur sur ce gamin, au restaurant universitaire du samedi midi, qui a inond\u00e9 ses frites de moutarde parce qu&#8217;il pensait que c&#8217;\u00e9tait \u00e9crit &#8220;mayonnaise&#8221; sur le distributeur.<br \/><\/em><em>Nous autres, on aurait su que c&#8217;\u00e9tait \u00e9crit &#8220;moutarde&#8221; rien qu&#8217;en balayant la salle d&#8217;un regard distrait.<br \/><\/em><em>L&#8217;illettrisme est un handicap invisible \u00e0 l&#8217;oeil nu.<br \/><\/em><em>Et parce qu&#8217;il est invisible, on a trop souvent tendance \u00e0 oublier qu&#8217;il existe.<br \/><\/em><em>Mais il est l\u00e0, sur sc\u00e8ne, devant nous.<br \/><\/em><em>En train de se prendre une belle racl\u00e9e !<br \/><\/em><em>Et \u00e7a, quand on le r\u00e9alise, \u00e7a devient jubilatoire.<br \/><\/em><em>Furieusement jubilatoire !&#8221;<br \/><\/em><strong>Gilles Larher<\/strong><\/p>\n\n\n\n<div style=\"height:20px\" aria-hidden=\"true\" class=\"wp-block-spacer\"><\/div>\n\n\n\n<div class=\"wp-block-image\"><figure class=\"alignleft\"><a href=\"http:\/\/www.assocardan.org\/wp-content\/uploads\/2012\/05\/P1050551-copie-3.jpg\"><img loading=\"lazy\" decoding=\"async\" width=\"114\" height=\"300\" src=\"http:\/\/www.assocardan.org\/wp-content\/uploads\/2012\/05\/P1050551-copie-3-114x300.jpg\" alt=\"\" class=\"wp-image-225\" title=\"P1050551 - copie 3\" srcset=\"https:\/\/www.assocardan.org\/wp-content\/uploads\/2012\/05\/P1050551-copie-3-114x300.jpg 114w, https:\/\/www.assocardan.org\/wp-content\/uploads\/2012\/05\/P1050551-copie-3-391x1024.jpg 391w\" sizes=\"auto, (max-width: 114px) 100vw, 114px\" \/><\/a><\/figure><\/div>\n\n\n\n<p><em>&#8220;Ne plus avoir peur des signes imprim\u00e9s sur le papier : dans le hall de la Maison de la culture, un animateur fait le clown avec un d\u00e9pliant, il l\u2019agite pour &#8220;faire tomber les mots par terre&#8221;, les coll\u00e9giens rient, surtout quand il leur dit : &#8220;Vous ne ramassez que ceux que vous aimez, les autres, on les laisse tomber.&#8221;<br \/><\/em><em>Jouer avec les mots&nbsp;: on s\u2019abrite sous l\u2019arbre \u00e0 lettres, on s\u2019arr\u00eate \u00e0 l\u2019atelier de mots-valises, on s\u2019initie \u00e0 la calligraphie, \u00e0 l\u2019imprimerie \u00e0 l\u2019ancienne&nbsp;; on s\u2019amuse avec proverbes et dictons, un dessinateur esquisse en trois images une histoire de votre invention.<\/em><\/p>\n\n\n\n<p><em> Inventer \u00e0 partir des livres qu\u2019on a lus&nbsp;: un bain de livres, de textes, tout au long de l\u2019ann\u00e9e, avec le Cardan, avec les biblioth\u00e8ques et les CDI. Inventer \u00e0 partir des rencontres, des lieux, des \u00e9v\u00e9nements de la vie.<\/em><br \/><em> Rencontrer en petit groupe un auteur, qui \u00e9crira un texte, reflet de cette rencontre. Le texte, relu et approuv\u00e9 par le groupe, sera illustr\u00e9, affich\u00e9, publi\u00e9 dans le Courrier Picard et dans un recueil, lu dans le grand th\u00e9\u00e2tre de la Maison de la culture.<\/em><br \/><em> D\u00e9couvrir avec curiosit\u00e9, \u00e9motion, respect, les textes tout frais \u00e9crits, lus par des professionnels, mais aussi par des personnes qui peinent \u00e0 lire, soutenues par les com\u00e9diens et par la salle solidaire et attentive.<\/em><br \/><em> Leitura Furiosa autorise, lib\u00e8re&nbsp;: c\u2019est une manifestation unique, qui repousse les limites, ouvre les portes \u00e0 tous, du jeune lecteur en l\u00e9g\u00e8re difficult\u00e9 \u00e0 l\u2019adulte illettr\u00e9, en passant par l\u2019\u00e9tranger et la personne handicap\u00e9e.<\/em><br \/><em> Chacun rentre chez lui avec un texte auquel il a particip\u00e9, avec un livre offert, choisi par lui chez le libraire, et dans sa t\u00eate des drames, des fantaisies, des phrases qu\u2019il aime.<br \/><\/em><em>Pendant Leitura Furiosa, on &#8220;prend l\u2019\u00e9crit par les cornes&#8221; dans une r\u00e9jouissante atmosph\u00e8re de f\u00eate.&#8221;<br \/><\/em><strong>Roselyne Morel&nbsp;<\/strong><\/p>\n","protected":false},"excerpt":{"rendered":"<p>Leitura Furiosa est un moment insolite. Nous l&#8217;avons cr\u00e9\u00e9e il y a 20 ans parce qu&#8217;il \u00e9tait difficile de trouver une place pour les non-lecteurs dans les salons du livre. [&hellip;]<\/p>\n","protected":false},"author":1,"featured_media":0,"comment_status":"closed","ping_status":"closed","sticky":false,"template":"","format":"standard","meta":{"footnotes":""},"categories":[24,231,204],"tags":[56,53,34,44,27,39,55,38,45,54,29],"class_list":["post-216","post","type-post","status-publish","format-standard","hentry","category-leitura2009","category-festivals","category-leitura-furiosa","tag-ecrivains","tag-kinshasa","tag-lecture","tag-leitura-furiosa","tag-leitura-furiosa-2009","tag-leitura-furiosa-2011","tag-lisbonne","tag-paroles","tag-partenariats","tag-porto","tag-textes-2"],"_links":{"self":[{"href":"https:\/\/www.assocardan.org\/index.php?rest_route=\/wp\/v2\/posts\/216","targetHints":{"allow":["GET"]}}],"collection":[{"href":"https:\/\/www.assocardan.org\/index.php?rest_route=\/wp\/v2\/posts"}],"about":[{"href":"https:\/\/www.assocardan.org\/index.php?rest_route=\/wp\/v2\/types\/post"}],"author":[{"embeddable":true,"href":"https:\/\/www.assocardan.org\/index.php?rest_route=\/wp\/v2\/users\/1"}],"replies":[{"embeddable":true,"href":"https:\/\/www.assocardan.org\/index.php?rest_route=%2Fwp%2Fv2%2Fcomments&post=216"}],"version-history":[{"count":9,"href":"https:\/\/www.assocardan.org\/index.php?rest_route=\/wp\/v2\/posts\/216\/revisions"}],"predecessor-version":[{"id":8713,"href":"https:\/\/www.assocardan.org\/index.php?rest_route=\/wp\/v2\/posts\/216\/revisions\/8713"}],"wp:attachment":[{"href":"https:\/\/www.assocardan.org\/index.php?rest_route=%2Fwp%2Fv2%2Fmedia&parent=216"}],"wp:term":[{"taxonomy":"category","embeddable":true,"href":"https:\/\/www.assocardan.org\/index.php?rest_route=%2Fwp%2Fv2%2Fcategories&post=216"},{"taxonomy":"post_tag","embeddable":true,"href":"https:\/\/www.assocardan.org\/index.php?rest_route=%2Fwp%2Fv2%2Ftags&post=216"}],"curies":[{"name":"wp","href":"https:\/\/api.w.org\/{rel}","templated":true}]}}