{"id":2234,"date":"2012-06-16T18:08:10","date_gmt":"2012-06-16T16:08:10","guid":{"rendered":"http:\/\/www.assocardan.org\/?p=2234"},"modified":"2016-03-10T21:48:41","modified_gmt":"2016-03-10T20:48:41","slug":"trois-textes-dabbeville","status":"publish","type":"post","link":"https:\/\/www.assocardan.org\/?p=2234","title":{"rendered":"Trois textes d&#8217;Abbeville"},"content":{"rendered":"<p style=\"text-align: justify;\"><span style=\"color: #ff0000;\"><strong>L&#8217;\u00e9crivain MICHEL LAUTRU\u00a0<\/strong><\/span>est venu \u00e0 Abbeville en 2011 pour<em> Leitura Furiosa<\/em>. Il a rencontr\u00e9 un groupe d&#8217;adultes. Il est revenu au mois d&#8217;Ao\u00fbt retrouver une partie du groupe et celles et ceux qui s&#8217;\u00e9taient rendus au <a title=\"Festival d'Avignon\" href=\"http:\/\/www.assocardan.org\/?tag=festival-davignon\">festival d&#8217;Avignon<\/a>. Ils ont \u00e9crit trois textes pour la manifestation <em>Ma Parole<\/em> 2011. Ces textes traitaient des loisirs. Ces textes ont ensuite \u00e9t\u00e9 travaill\u00e9s par le groupe de lecteurs qui travaillait avec la Compagnie Issue de Secours. Ces textes ont \u00e9t\u00e9 lu sur la sc\u00e8ne du Centre Culturel Jacques Tati le 3 d\u00e9cembre 2011.<\/p>\n<p>T\u00e9l\u00e9chargez :<br \/>\n&gt; <a title=\"Zebra III\" href=\"http:\/\/www.assocardan.org\/wp-content\/uploads\/2012\/07\/ZEBRA3.pdf\" target=\"_blank\">ZEBRA III<\/a><br \/>\n&gt; <a title=\"Quelques phrases\" href=\"http:\/\/www.assocardan.org\/wp-content\/uploads\/2012\/07\/MichelLAUTRU3.pdf\" target=\"_blank\">Quelques phrases. Des petits et grands bouts.<\/a><br \/>\n&gt; <a title=\"L\u00e0-haut\" href=\"http:\/\/www.assocardan.org\/wp-content\/uploads\/2012\/07\/LAHAUT.pdf\" target=\"_blank\">L\u00e0-haut.<\/a><\/p>\n","protected":false},"excerpt":{"rendered":"<p>L&#8217;\u00e9crivain MICHEL LAUTRU\u00a0est venu \u00e0 Abbeville en 2011 pour Leitura Furiosa. Il a rencontr\u00e9 un groupe d&#8217;adultes. Il est revenu au mois d&#8217;Ao\u00fbt retrouver une partie du groupe et celles [&hellip;]<\/p>\n","protected":false},"author":1,"featured_media":0,"comment_status":"closed","ping_status":"closed","sticky":false,"template":"","format":"standard","meta":{"footnotes":""},"categories":[231,204,221,91],"tags":[101,106,110,107,31,29],"class_list":["post-2234","post","type-post","status-publish","format-standard","hentry","category-festivals","category-leitura-furiosa","category-ma-parole","category-textes-avec-sans-ecrivain","tag-abbeville","tag-ctre-culturel-j-tati","tag-festival-davignon","tag-festival-ma-parole","tag-groupes-culture","tag-textes-2"],"_links":{"self":[{"href":"https:\/\/www.assocardan.org\/index.php?rest_route=\/wp\/v2\/posts\/2234","targetHints":{"allow":["GET"]}}],"collection":[{"href":"https:\/\/www.assocardan.org\/index.php?rest_route=\/wp\/v2\/posts"}],"about":[{"href":"https:\/\/www.assocardan.org\/index.php?rest_route=\/wp\/v2\/types\/post"}],"author":[{"embeddable":true,"href":"https:\/\/www.assocardan.org\/index.php?rest_route=\/wp\/v2\/users\/1"}],"replies":[{"embeddable":true,"href":"https:\/\/www.assocardan.org\/index.php?rest_route=%2Fwp%2Fv2%2Fcomments&post=2234"}],"version-history":[{"count":10,"href":"https:\/\/www.assocardan.org\/index.php?rest_route=\/wp\/v2\/posts\/2234\/revisions"}],"predecessor-version":[{"id":2701,"href":"https:\/\/www.assocardan.org\/index.php?rest_route=\/wp\/v2\/posts\/2234\/revisions\/2701"}],"wp:attachment":[{"href":"https:\/\/www.assocardan.org\/index.php?rest_route=%2Fwp%2Fv2%2Fmedia&parent=2234"}],"wp:term":[{"taxonomy":"category","embeddable":true,"href":"https:\/\/www.assocardan.org\/index.php?rest_route=%2Fwp%2Fv2%2Fcategories&post=2234"},{"taxonomy":"post_tag","embeddable":true,"href":"https:\/\/www.assocardan.org\/index.php?rest_route=%2Fwp%2Fv2%2Ftags&post=2234"}],"curies":[{"name":"wp","href":"https:\/\/api.w.org\/{rel}","templated":true}]}}