{"id":2694,"date":"2012-08-02T16:57:01","date_gmt":"2012-08-02T14:57:01","guid":{"rendered":"http:\/\/www.assocardan.org\/?p=2694"},"modified":"2012-11-17T13:38:49","modified_gmt":"2012-11-17T12:38:49","slug":"texte-sur-le-cardan-par-nathalie-gernez-benevole-a-abbeville","status":"publish","type":"post","link":"https:\/\/www.assocardan.org\/?p=2694","title":{"rendered":"Texte sur le Cardan, par Nathalie Gernez, b\u00e9n\u00e9vole \u00e0 Abbeville"},"content":{"rendered":"<p><!--more--><br \/>\n<strong>L\u2019humain (encore lui\u00a0!)<\/strong><\/p>\n<p>L\u2019humain mains mains \u2026<br \/>\nDes mains il y en a beaucoup au Cardan.<br \/>\nDes petites mains, des moyennes, des grandes aussi.<br \/>\nDes l\u2019hu il y en a moins.<br \/>\nDes humains, \u00e7a c\u2019est sur, il y en a plein\u00a0:<br \/>\nTout un \u00ab\u00a0tas\u00a0\u00bb de c\u0153urs qui battent, aiment, donnent, vibrent, cr\u00e9ent et esp\u00e8rent\u2026<\/p>\n<p>Ps Si on vient au Cardan en pensant n\u2019avoir qu\u2019\u00e0 donner, c\u2019est se tromper.<br \/>\nSi on vient au Cardan en pensant tout savoir c\u2019est illusoire.<br \/>\nMais pour tout cela il faut y venir pour le percevoir.<\/p>\n<p><em>Nathalie Gernez<br \/>\nFuriosa de la dolce vita Trop\u00e9a juillet 2012<br \/>\n<\/em><\/p>\n<p style=\"text-align: center;\"><em><a href=\"http:\/\/www.assocardan.org\/wp-content\/uploads\/2012\/08\/Nathalie_G.jpg\"><img loading=\"lazy\" decoding=\"async\" class=\"aligncenter  wp-image-2695\" title=\"Nathalie_G\" src=\"http:\/\/www.assocardan.org\/wp-content\/uploads\/2012\/08\/Nathalie_G-682x1024.jpg\" alt=\"\" width=\"546\" height=\"819\" srcset=\"https:\/\/www.assocardan.org\/wp-content\/uploads\/2012\/08\/Nathalie_G-682x1024.jpg 682w, https:\/\/www.assocardan.org\/wp-content\/uploads\/2012\/08\/Nathalie_G-200x300.jpg 200w\" sizes=\"auto, (max-width: 546px) 100vw, 546px\" \/><\/a>Photo de Xavier Cauchefer<\/em><\/p>\n","protected":false},"excerpt":{"rendered":"","protected":false},"author":1,"featured_media":2698,"comment_status":"closed","ping_status":"closed","sticky":false,"template":"","format":"standard","meta":{"footnotes":""},"categories":[88,10],"tags":[101,47,84,30],"class_list":["post-2694","post","type-post","status-publish","format-standard","has-post-thumbnail","hentry","category-benevoles-2","category-cardan","tag-abbeville","tag-benevolat","tag-benevoles","tag-le-cardan"],"_links":{"self":[{"href":"https:\/\/www.assocardan.org\/index.php?rest_route=\/wp\/v2\/posts\/2694","targetHints":{"allow":["GET"]}}],"collection":[{"href":"https:\/\/www.assocardan.org\/index.php?rest_route=\/wp\/v2\/posts"}],"about":[{"href":"https:\/\/www.assocardan.org\/index.php?rest_route=\/wp\/v2\/types\/post"}],"author":[{"embeddable":true,"href":"https:\/\/www.assocardan.org\/index.php?rest_route=\/wp\/v2\/users\/1"}],"replies":[{"embeddable":true,"href":"https:\/\/www.assocardan.org\/index.php?rest_route=%2Fwp%2Fv2%2Fcomments&post=2694"}],"version-history":[{"count":4,"href":"https:\/\/www.assocardan.org\/index.php?rest_route=\/wp\/v2\/posts\/2694\/revisions"}],"predecessor-version":[{"id":2831,"href":"https:\/\/www.assocardan.org\/index.php?rest_route=\/wp\/v2\/posts\/2694\/revisions\/2831"}],"wp:featuredmedia":[{"embeddable":true,"href":"https:\/\/www.assocardan.org\/index.php?rest_route=\/wp\/v2\/media\/2698"}],"wp:attachment":[{"href":"https:\/\/www.assocardan.org\/index.php?rest_route=%2Fwp%2Fv2%2Fmedia&parent=2694"}],"wp:term":[{"taxonomy":"category","embeddable":true,"href":"https:\/\/www.assocardan.org\/index.php?rest_route=%2Fwp%2Fv2%2Fcategories&post=2694"},{"taxonomy":"post_tag","embeddable":true,"href":"https:\/\/www.assocardan.org\/index.php?rest_route=%2Fwp%2Fv2%2Ftags&post=2694"}],"curies":[{"name":"wp","href":"https:\/\/api.w.org\/{rel}","templated":true}]}}