{"id":2716,"date":"2012-09-06T09:55:40","date_gmt":"2012-09-06T07:55:40","guid":{"rendered":"http:\/\/www.assocardan.org\/?p=2716"},"modified":"2016-07-26T15:09:50","modified_gmt":"2016-07-26T13:09:50","slug":"au-cardan-un-mercredi-matin-par-marie-christine-benevole-a-abbeville","status":"publish","type":"post","link":"https:\/\/www.assocardan.org\/?p=2716","title":{"rendered":"&#8220;Au Cardan, un mercredi matin&#8221;, par Marie-Christine (b\u00e9n\u00e9vole \u00e0 Abbeville)"},"content":{"rendered":"<p><!--more--><br \/>\nAu Cardan, un mercredi matin<\/p>\n<p>Dix heures et des poussi\u00e8res, le rituel de l&#8217;atelier d&#8217;\u00e9criture commence.<br \/>\nEchauffement :<br \/>\nLes peurs s&#8217;apaisent, les regards se posent, l&#8217;\u00e9coute s&#8217;active, le crayon s&#8217;\u00e9veille et les mots s&#8217;imbriquent avec souplesse.<br \/>\nLecture :<br \/>\nOn \u00e9change et partage ses \u00e9crits. On a r\u00e9ussit. Les yeux p\u00e9tillent, les sourires s&#8217;\u00e9largissent. On parle fort, on rit.<br \/>\nDes oiseaux s&#8217;envolent au-del\u00e0 du parc. Pour un moment s&#8217;\u00e9loigne la pesanteur, la peine et la douleur.<br \/>\nPetit instrument de cette m\u00e9tamorphose, je re\u00e7ois en cadeau cet instant de bonheur.<\/p>\n<p>McV<\/p>\n<p>&nbsp;<\/p>\n<hr \/>\n<h4 style=\"text-align: left;\"><strong>Esp\u00e9rance(s) est financ\u00e9 par :\u00a0<\/strong><\/h4>\n<h6 style=\"text-align: left;\"><strong><img loading=\"lazy\" decoding=\"async\" class=\"alignleft wp-image-5597\" src=\"http:\/\/www.assocardan.org\/wp-content\/uploads\/2016\/01\/logo_Ville-Acse_CMJN.jpg\" alt=\"logo_Ville-Acse\" width=\"90\" height=\"62\" srcset=\"https:\/\/www.assocardan.org\/wp-content\/uploads\/2016\/01\/logo_Ville-Acse_CMJN.jpg 300w, https:\/\/www.assocardan.org\/wp-content\/uploads\/2016\/01\/logo_Ville-Acse_CMJN-150x104.jpg 150w, https:\/\/www.assocardan.org\/wp-content\/uploads\/2016\/01\/logo_Ville-Acse_CMJN-100x69.jpg 100w\" sizes=\"auto, (max-width: 90px) 100vw, 90px\" \/><img loading=\"lazy\" decoding=\"async\" class=\"alignleft wp-image-5600\" src=\"http:\/\/www.assocardan.org\/wp-content\/uploads\/2016\/01\/logo_mobile.jpg\" alt=\"logo_cget\" width=\"50\" height=\"36\" srcset=\"https:\/\/www.assocardan.org\/wp-content\/uploads\/2016\/01\/logo_mobile.jpg 136w, https:\/\/www.assocardan.org\/wp-content\/uploads\/2016\/01\/logo_mobile-100x71.jpg 100w\" sizes=\"auto, (max-width: 50px) 100vw, 50px\" \/><img loading=\"lazy\" decoding=\"async\" class=\"alignleft wp-image-5567\" src=\"http:\/\/www.assocardan.org\/wp-content\/uploads\/2016\/03\/FCM-Lecture_Logo-e1459259344995.jpg\" alt=\"FCM-Lecture_Logo\" width=\"100\" height=\"50\" \/><img loading=\"lazy\" decoding=\"async\" class=\"alignleft wp-image-5598\" src=\"http:\/\/www.assocardan.org\/wp-content\/uploads\/2016\/01\/logoDRACMCC.jpg\" alt=\"logoDRACMCC\" width=\"56\" height=\"70\" srcset=\"https:\/\/www.assocardan.org\/wp-content\/uploads\/2016\/01\/logoDRACMCC.jpg 211w, https:\/\/www.assocardan.org\/wp-content\/uploads\/2016\/01\/logoDRACMCC-150x188.jpg 150w, https:\/\/www.assocardan.org\/wp-content\/uploads\/2016\/01\/logoDRACMCC-100x125.jpg 100w\" sizes=\"auto, (max-width: 56px) 100vw, 56px\" \/><img loading=\"lazy\" decoding=\"async\" class=\"alignleft wp-image-5599\" src=\"http:\/\/www.assocardan.org\/wp-content\/uploads\/2016\/01\/prefet-de-la-somme.jpg\" alt=\"pr\u00e9fet de la somme logo\" width=\"70\" height=\"70\" srcset=\"https:\/\/www.assocardan.org\/wp-content\/uploads\/2016\/01\/prefet-de-la-somme.jpg 200w, https:\/\/www.assocardan.org\/wp-content\/uploads\/2016\/01\/prefet-de-la-somme-150x150.jpg 150w, https:\/\/www.assocardan.org\/wp-content\/uploads\/2016\/01\/prefet-de-la-somme-100x100.jpg 100w\" sizes=\"auto, (max-width: 70px) 100vw, 70px\" \/><img loading=\"lazy\" decoding=\"async\" class=\"alignleft wp-image-5595\" src=\"http:\/\/www.assocardan.org\/wp-content\/uploads\/2016\/01\/conseil-departemental-somme.jpg\" alt=\"conseil departemental somme_logo\" width=\"60\" height=\"60\" srcset=\"https:\/\/www.assocardan.org\/wp-content\/uploads\/2016\/01\/conseil-departemental-somme.jpg 311w, https:\/\/www.assocardan.org\/wp-content\/uploads\/2016\/01\/conseil-departemental-somme-150x150.jpg 150w, https:\/\/www.assocardan.org\/wp-content\/uploads\/2016\/01\/conseil-departemental-somme-300x300.jpg 300w, https:\/\/www.assocardan.org\/wp-content\/uploads\/2016\/01\/conseil-departemental-somme-100x100.jpg 100w\" sizes=\"auto, (max-width: 60px) 100vw, 60px\" \/><img loading=\"lazy\" decoding=\"async\" class=\"alignleft wp-image-5594\" src=\"http:\/\/www.assocardan.org\/wp-content\/uploads\/2016\/01\/abbeville.png\" alt=\"abbeville_logo\" width=\"60\" height=\"60\" srcset=\"https:\/\/www.assocardan.org\/wp-content\/uploads\/2016\/01\/abbeville.png 300w, https:\/\/www.assocardan.org\/wp-content\/uploads\/2016\/01\/abbeville-150x150.png 150w, https:\/\/www.assocardan.org\/wp-content\/uploads\/2016\/01\/abbeville-100x100.png 100w\" sizes=\"auto, (max-width: 60px) 100vw, 60px\" \/><\/strong><\/h6>\n<p>&nbsp;<\/p>\n<p>&nbsp;<\/p>\n<p>&nbsp;<\/p>\n<h6><em>Nous remercions humblement le contribuable.<\/em><\/h6>\n<p>&nbsp;<\/p>\n","protected":false},"excerpt":{"rendered":"","protected":false},"author":1,"featured_media":2720,"comment_status":"closed","ping_status":"closed","sticky":false,"template":"","format":"standard","meta":{"footnotes":""},"categories":[88,10],"tags":[101,47,84,30],"class_list":["post-2716","post","type-post","status-publish","format-standard","has-post-thumbnail","hentry","category-benevoles-2","category-cardan","tag-abbeville","tag-benevolat","tag-benevoles","tag-le-cardan"],"_links":{"self":[{"href":"https:\/\/www.assocardan.org\/index.php?rest_route=\/wp\/v2\/posts\/2716","targetHints":{"allow":["GET"]}}],"collection":[{"href":"https:\/\/www.assocardan.org\/index.php?rest_route=\/wp\/v2\/posts"}],"about":[{"href":"https:\/\/www.assocardan.org\/index.php?rest_route=\/wp\/v2\/types\/post"}],"author":[{"embeddable":true,"href":"https:\/\/www.assocardan.org\/index.php?rest_route=\/wp\/v2\/users\/1"}],"replies":[{"embeddable":true,"href":"https:\/\/www.assocardan.org\/index.php?rest_route=%2Fwp%2Fv2%2Fcomments&post=2716"}],"version-history":[{"count":7,"href":"https:\/\/www.assocardan.org\/index.php?rest_route=\/wp\/v2\/posts\/2716\/revisions"}],"predecessor-version":[{"id":6054,"href":"https:\/\/www.assocardan.org\/index.php?rest_route=\/wp\/v2\/posts\/2716\/revisions\/6054"}],"wp:featuredmedia":[{"embeddable":true,"href":"https:\/\/www.assocardan.org\/index.php?rest_route=\/wp\/v2\/media\/2720"}],"wp:attachment":[{"href":"https:\/\/www.assocardan.org\/index.php?rest_route=%2Fwp%2Fv2%2Fmedia&parent=2716"}],"wp:term":[{"taxonomy":"category","embeddable":true,"href":"https:\/\/www.assocardan.org\/index.php?rest_route=%2Fwp%2Fv2%2Fcategories&post=2716"},{"taxonomy":"post_tag","embeddable":true,"href":"https:\/\/www.assocardan.org\/index.php?rest_route=%2Fwp%2Fv2%2Ftags&post=2716"}],"curies":[{"name":"wp","href":"https:\/\/api.w.org\/{rel}","templated":true}]}}