{"id":2890,"date":"2012-12-17T10:56:12","date_gmt":"2012-12-17T09:56:12","guid":{"rendered":"http:\/\/www.assocardan.org\/?p=2890"},"modified":"2016-03-10T21:41:53","modified_gmt":"2016-03-10T20:41:53","slug":"festival-ma-parole-22-decembre-2012-au-safran-amiens","status":"publish","type":"post","link":"https:\/\/www.assocardan.org\/?p=2890","title":{"rendered":"Festival &#8220;Ma Parole&#8221; 22 d\u00e9cembre 2012, au Safran (Amiens)"},"content":{"rendered":"<p><!--more--><\/p>\n<p><a href=\"http:\/\/www.assocardan.org\/wp-content\/uploads\/2012\/12\/AnnonceParole-11.gif\"><img loading=\"lazy\" decoding=\"async\" class=\"alignleft  wp-image-2893\" title=\"AnnonceParole-1\" src=\"http:\/\/www.assocardan.org\/wp-content\/uploads\/2012\/12\/AnnonceParole-11-512x1024.gif\" alt=\"\" width=\"307\" height=\"614\" srcset=\"https:\/\/www.assocardan.org\/wp-content\/uploads\/2012\/12\/AnnonceParole-11-512x1024.gif 512w, https:\/\/www.assocardan.org\/wp-content\/uploads\/2012\/12\/AnnonceParole-11-150x300.gif 150w, https:\/\/www.assocardan.org\/wp-content\/uploads\/2012\/12\/AnnonceParole-11.gif 596w\" sizes=\"auto, (max-width: 307px) 100vw, 307px\" \/><\/a><em>&#8220;Nous avons constat\u00e9 qu\u2019il n\u2019existait pas de lieu dans l\u2019espace r\u00e9gional o\u00f9 la parole \u2013 m\u00eame maladroite \u2013 des personnes en \u00e9tat de silence, en difficult\u00e9s sociales puisse \u00eatre\u00a0<\/em><em>exprim\u00e9e, r\u00e9par\u00e9e et restitu\u00e9e \u00e0 la population. Pour nous, Ma parole ne doit pas \u00eatre simplement une manifestation pour les personnes en difficult\u00e9s sociales, mais une manifestation de la parole, de la pens\u00e9e exprim\u00e9e.&#8221;<\/em><\/p>\n<p><strong>Le 22 d\u00e9cembre de 9h30 \u00e0 20h30, le Safran accueille Ma Parole.<\/strong><br \/>\n<a href=\"http:\/\/www.assocardan.org\/wp-content\/uploads\/2012\/12\/AnnonceParole-1.gif\"><br \/>\n<\/a><strong>| Causerie | Lecture | Typographie | Livres &amp; Journaux |<\/strong><\/p>\n<p><strong>&gt; 9 h 30<\/strong><br \/>\nAccueil du public avec le caf\u00e9 et autres breuvages<\/p>\n<p><strong>&gt; 10h &#8211; 11 h<\/strong><br \/>\nCauserie savante et populaire | Des insertions culturelles en paroles<\/p>\n<p><strong>&gt; 11h &#8211; 12 h 15<\/strong><br \/>\n<em>Une journ\u00e9e bien tranquille,<\/em> de Nicolas Jaillet (dur\u00e9e 16&#8242;)<br \/>\nLecteurs : Anicet Vasseur, Virginie Nourtier, Lise Brien, Tamimount Farrah, Laure Schmidt, Colette Vansteene, Jean-Luc Deguisne, St\u00e9phane Guffroy accompagn\u00e9s par Vincent Gougeat.<\/p>\n<p><em>Compote de gens,<\/em> de Gilles Lahrer<br \/>\napr\u00e8s la rencontre avec l&#8217;atelier MIS Relais social F.O.L. Amiens nord<br \/>\nlecteurs accompagn\u00e9s par Sibylle Luperce<br \/>\n<em>L&#8217;accident | Une simple journ\u00e9e citoyenne<\/em>\u00a0(dur\u00e9e 10&#8242; | 16&#8242;),\u00a0de Christian Roux, Violaine Goujon, Chantal Maison, Vincent Sangnier, Marie-Th\u00e9r\u00e8se Haudelain<br \/>\nlecteurs : Violaine Goujon, Chantal Maison, Vincent Sangnier, Marie-Th\u00e9r\u00e8se Haudelain, Martine Ferment, Josette Boulanger accompagn\u00e9s par Thomas Dupont<\/p>\n<p><em> 2003,<\/em> de Gilles Lahrer (dur\u00e9e 5&#8242;)<br \/>\nlectrice Dominique Leclerc accompagn\u00e9e par Omar Fellah<\/p>\n<p><em>Les apparences culturelles,<\/em> \u00e9criture collective (dur\u00e9e 5&#8242;)<br \/>\nde Christian Villette, Benoit Cerdan, Daniele Doll\u00e9, Jean Dancoisne, Alain Gallois, Delphine Lengrand<\/p>\n<p><strong>&gt; 12h30\/13h30<\/strong><br \/>\nRepas inscription n\u00e9cessaires : soupes, flamiche aux poireaux, salades, fromage, dessert<br \/>\n<strong>&gt; 13h45 &#8211; 17h<\/strong><br \/>\n<em>&#8220;en cours&#8221;,<\/em>\u00a0de Christine Beigel<br \/>\napr\u00e8s la rencontre avec des personnes \u00e0 l&#8217;espace rencontres \u00c9touvie APAP<\/p>\n<p><em>\u00a0Bougre d&#8217;\u00c2ne<\/em>, de Jeanine de Cardaillac (dur\u00e9e 10&#8242;)<br \/>\napr\u00e8s la rencontre de l&#8217;atelier d&#8217;Apprentissages de base de Doullens<br \/>\nAbdalla Baya,\u2028Rouviller Srey, Kaci A\u00efcha, Cad\u00e9e No\u00e9mie, Legrand Jeannine, Hareux Rudy, Raffi A\u00efda,\u2028Debeaulieu Francine, Debeaulieu Nathalie, Boulm\u00e9 Jacqueline, Roudjali Baya<br \/>\nlectrices accompagn\u00e9es par Omar Fellah<\/p>\n<p>extraits de <em>&#8220;Apprendre \u00e0 vivre&#8221;<\/em>, \u00a0(dur\u00e9e 10&#8242;),\u00a0\u00e9crit avec les travailleurs de l&#8217;ESAT Cayeux<\/p>\n<p><em>Mon petit jardin d&#8217;ailleurs | Moi, mon p\u00e8re | Pourquoi, l\u00e0-bas ?,\u00a0<\/em> de Nadine Brun-Cosme (dur\u00e9e 10 \u00e0 12&#8242;)<br \/>\nlecteurs accompagn\u00e9s par Hubert Mahela<\/p>\n<p><em>Les couleurs de chacun<\/em>, \u00e9crit par Hafid Aggoune et Amina Macqueron, B\u00e9n\u00e9dicte Dufrancatelle, Christiane Poliautre, Christine Olivier, Francine Chr\u00e9tien, Josiane Holleville, Marina Jaszinski, Martine Vandenneste, et Val\u00e9rie Pacceu lors d&#8217;une semaine de rencontre pendant octobre 2012 \u00e0 l&#8217;Abbaye de Saint Riquier.<br \/>\nlectrices accompagn\u00e9es par Nathalie Gernez.<\/p>\n<p><em>Histoires sans fin<\/em>, atelier th\u00e9\u00e2tre Beauval (dur\u00e9e 25&#8242;)<br \/>\navec Linda Bienaim\u00e9, Laurence Brailly, Laurent Camus, Yvonne Caron, Marie-Jos\u00e9e Chabot, S\u00e9bastien Douchet, Marie-Paule Fr\u00e9ville, Patrick Joly, Fr\u00e9d\u00e9ric Larivi\u00e8re, Christine Poir\u00e9, Riad Raffi, Claudette Routier, Nathalie Tellier, Annick Chauvet avec la Compagnie les gOsses<br \/>\napr\u00e8s la rencontre de textes de Rolland Dubillard, Jean Giraudoux, Diast\u00e8me, G\u00e9rald Chevrolet, Sacha Guitry, Jean Anouilh.<br \/>\n<em>Le centre social<\/em>, d&#8217;Eddy Pallaro (dur\u00e9e 10&#8242;)<br \/>\napr\u00e8s la rencontre avec Corinne Fortier, Lysiane Petit, Agn\u00e8s Leriche, Jennifer Pinet, Sarah Leriche et Tamara Fortier.<br \/>\nlectrices accompagn\u00e9es par Corinne Roussel et Isabelle Muguet<\/p>\n<p><em>&#8221; Si j&#8217;\u00e9tais pr\u00e9sident&#8221; | &#8220;po\u00e8me \u00e0 une vieille personne&#8221; | &#8220;Chanson de la prudence&#8221;<\/em> et <em>&#8220;lettre \u00e0 la fatigue&#8221;,\u00a0<\/em>de C\u00e9dric Bonfils (dur\u00e9e 10&#8242;)<br \/>\napr\u00e8s la rencontre avec les habitants d&#8217;Elbeuf<br \/>\nCindy Mercier, M\u00e9lina Figuin, Marie Agn\u00e8s R\u00e9villion, Sylvie Delahaye et Fr\u00e9d\u00e9ric Fran\u00e7ois avec C\u00e9dric Bonfils<\/p>\n<p><strong>&gt; 18 h<\/strong><br \/>\nSpectacle surprise<\/p>\n<p><strong>&gt; 19 h\/20 h 30<\/strong><br \/>\nAuberge Espagnole<br \/>\n<em>Le repas du samedi soir est ouvert. Le principe est : chacun apporte, selon ses moyens quelque chose \u00e0 partager : un plat, un g\u00e2teau, une boisson\u2026 Tout est mis sur une table et chacun peut venir piocher, go\u00fbter ce qui lui pla\u00eet.<\/em><br \/>\n<em>&#8220;De chacun selon ses moyens, \u00e0 chacun selon ses besoins&#8221;.<\/em><\/p>\n","protected":false},"excerpt":{"rendered":"<p>&#8220;Nous avons constat\u00e9 qu\u2019il n\u2019existait pas de lieu dans l\u2019espace r\u00e9gional o\u00f9 la parole \u2013 m\u00eame maladroite \u2013 des personnes en \u00e9tat de silence, en difficult\u00e9s sociales puisse \u00eatre exprim\u00e9e, r\u00e9par\u00e9e et restitu\u00e9e \u00e0 la population. Pour nous, Ma parole ne doit pas \u00eatre simplement une manifestation pour les personnes en difficult\u00e9s sociales, mais une manifestation de la parole, de la pens\u00e9e exprim\u00e9e.&#8221;<\/p>\n","protected":false},"author":1,"featured_media":2891,"comment_status":"closed","ping_status":"closed","sticky":false,"template":"","format":"standard","meta":{"footnotes":""},"categories":[81,231,221],"tags":[105,56,107,34],"class_list":["post-2890","post","type-post","status-publish","format-standard","has-post-thumbnail","hentry","category-cest-passe","category-festivals","category-ma-parole","tag-ecriture","tag-ecrivains","tag-festival-ma-parole","tag-lecture"],"_links":{"self":[{"href":"https:\/\/www.assocardan.org\/index.php?rest_route=\/wp\/v2\/posts\/2890","targetHints":{"allow":["GET"]}}],"collection":[{"href":"https:\/\/www.assocardan.org\/index.php?rest_route=\/wp\/v2\/posts"}],"about":[{"href":"https:\/\/www.assocardan.org\/index.php?rest_route=\/wp\/v2\/types\/post"}],"author":[{"embeddable":true,"href":"https:\/\/www.assocardan.org\/index.php?rest_route=\/wp\/v2\/users\/1"}],"replies":[{"embeddable":true,"href":"https:\/\/www.assocardan.org\/index.php?rest_route=%2Fwp%2Fv2%2Fcomments&post=2890"}],"version-history":[{"count":8,"href":"https:\/\/www.assocardan.org\/index.php?rest_route=\/wp\/v2\/posts\/2890\/revisions"}],"predecessor-version":[{"id":5427,"href":"https:\/\/www.assocardan.org\/index.php?rest_route=\/wp\/v2\/posts\/2890\/revisions\/5427"}],"wp:featuredmedia":[{"embeddable":true,"href":"https:\/\/www.assocardan.org\/index.php?rest_route=\/wp\/v2\/media\/2891"}],"wp:attachment":[{"href":"https:\/\/www.assocardan.org\/index.php?rest_route=%2Fwp%2Fv2%2Fmedia&parent=2890"}],"wp:term":[{"taxonomy":"category","embeddable":true,"href":"https:\/\/www.assocardan.org\/index.php?rest_route=%2Fwp%2Fv2%2Fcategories&post=2890"},{"taxonomy":"post_tag","embeddable":true,"href":"https:\/\/www.assocardan.org\/index.php?rest_route=%2Fwp%2Fv2%2Ftags&post=2890"}],"curies":[{"name":"wp","href":"https:\/\/api.w.org\/{rel}","templated":true}]}}