{"id":3241,"date":"2013-05-13T13:57:55","date_gmt":"2013-05-13T11:57:55","guid":{"rendered":"http:\/\/www.assocardan.org\/?p=3241"},"modified":"2016-03-10T23:12:36","modified_gmt":"2016-03-10T22:12:36","slug":"comment-va-se-derouler-leitura-furiosa-2013","status":"publish","type":"post","link":"https:\/\/www.assocardan.org\/?p=3241","title":{"rendered":"Comment va se d\u00e9rouler Leitura Furiosa 2013 ?"},"content":{"rendered":"<p style=\"text-align: justify;\"><strong><em><a href=\"http:\/\/www.assocardan.org\/wp-content\/uploads\/2013\/05\/LF2013.gif\"><img loading=\"lazy\" decoding=\"async\" class=\"alignleft size-full wp-image-3243\" src=\"http:\/\/www.assocardan.org\/wp-content\/uploads\/2013\/05\/LF2013.gif\" alt=\"LF2013\" width=\"200\" height=\"200\" \/><\/a>Avec la cuv\u00e9e\u00a02013, Leitura Furiosa ach\u00e8ve son troisi\u00e8me septennat. Celle-ci sera, n&#8217;en doutons pas, gouleyante et forte en bouche\u00a0!<\/em><\/strong><br \/>\n<em>Leitura<\/em> est une fourmili\u00e8re d&#8217;\u00e9nergies coordonn\u00e9es par l&#8217;infatigable association ami\u00e9noise Cardan. Le Cardan travaille toute l&#8217;ann\u00e9e, d&#8217;Amiens (des adultes de Saint Roch\u00a0; des jeunes et moins jeunes des quartiers Saint-Maurice, La Salamandre, Phil\u00e9as Lebesgue, Mercet, Pierre Rollin, Victorin Autier, Fafet, Colvert, Blanchard, Elbeuf, les voyageurs et le coll\u00e8ge \u00c9douard Lucas) \u00e0 Cayeux en passant par Flixecourt, Longueau, Abbeville (biblioth\u00e8que et des jeunes qui viendront du Marais Malicorne et des quartiers\u00a0: l&#8217;Esp\u00e9rance, Provinces, Soleil Levant, Bouleaux-Platanes, Menchecourt), Doullens, Corbie, Montdidier, Gamaches, Beaucamps-le-vieux, Beauvais, Friville-Escarbotin, Chepy, Rue. Ses \u00e9quipes de formateurs ne manquent pas d&#8217;initiatives renouvel\u00e9es pour collaborer avec les populations qui en sont d\u00e9sireuses.<br \/>\nChaque ann\u00e9e, ils invitent 3 \u00e0 4 dizaines d&#8217;auteurs de tous horizons litt\u00e9raires et leur font rencontrer des groupes. Dans ces groupes, des gens ayant quelques difficult\u00e9s dans leur quotidien. Ensemble, ils ont trois longues, pleines et belles journ\u00e9es pour partager, r\u00eaver, \u00e9crire, discuter, vivre des choses diff\u00e9rentes de leur quotidien et assister \u00e0 un grand spectacle.<\/p>\n<p style=\"text-align: justify;\">Le vendredi a lieu la rencontre\u00a0: chaque auteur, accompagn\u00e9 par un membre du Cardan ou d&#8217;une association proche, fait la connaissance d&#8217;un groupe de personnes. Le matin et l&#8217;apr\u00e8s-midi, des liens se tissent\u00a0: on discute beaucoup, on sait aussi se taire (parfois, le silence est bien plus f\u00e9cond que la parole), on change de sujet, on dit des choses sans en avoir l&#8217;air, on digresse, on rit, on boude, on se livre\u00a0: bref, les \u00e9changes peuvent rev\u00eatir toutes les formes imaginables.<br \/>\nDans la foul\u00e9e, l&#8217;auteur doit composer un texte (ou une chanson) qui rendra compte de ce qu&#8217;il (ou elle) a entendu, de ce que le groupe a fait savoir important\u00a0: en somme, un reflet de cette journ\u00e9e particuli\u00e8re qui n&#8217;est pas encore termin\u00e9e. R\u00e8gle d&#8217;or\u00a0: le texte doit \u00eatre termin\u00e9 co\u00fbte que co\u00fbte (et il en co\u00fbte parfois beaucoup d&#8217;heures de sommeil perdues\u00a0!), afin d&#8217;\u00eatre lu le lendemain. Aussit\u00f4t termin\u00e9, il est envoy\u00e9 au Cardan, qui proc\u00e8de aux premi\u00e8res corrections et aux premi\u00e8res traductions (car Leitura se joue aussi au Portugal, et dans quatre villes diff\u00e9rentes\u00a0: Lisbonne, Guimar\u00e3es, Beja et Porto).<\/p>\n<p style=\"text-align: justify;\">Le samedi matin, tout le monde se retrouve \u00e0 la MAC*, et les auteurs font d\u00e9couvrir leur texte au groupe. S&#8217;il s&#8217;y retrouve sans r\u00e9serve, c&#8217;est parfait. Sinon, l&#8217;auteur doit revoir sa copie, autant de fois que n\u00e9cessaire.<br \/>\nUne fois le texte valid\u00e9, il est repris par les correcteurs du Cardan. Chaque texte aura droit \u00e0 une illustration originale et une traduction en portugais. S&#8217;y ajouteront quelques-uns des textes \u00e9crits au Portugal au m\u00eame moment. Apr\u00e8s le repas commun du midi, les groupes se dispersent dans la ville, accompagn\u00e9s de \u00ab\u00a0leur\u00a0\u00bb auteur. Tourisme tranquille, promenade, et surtout, visite de Pages d&#8217;Encre ou Le Labyrinthe, librairies bien connues du centre-ville, o\u00f9 les membres des groupes peuvent d\u00e9penser un bon d&#8217;achat de douze euros bien m\u00e9rit\u00e9.<br \/>\nPendant ce temps, c&#8217;est la fr\u00e9n\u00e9sie \u00e0 la MAC\u00a0: les r\u00e9p\u00e9titions s&#8217;encha\u00eenent. Durant ce seul apr\u00e8s-midi, le spectacle du lendemain doit \u00eatre mis sur pied\u00a0: lectures, sketches, chansons, clowns. Les textes valid\u00e9s le matin-m\u00eame sont d\u00e9j\u00e0 en r\u00e9p\u00e9titions\u00a0! En quelques heures, tout est mis en place.<\/p>\n<p style=\"text-align: justify;\">Le dimanche, d\u00e8s l&#8217;arriv\u00e9e, c&#8217;est la stupeur\u00a0: la MAC est remplie d&#8217;affiches avec les textes de la veille, illustr\u00e9s et agr\u00e9ment\u00e9s des pr\u00e9noms des auteurs. Chacun se retrouve devant \u00ab\u00a0son\u00a0\u00bb texte, \u00e9crit avec \u00ab\u00a0son auteur\u00a0\u00bb. Tout le monde se r\u00e9jouit et prend des photos. \u00c0 l&#8217;accueil, des membres du Cardan renseignent et orientent, expliquent s&#8217;il le faut, et distribuent le programme. \u00c0 l&#8217;\u00e9tage, les deux librairies ont fait stand commun, pour proposer les \u0153uvres des auteurs invit\u00e9s. Le bar est ouvert et chacun peut s&#8217;y d\u00e9salt\u00e9rer gratuitement. Des tables et des chaises sont l\u00e0 pour se d\u00e9tendre les jambes, discuter ou chasser les autographes des auteurs pr\u00e9sents.<br \/>\nEt partout dans la MAC durant cette journ\u00e9e, des ateliers gratuits\u00a0: des activit\u00e9s pour tous les \u00e2ges o\u00f9 on peut s&#8217;initier \u00e0 l&#8217;imprimerie, \u00e0 la calligraphie, \u00e0 la s\u00e9rigraphie, \u00e0 diff\u00e9rentes langues, se faire portraiturer, etc. \u00c0 force de s&#8217;additionner, les bonnes volont\u00e9s se multiplient, deviennent exponentielles\u00a0: Leitura Furiosa, c&#8217;est l&#8217;entropie au sein de la MAC\u00a0!<br \/>\nLe matin et l&#8217;apr\u00e8s-midi, dans le Grand Th\u00e9\u00e2tre, les textes sont lus et interpr\u00e9t\u00e9s sur sc\u00e8ne. Leurs cr\u00e9ateurs peuvent alors entendre le fruit de la rencontre du vendredi. Le grand spectacle r\u00e9gale les spectateurs, les \u00e9meut et les r\u00e9jouit. En fin de journ\u00e9e, ils peuvent rentrer chez eux avec plein de bons souvenirs en t\u00eate et des sourires \u00e0 croquer dans le monde comme une pomme bien juteuse.<\/p>\n<p style=\"text-align: justify;\"><em>*MAC\u00a0: Maison de la Culture d&#8217;Amiens<\/em><\/p>\n","protected":false},"excerpt":{"rendered":"<p>Avec la cuv\u00e9e\u00a02013, Leitura Furiosa ach\u00e8ve son troisi\u00e8me septennat. Celle-ci sera, n&#8217;en doutons pas, gouleyante et forte en bouche\u00a0! Leitura est une fourmili\u00e8re d&#8217;\u00e9nergies coordonn\u00e9es par l&#8217;infatigable association ami\u00e9noise Cardan. [&hellip;]<\/p>\n","protected":false},"author":1,"featured_media":0,"comment_status":"closed","ping_status":"closed","sticky":false,"template":"","format":"standard","meta":{"footnotes":""},"categories":[11,231,204,157],"tags":[44,158],"class_list":["post-3241","post","type-post","status-publish","format-standard","hentry","category-evenements","category-festivals","category-leitura-furiosa","category-leitura-furiosa-2013","tag-leitura-furiosa","tag-leitura-furiosa-2013-2"],"_links":{"self":[{"href":"https:\/\/www.assocardan.org\/index.php?rest_route=\/wp\/v2\/posts\/3241","targetHints":{"allow":["GET"]}}],"collection":[{"href":"https:\/\/www.assocardan.org\/index.php?rest_route=\/wp\/v2\/posts"}],"about":[{"href":"https:\/\/www.assocardan.org\/index.php?rest_route=\/wp\/v2\/types\/post"}],"author":[{"embeddable":true,"href":"https:\/\/www.assocardan.org\/index.php?rest_route=\/wp\/v2\/users\/1"}],"replies":[{"embeddable":true,"href":"https:\/\/www.assocardan.org\/index.php?rest_route=%2Fwp%2Fv2%2Fcomments&post=3241"}],"version-history":[{"count":4,"href":"https:\/\/www.assocardan.org\/index.php?rest_route=\/wp\/v2\/posts\/3241\/revisions"}],"predecessor-version":[{"id":5485,"href":"https:\/\/www.assocardan.org\/index.php?rest_route=\/wp\/v2\/posts\/3241\/revisions\/5485"}],"wp:attachment":[{"href":"https:\/\/www.assocardan.org\/index.php?rest_route=%2Fwp%2Fv2%2Fmedia&parent=3241"}],"wp:term":[{"taxonomy":"category","embeddable":true,"href":"https:\/\/www.assocardan.org\/index.php?rest_route=%2Fwp%2Fv2%2Fcategories&post=3241"},{"taxonomy":"post_tag","embeddable":true,"href":"https:\/\/www.assocardan.org\/index.php?rest_route=%2Fwp%2Fv2%2Ftags&post=3241"}],"curies":[{"name":"wp","href":"https:\/\/api.w.org\/{rel}","templated":true}]}}