{"id":3247,"date":"2013-05-13T14:09:59","date_gmt":"2013-05-13T12:09:59","guid":{"rendered":"http:\/\/www.assocardan.org\/?p=3247"},"modified":"2016-03-10T23:10:45","modified_gmt":"2016-03-10T22:10:45","slug":"tout-le-programme-de-leitura-furiosa-2013-du-24-au-26-mai","status":"publish","type":"post","link":"https:\/\/www.assocardan.org\/?p=3247","title":{"rendered":"Tout le programme de LEITURA FURIOSA 2013 &#8211; du 24 au 26 mai"},"content":{"rendered":"<p style=\"text-align: center;\"><a href=\"http:\/\/www.assocardan.org\/wp-content\/uploads\/2013\/05\/Pre\u0301sentation_LF13-copie.gif\"><img loading=\"lazy\" decoding=\"async\" class=\"aligncenter wp-image-3248\" src=\"http:\/\/www.assocardan.org\/wp-content\/uploads\/2013\/05\/Pre\u0301sentation_LF13-copie.gif\" alt=\"Pre\u0301sentation_LF13 - copie\" width=\"596\" height=\"404\" \/><\/a><\/p>\n<p style=\"text-align: justify;\"><strong>Leitura Furiosa est un \u00e9trange ph\u00e9nom\u00e8ne qui s&#8217;abat implacablement tous les ans sur Amiens et sa p\u00e9riph\u00e9rie durant trois jours pleins. Pour qui ne l&#8217;a pas v\u00e9cue de l&#8217;int\u00e9rieur, il est bien difficile de saisir ce qu&#8217;elle est exactement. On pourrait la d\u00e9crire de cent fa\u00e7ons diff\u00e9rentes, et chaque fois oublier des \u00e9l\u00e9ments pourtant indispensables \u00e0 sa magie, qui sont tellement nombreux&#8230;<br \/>\nLeitura, c&#8217;est une rencontre, la d\u00e9couverte des maux dans l&#8217;\u00e9change des mots, des gens qui parlent \u00e0 des gens, qui regardent des gens, qui \u00e9coutent des gens, qui poussent des gens \u00e0 dire des choses, \u00e0 lire des choses, \u00e0 monter sur sc\u00e8ne, \u00e0 \u00eatre d&#8217;autres gens que le restant de l&#8217;ann\u00e9e: mais quand on a dit \u00e7a, on n&#8217;a pas encore tout dit ! C&#8217;est une confiance \u00e9chang\u00e9e, des \u00e9clats de rire, beaucoup d&#8217;\u00e9motions d&#8217;amplitudes diverses. C&#8217;est une baffe, aussi, en quelque sorte&#8230; Une baffe qui fait du bien ! Leitura \u00e7a secoue et \u00e7a donne envie de continuer.<br \/>\nMais en disant cela, on n&#8217;a pas parl\u00e9 du spectacle, de l&#8217;incroyable machinerie lanc\u00e9e par Le Cardan (qui g\u00e8re absolument tous les aspects pratiques d&#8217;une logistique \u00e0 rendre folle n&#8217;importe quelle arm\u00e9e romaine en campagne).<br \/>\nSurtout, surtout, on n&#8217;a pas parl\u00e9 des yeux des gens qui changent en trois jours, et de l&#8217;\u00e9clat qu&#8217;ils y ont gagn\u00e9. De certains soupirs et de certaines larmes du vendredi que l&#8217;alchimie leiturienne va transformer en sourires et en souvenirs qui r\u00e9chauffent.<\/strong><\/p>\n<p style=\"text-align: justify;\"><strong><em>Comme toute bonne valse digne de ce nom quand ce n&#8217;est pas Jacques Brel qui la compose, Leitura Furiosa se d\u00e9compose en trois temps, trois journ\u00e9es diff\u00e9rentes, chacune bien remplie.<\/em><\/strong><\/p>\n<p style=\"text-align: justify;\"><strong><span style=\"color: #ff0000;\">Jour 1: vendredi 24 mai 2013<\/span><\/strong><br \/>\nLe vendredi, les gens du Cardan sont sur le pied guerre: apr\u00e8s des mois d&#8217;efforts, Leitura, c&#8217;est maintenant !<br \/>\nD\u00e8s le matin, les auteurs arrivent en gare d&#8217;Amiens. Chacun b\u00e9n\u00e9ficie d&#8217;un accompagnant du Cardan ou d&#8217;une association proche. \u00c0 peine quitt\u00e9 le quai de gare, ils rejoignent d\u00e9j\u00e0 \u00ab\u00a0leur\u00a0\u00bb groupe. \u00c7a peut se passer \u00e0 Amiens ( des adultes de Saint Roch; des jeunes et moins jeunes des quartiers Saint-Maurice, La Salamandre, Phil\u00e9as Lebesgue, Mercet, Pierre Rollin, Victorin Autier, Fafet, Colvert, Blanchard, Elbeuf, les voyageurs et le coll\u00e8ge \u00c9douard Lucas ) Longueau, Abbeville (biblioth\u00e8que et des jeunes qui viendront du Marais Malicorne et des quartiers : l&#8217;Esp\u00e9rance, Provinces, Soleil Levant, Bouleaux-Platanes, Menchecourt), Cayeux, Doullens, Flixecourt, Corbie, Montdidier, Gamaches, Beaucamps-le-vieux, Beauvais, Friville-Escarbotin, Chepy, Rue. La manifestation a m\u00eame essaim\u00e9 \u00e0 Porto, Guimar\u00e3es, Beja et Lisbonne.<br \/>\nUne fois r\u00e9unis, tous ces gens discutent, boivent du caf\u00e9 en mangeant des g\u00e2teaux, s&#8217;arr\u00eatent le midi pour manger encore, et discutent tout l&#8217;apr\u00e8s-midi en reprenant parfois un caf\u00e9 (et les g\u00e2teaux qui auraient surv\u00e9cu au matin). L&#8217;auteur, outre le caf\u00e9 et les g\u00e2teaux, prend aussi des notes et \u00e9change sans rel\u00e2che.<br \/>\nSeconde partie de l&#8217;apr\u00e8s-midi: les membres des groupes doivent rentrer chez eux. Retour \u00e0 la base pour les membres du Cardan. Certains auteurs s&#8217;y retrouvent. D&#8217;autres rentrent chez leurs logeurs ou se choisissent un autre lieu pour y travailler au calme.<br \/>\nS&#8217;ensuit une intense activit\u00e9 intellectuelle (sans doute la mani\u00e8re la plus logique d&#8217;\u00e9liminer tout le sucre absorb\u00e9 dans la journ\u00e9e). Chaque auteur doit produire un texte bas\u00e9 sur l&#8217;exp\u00e9rience et les \u00e9changes de la journ\u00e9e. Il faut prendre le temps n\u00e9cessaire, quitte \u00e0 y laisser des heures de sommeil, mais chaque texte doit \u00eatre pr\u00eat pour la lecture du lendemain matin. Le premier temps touche \u00e0 sa fin; la premi\u00e8re d\u00e9ferlante se retire&#8230;<\/p>\n<p style=\"text-align: justify;\"><strong><span style=\"color: #ff0000;\">Jour 2: samedi 25 mai 2013<\/span><\/strong><br \/>\nAu matin, tout le monde se retrouve \u00e0 la MAC*, o\u00f9 les groupes cherchent un endroit afin que l&#8217;auteur lise le texte produit depuis la veille. Si les groupes se retrouvent dans le texte, il est \u00ab\u00a0valid\u00e9\u00a0\u00bb. Sinon, l&#8217;auteur doit le reprendre autant de fois que n\u00e9cessaire.<br \/>\nLes textes valid\u00e9s sont trait\u00e9s par les gens du Cardan. Ils sont corrig\u00e9s et mis en forme; illustr\u00e9s chacun d&#8217;un dessin original dans l&#8217;apr\u00e8s-midi. En parall\u00e8le, ils sont traduits et transmis \u00e0 Porto et Lisbonne ainsi qu&#8217;aux \u00e9quipes du spectacle.<br \/>\nLe midi, tout le monde se restaure dans un \u00e9tablissement collectif.<br \/>\nL&#8217;apr\u00e8s-midi, les groupes et leurs auteurs prolongent leur rencontre en se promenant dans la ville. Ils en profitent pour visiter deux librairies (le Labyrinthe et Pages d&#8217;Encre) o\u00f9 chaque membre des groupes peut d\u00e9penser son \u00ab\u00a0salaire de la sueur\u00a0\u00bb de la veille, un bon d&#8217;achat, en s&#8217;offrant un peu de lecture. La m\u00e9t\u00e9o \u00e9tant g\u00e9n\u00e9ralement cl\u00e9mente, on en profite aussi pour se promener et (re)d\u00e9couvrir la ville et ses nombreux charmes.<br \/>\nPendant ce temps, la MAC bruit litt\u00e9ralement de suractivit\u00e9. Partout les \u00e9quipes du spectacle proc\u00e8dent aux lectures, r\u00e9p\u00e9titions, essais de costumes, de mat\u00e9riels divers, d&#8217;\u00e9clairages, d&#8217;accessoires. Car tous les textes compos\u00e9s par les groupes vont \u00eatre mis en sc\u00e8ne et lus le dimanche-m\u00eame, c&#8217;est-\u00e0-dire le lendemain ! Tout doit \u00eatre pr\u00eat \u00e0 temps: c&#8217;est la seconde d\u00e9ferlante, tout aussi \u00e9nergique que la premi\u00e8re&#8230;<br \/>\nPourtant, encore une fois, le calme finit par reprendre le dessus et les gens rentrent chez eux tandis que dans le grand th\u00e9\u00e2tre et les nombreuses salles de la MAC, quelques r\u00e9p\u00e9titions s&#8217;ach\u00e8vent.<br \/>\nLe repas du soir rassemble membres du Cardan, lecteurs, b\u00e9n\u00e9voles et auteurs dans une salle commune. Tout le monde se r\u00e9jouit de participer \u00e0 cette belle aventure et peine \u00e0 r\u00e9aliser tout le travail accompli en quarante-huit heures.<\/p>\n<p style=\"text-align: justify;\"><strong><span style=\"color: #ff0000;\">Jour 3: dimanche 26 mai 2013<\/span><\/strong><br \/>\nLe dimanche est le grand jour. Le troisi\u00e8me temps qui termine la valse Leitura jusqu&#8217;\u00e0 l&#8217;an prochain.<br \/>\nD\u00e8s 10 heures, tout le monde se retrouve \u00e0 la MAC (qui est aussi ouverte au grand public ce jour-l\u00e0) et d\u00e9couvre, affich\u00e9s un peu partout, les textes produits. Chacun est agr\u00e9ment\u00e9 de son illustration originale. Une micro-d\u00e9ferlante se forme aussit\u00f4t\u00a0: celle des photos. On lit, on fait les fiers, on se prend en photo devant son texte, on v\u00e9rifie qu&#8217;il y a bien son nom marqu\u00e9 parmi ceux des auteurs, on laisse exploser ses joies. Cr\u00e9pitent des \u00ab\u00a0c&#8217;est nous ! C&#8217;est notre texte !\u00a0\u00bb<br \/>\nLa MAC n&#8217;est plus la MAC: la foule se r\u00e9pand dans les \u00e9tages du b\u00e2timent o\u00f9 sont dispers\u00e9s un grand nombre d&#8217;ateliers accessibles \u00e0 tous et totalement gratuits. Qu&#8217;on veuille s&#8217;initier \u00e0 la calligraphie, \u00e0 la typographie, \u00e0 la s\u00e9rigraphie, s&#8217;adonner \u00e0 des jeux de langues, contribuer \u00e0 des petites histoires en accord\u00e9on, se faire portraiturer, etc., tout \u2013 ou presque ! &#8211; est possible, si on sait patienter le temps qu&#8217;il faut dans une file d&#8217;attente.<br \/>\nEn bas, \u00e0 l&#8217;accueil, les membres du Cardan distribuent le programme, r\u00e9pondent aux questions diverses, connectent les gens, accompagnent. \u00c0 l&#8217;\u00e9tage, le bar est, lui aussi, ouvert \u00e0 tous et totalement gratuit. En face, non loin de l&#8217;entr\u00e9e du Grand Th\u00e9\u00e2tre, les deux librairies ont install\u00e9 un stand commun, avec les \u0153uvres des auteurs invit\u00e9s.<br \/>\nL&#8217;agitation monte encore d&#8217;un cran lorsque le Grand Th\u00e9\u00e2tre ouvre ses portes. Rapidement, le public investit la salle de spectacle. Le spectacle est la troisi\u00e8me d\u00e9ferlante de Leitura Furiosa (sa particularit\u00e9 \u00e9tant de se figer \u00e0 midi pour mieux reprendre apr\u00e8s le repas).<br \/>\nSur sc\u00e8ne, c&#8217;est l&#8217;agitation et le calme \u00e0 la fois. On lit des textes et on en chante certains, on danse, on joue la com\u00e9die; il y a de la musique et des interm\u00e8des avec des clowns. Le public se r\u00e9gale de partager ces instants. Les lectures ont cette particularit\u00e9 d&#8217;\u00eatre faites par des gens qui ont (ou ont eu) des difficult\u00e9s avec la lecture, justement. La f\u00e9brilit\u00e9 est visible \u00e0 l&#8217;\u0153il nu, mais c&#8217;est le plaisir, bien visible, qui l&#8217;emporte\u00a0: le grand plaisir du spectacle.<br \/>\nLe midi a lieu le pique-nique g\u00e9ant\u00a0: tout le monde a droit \u00e0 son sandwich, ses chips et son fruit. On se disperse dans la MAC et sur son parvis pour profiter de cet instant de r\u00e9pit, souvent ensoleill\u00e9.<br \/>\nUne fois tout le monde restaur\u00e9, le Grand Th\u00e9\u00e2tre rouvre ses portes et les lectures reprennent tandis que quelques auteurs signent des programmes au bar. La troisi\u00e8me d\u00e9ferlante reprend sa course sans rien avoir perdu de sa force\u00a0: les lectures repartent de plus belle, le public s&#8217;\u00e9chauffe, la vague prend encore de l&#8217;ampleur et, lors du grand final, tout le monde applaudit et se l\u00e8ve pour laisser exploser sa joie en acclamant celles et ceux qui sont mont\u00e9s sur sc\u00e8ne.<br \/>\nMais, d\u00e9j\u00e0 !, il faut quitter les lieux. La MAC se vide tandis que les vaillants b\u00e9n\u00e9voles rangent et nettoient. Tout le monde se salue et on se dit \u00e0 l&#8217;an prochain.<br \/>\nLorsque les portes se referment, rien ne pourrait laisser penser qu&#8217;un tel \u00e9v\u00e9nement a fait tant de bruit en ces lieux. Quand on visite une plage quelques jours apr\u00e8s une grosse temp\u00eate, bien malin qui pourrait en trouver trace sur le sable ou les rochers. Leitura, c&#8217;est la m\u00eame chose\u00a0: les librairies, la MAC, tous les lieux par lesquels elle est pass\u00e9e ont repris leur \u00e9tat initial. Pourtant les d\u00e9ferlantes sont pass\u00e9es par l\u00e0. Et tous les participants, quel que soit leur degr\u00e9 d&#8217;implication, ressortent gonfl\u00e9s \u00e0 bloc par ce bouillon d&#8217;\u00e9nergie.<br \/>\nLeitura Furiosa, c&#8217;est l&#8217;antidote aux 362 autres jours de l&#8217;ann\u00e9e.<\/p>\n<p style=\"text-align: justify;\"><em>* MAC\u00a0: Maison de la Culture d\u2019Amiens<\/em><\/p>\n","protected":false},"excerpt":{"rendered":"<p>Leitura Furiosa est un \u00e9trange ph\u00e9nom\u00e8ne qui s&#8217;abat implacablement tous les ans sur Amiens et sa p\u00e9riph\u00e9rie durant trois jours pleins. Pour qui ne l&#8217;a pas v\u00e9cue de l&#8217;int\u00e9rieur, il [&hellip;]<\/p>\n","protected":false},"author":1,"featured_media":3250,"comment_status":"closed","ping_status":"closed","sticky":false,"template":"","format":"standard","meta":{"footnotes":""},"categories":[231,204,157],"tags":[44,158],"class_list":["post-3247","post","type-post","status-publish","format-standard","has-post-thumbnail","hentry","category-festivals","category-leitura-furiosa","category-leitura-furiosa-2013","tag-leitura-furiosa","tag-leitura-furiosa-2013-2"],"_links":{"self":[{"href":"https:\/\/www.assocardan.org\/index.php?rest_route=\/wp\/v2\/posts\/3247","targetHints":{"allow":["GET"]}}],"collection":[{"href":"https:\/\/www.assocardan.org\/index.php?rest_route=\/wp\/v2\/posts"}],"about":[{"href":"https:\/\/www.assocardan.org\/index.php?rest_route=\/wp\/v2\/types\/post"}],"author":[{"embeddable":true,"href":"https:\/\/www.assocardan.org\/index.php?rest_route=\/wp\/v2\/users\/1"}],"replies":[{"embeddable":true,"href":"https:\/\/www.assocardan.org\/index.php?rest_route=%2Fwp%2Fv2%2Fcomments&post=3247"}],"version-history":[{"count":8,"href":"https:\/\/www.assocardan.org\/index.php?rest_route=\/wp\/v2\/posts\/3247\/revisions"}],"predecessor-version":[{"id":5484,"href":"https:\/\/www.assocardan.org\/index.php?rest_route=\/wp\/v2\/posts\/3247\/revisions\/5484"}],"wp:featuredmedia":[{"embeddable":true,"href":"https:\/\/www.assocardan.org\/index.php?rest_route=\/wp\/v2\/media\/3250"}],"wp:attachment":[{"href":"https:\/\/www.assocardan.org\/index.php?rest_route=%2Fwp%2Fv2%2Fmedia&parent=3247"}],"wp:term":[{"taxonomy":"category","embeddable":true,"href":"https:\/\/www.assocardan.org\/index.php?rest_route=%2Fwp%2Fv2%2Fcategories&post=3247"},{"taxonomy":"post_tag","embeddable":true,"href":"https:\/\/www.assocardan.org\/index.php?rest_route=%2Fwp%2Fv2%2Ftags&post=3247"}],"curies":[{"name":"wp","href":"https:\/\/api.w.org\/{rel}","templated":true}]}}