{"id":3255,"date":"2013-05-13T14:22:09","date_gmt":"2013-05-13T12:22:09","guid":{"rendered":"http:\/\/www.assocardan.org\/?p=3255"},"modified":"2016-03-10T23:10:22","modified_gmt":"2016-03-10T22:10:22","slug":"leitura-furiosa-2013-qui-quoi-ou","status":"publish","type":"post","link":"https:\/\/www.assocardan.org\/?p=3255","title":{"rendered":"LEITURA FURIOSA 2013 : qui (fait) quoi, o\u00f9 (\u00e7a) ?"},"content":{"rendered":"<p style=\"text-align: justify;\"><strong><em><a href=\"http:\/\/www.assocardan.org\/wp-content\/uploads\/2013\/05\/Pre\u0301sentation_LF13-5.gif\"><img loading=\"lazy\" decoding=\"async\" class=\"alignleft size-medium wp-image-3263\" src=\"http:\/\/www.assocardan.org\/wp-content\/uploads\/2013\/05\/Pre\u0301sentation_LF13-5-212x300.gif\" alt=\"Pre\u0301sentation_LF13-5\" width=\"212\" height=\"300\" \/><\/a>Leitura Furiosa est organis\u00e9e par l\u2019association Cardan les biblioth\u00e8ques d\u2019Amiens M\u00e9tropole, la Maison de la Culture d\u2019Amiens, Bulles de th\u00e9\u00e2tre, les Tatas, l\u2019espace Masolo de Kinshasa, A Casa da Achada de Lisbonne, la Biblioteca de Beja, les librairies Pages d\u2019encre et du Labyrinthe, le P\u00f4le national Cirque et Arts de la rue, Ametis, la Briqueterie et l\u2019ESAD.<\/em><\/strong><br \/>\n<strong><em> Leitura Furiosa est financ\u00e9 par le Conseil r\u00e9gional de Picardie, le Conseil g\u00e9n\u00e9ral de la Somme, la DRAC de Picardie, Amiens M\u00e9tropole et le FEDER.<\/em><\/strong><br \/>\nNous remercions le <strong>contribuable<\/strong>.<\/p>\n<p style=\"text-align: justify;\"><span style=\"color: #ff0000;\"><strong>LES AUTEURS :<\/strong><\/span><br \/>\nSophie Adriansen, Hafid Aggoune, G\u00e9rard All\u00e9, Philippe Barbeau, ella Balaert, Julia Billet, C\u00e9dric Bonfils, Alice Bri\u00e8re-Haquet, nadine Brun-Cosme, Alain Chiche, Anne Coudin, Christian Couty, Thierry Crifo, Alexandre Dumal, Marie-Florence Ehret, Alexis Galmot, Laurence Gillot, Catherine Gualti\u00e9ro, St\u00e9phanie Hochet, St\u00e9phane Jaubertie, Gilles Lahrer, Perrine Le Querec, Brigitte Lo Cicero, Pascal Millet, Benoit Morel, eddy Pallaro, Charles Pannequin, Jean-Jacques Reboux, Christian Roux, Fran\u00e7ois Rufin, eric Sanvoisin, Dominique Zay, Zemanel.<\/p>\n<p><strong>LES ILLUSTRATEURS :<\/strong><br \/>\nAissa Aberkam, Damien Cuvillier, v\u00e9ronique Groseille, B\u00e9n\u00e9dicte Lef\u00e8vre, Bernard Sodoyez, Andr\u00e9 Zetlaoui.<\/p>\n<p><strong>LES LIEUX :<\/strong><br \/>\nColl\u00e8ge Ponthieu \u00e0 Abbeville, l\u2019association Le Forestel \u00e0 Liomer, les biblioth\u00e8ques de rue d\u2019Abbeville, du Marais Malicorne, d\u2019Amiens Sud-Est, d\u2019Elbeuf, de Fafet-Brossolette, de Saint Maurice, l\u2019Espace Culturel Saint Andr\u00e9, l\u2019eSAT de Cayeux-sur-Mer, les groupes d\u2019apprentissage de Saint Roch, le Mus\u00e9e de Picardie, la Biblioth\u00e8que Robert Mallet d\u2019Abbeville, la Mairie de Ch\u00e9py, la M\u00e9diath\u00e8que Jean Ferrat de Gamaches, l\u2019eSAT ANR Service \u00e0 Beauvais, la M\u00e9diath\u00e8que Claudine Brandicourt de Flixecourt, le Centre Culturel Fran\u00e7ois Mitterand de Friville Escarbotin, le relais Social de la FOL, le centre social CAPS, la M\u00e9diath\u00e8que L\u00e9opold S\u00e9dar Senghor \u00e0 Amiens, la Biblioth\u00e8que du Petit Prince \u00e0 Amiens, la Biblioth\u00e8que de Doullens, la Biblioth\u00e8que de Beaucamps-le-Vieux, l\u2019eSAT Passage Pro \u00e0 Beauvais.<\/p>\n<p><strong>LES LECTEURS :<\/strong><br \/>\ndans les bus d\u2019Am\u00e9tis le 15 mai apr\u00e8s-midi par les \u00e9l\u00e8ves du Coll\u00e8ge Amiral Lejeune dans les bus BAAG les 22 et 23 mai par les \u00e9l\u00e9ves du Coll\u00e8ge Ponthieu les groupes d\u2019Abbeville, d\u2019Albert, de Beaucamps-le-Vieux, de Cayeux-sur-Mer, de Ch\u00e9py, de Fafet-Brossolette, de Flixecourt, de Friville-Escarbotin, de Rue, de Saint-Roch,\u2026 sur la sc\u00e8ne du Grand Th\u00e9\u00e2tre de la Maison de la Culture le 26 mai.<\/p>\n<p><strong>LES ATELIERS DU SAMEDI ET DU DIMANCHE :<\/strong><br \/>\nCalligraphies Arabe et Chinoise, Coin Lecture, <em>\u00abEsp\u00e9rantous et toutes\u00bb<\/em>, Origami, Petite Histoire en Accord\u00e9on, Portraits Croqu\u00e9 et Chinois, Lis-O-phone, Slam, Typographie.<\/p>\n","protected":false},"excerpt":{"rendered":"<p>Leitura Furiosa est organis\u00e9e par l\u2019association Cardan les biblioth\u00e8ques d\u2019Amiens M\u00e9tropole, la Maison de la Culture d\u2019Amiens, Bulles de th\u00e9\u00e2tre, les Tatas, l\u2019espace Masolo de Kinshasa, A Casa da Achada [&hellip;]<\/p>\n","protected":false},"author":1,"featured_media":0,"comment_status":"closed","ping_status":"closed","sticky":false,"template":"","format":"standard","meta":{"footnotes":""},"categories":[11,231,204,157],"tags":[44,158],"class_list":["post-3255","post","type-post","status-publish","format-standard","hentry","category-evenements","category-festivals","category-leitura-furiosa","category-leitura-furiosa-2013","tag-leitura-furiosa","tag-leitura-furiosa-2013-2"],"_links":{"self":[{"href":"https:\/\/www.assocardan.org\/index.php?rest_route=\/wp\/v2\/posts\/3255","targetHints":{"allow":["GET"]}}],"collection":[{"href":"https:\/\/www.assocardan.org\/index.php?rest_route=\/wp\/v2\/posts"}],"about":[{"href":"https:\/\/www.assocardan.org\/index.php?rest_route=\/wp\/v2\/types\/post"}],"author":[{"embeddable":true,"href":"https:\/\/www.assocardan.org\/index.php?rest_route=\/wp\/v2\/users\/1"}],"replies":[{"embeddable":true,"href":"https:\/\/www.assocardan.org\/index.php?rest_route=%2Fwp%2Fv2%2Fcomments&post=3255"}],"version-history":[{"count":8,"href":"https:\/\/www.assocardan.org\/index.php?rest_route=\/wp\/v2\/posts\/3255\/revisions"}],"predecessor-version":[{"id":5483,"href":"https:\/\/www.assocardan.org\/index.php?rest_route=\/wp\/v2\/posts\/3255\/revisions\/5483"}],"wp:attachment":[{"href":"https:\/\/www.assocardan.org\/index.php?rest_route=%2Fwp%2Fv2%2Fmedia&parent=3255"}],"wp:term":[{"taxonomy":"category","embeddable":true,"href":"https:\/\/www.assocardan.org\/index.php?rest_route=%2Fwp%2Fv2%2Fcategories&post=3255"},{"taxonomy":"post_tag","embeddable":true,"href":"https:\/\/www.assocardan.org\/index.php?rest_route=%2Fwp%2Fv2%2Ftags&post=3255"}],"curies":[{"name":"wp","href":"https:\/\/api.w.org\/{rel}","templated":true}]}}