{"id":3285,"date":"2013-05-31T14:36:43","date_gmt":"2013-05-31T12:36:43","guid":{"rendered":"http:\/\/www.assocardan.org\/?p=3285"},"modified":"2016-03-10T23:09:44","modified_gmt":"2016-03-10T22:09:44","slug":"article-sur-cote-quartier-dixchel-delaporte-lhumanite","status":"publish","type":"post","link":"https:\/\/www.assocardan.org\/?p=3285","title":{"rendered":"Article sur &#8220;C\u00f4t\u00e9 Quartier&#8221;, d&#8217;Ixchel Delaporte (&#8220;L&#8217;Humanit\u00e9&#8221;)"},"content":{"rendered":"<p style=\"text-align: center;\"><a href=\"http:\/\/www.assocardan.org\/wp-content\/uploads\/2013\/05\/header_article_tmpphpatMGTo.jpg\"><img loading=\"lazy\" decoding=\"async\" class=\"aligncenter wp-image-3286\" src=\"http:\/\/www.assocardan.org\/wp-content\/uploads\/2013\/05\/header_article_tmpphpatMGTo.jpg\" alt=\"header_article_tmpphpatMGTo\" width=\"540\" height=\"126\" srcset=\"https:\/\/www.assocardan.org\/wp-content\/uploads\/2013\/05\/header_article_tmpphpatMGTo.jpg 900w, https:\/\/www.assocardan.org\/wp-content\/uploads\/2013\/05\/header_article_tmpphpatMGTo-300x70.jpg 300w\" sizes=\"auto, (max-width: 540px) 100vw, 540px\" \/><\/a><\/p>\n<p style=\"text-align: justify;\"><strong>&#8220;On leur donne nos mots et ils nous font des phrases&#8221;<\/strong><br \/>\nDurant trois jours, le festival Leitura Furiosa se d\u00e9ploie \u00e0 Amiens et dans plusieurs villes de Picardie. Le principe : des auteurs venus de toute la France rencontrent des habitants des diff\u00e9rents quartiers et co-\u00e9crivent un texte sur le sujet de leur choix. Une exp\u00e9rience unique qui met la lecture \u00e0 la f\u00eate.<br \/>\n<strong><em>La suite est <a title=\"C\u00f4t\u00e9 Quartier\" href=\"http:\/\/quartierspop.over-blog.fr\/-les-gens-ont-le-droit-de-dire-leur-vision-furieuse-du-monde\" target=\"_blank\">&gt; ici<\/a><\/em><\/strong><\/p>\n","protected":false},"excerpt":{"rendered":"<p>&#8220;On leur donne nos mots et ils nous font des phrases&#8221; Durant trois jours, le festival Leitura Furiosa se d\u00e9ploie \u00e0 Amiens et dans plusieurs villes de Picardie. Le principe [&hellip;]<\/p>\n","protected":false},"author":1,"featured_media":3286,"comment_status":"closed","ping_status":"closed","sticky":false,"template":"","format":"standard","meta":{"footnotes":""},"categories":[231,204,157,90],"tags":[44,158,92],"class_list":["post-3285","post","type-post","status-publish","format-standard","has-post-thumbnail","hentry","category-festivals","category-leitura-furiosa","category-leitura-furiosa-2013","category-revue-de-presse","tag-leitura-furiosa","tag-leitura-furiosa-2013-2","tag-revue-de-presse-2"],"_links":{"self":[{"href":"https:\/\/www.assocardan.org\/index.php?rest_route=\/wp\/v2\/posts\/3285","targetHints":{"allow":["GET"]}}],"collection":[{"href":"https:\/\/www.assocardan.org\/index.php?rest_route=\/wp\/v2\/posts"}],"about":[{"href":"https:\/\/www.assocardan.org\/index.php?rest_route=\/wp\/v2\/types\/post"}],"author":[{"embeddable":true,"href":"https:\/\/www.assocardan.org\/index.php?rest_route=\/wp\/v2\/users\/1"}],"replies":[{"embeddable":true,"href":"https:\/\/www.assocardan.org\/index.php?rest_route=%2Fwp%2Fv2%2Fcomments&post=3285"}],"version-history":[{"count":4,"href":"https:\/\/www.assocardan.org\/index.php?rest_route=\/wp\/v2\/posts\/3285\/revisions"}],"predecessor-version":[{"id":5481,"href":"https:\/\/www.assocardan.org\/index.php?rest_route=\/wp\/v2\/posts\/3285\/revisions\/5481"}],"wp:featuredmedia":[{"embeddable":true,"href":"https:\/\/www.assocardan.org\/index.php?rest_route=\/wp\/v2\/media\/3286"}],"wp:attachment":[{"href":"https:\/\/www.assocardan.org\/index.php?rest_route=%2Fwp%2Fv2%2Fmedia&parent=3285"}],"wp:term":[{"taxonomy":"category","embeddable":true,"href":"https:\/\/www.assocardan.org\/index.php?rest_route=%2Fwp%2Fv2%2Fcategories&post=3285"},{"taxonomy":"post_tag","embeddable":true,"href":"https:\/\/www.assocardan.org\/index.php?rest_route=%2Fwp%2Fv2%2Ftags&post=3285"}],"curies":[{"name":"wp","href":"https:\/\/api.w.org\/{rel}","templated":true}]}}