{"id":3295,"date":"2013-06-07T11:43:28","date_gmt":"2013-06-07T09:43:28","guid":{"rendered":"http:\/\/www.assocardan.org\/?p=3295"},"modified":"2016-03-10T23:08:55","modified_gmt":"2016-03-10T22:08:55","slug":"articles-de-presse-sur-leitura-furiosa-2013","status":"publish","type":"post","link":"https:\/\/www.assocardan.org\/?p=3295","title":{"rendered":"Articles de presse sur Leitura Furiosa 2013"},"content":{"rendered":"<p style=\"text-align: justify;\"><em><strong>Quelques articles de presse autour de la derni\u00e8re \u00e9dition de Leitura Furiosa :<\/strong><\/em><\/p>\n<p style=\"text-align: justify;\"><strong>&#8211; Le courrier Picard<\/strong>, du 25 mai 2013 : <strong>&#8220;Ils vont faire le plein de mots&#8221;.<\/strong><br \/>\n<em>&#8220;\u00c0 l&#8217;initiative du Cardan, Leitura furiosa, ce week-end, pousse des gens \u00e0 dire des choses, \u00e0 lire des choses, \u00e0 monter sur la sc\u00e8ne de la Maison de la culture.&#8221;<\/em> La suite est <a title=\"Courrier Picard\" href=\"http:\/\/www.courrier-picard.fr\/region\/ils-vont-faire-le-plein-de-mots-ia167b0n90597?fb_action_ids=4646217643618%2C4646165722320&amp;fb_action_types=og.recommends&amp;fb_source=other_multiline&amp;action_object_map=%7B%224646217643618%22%3A168032790032016%2C%224646165722320%22%3A537134766333163%7D&amp;action_type_map=%7B%224646217643618%22%3A%22og.recommends%22%2C%224646165722320%22%3A%22og.recommends%22%7D&amp;action_ref_map=%5B%5D\" target=\"_blank\">&gt; ici avec une photo<\/a><\/p>\n<p style=\"text-align: justify;\"><strong>&#8211;\u00a0Le Courrier Picard<\/strong>, du 18 mai 2013 : <strong>&#8220;La lecture se pratique en ateliers&#8221;.<\/strong><br \/>\n<em>&#8220;Pour sa 21e \u00e9dition, le programme Leitura Furiosa continue de proposer des\u00ab rencontres insolites entre des auteurs litt\u00e9raires et des publics f\u00e2ch\u00e9s avec la lecture \u00bb.<\/em>\u00a0La suite de cet article sur Friville-Escarbotin est\u00a0<a title=\"Courrier Picard\" href=\"http:\/\/www.courrier-picard.fr\/region\/la-lecture-se-pratique-en-ateliers-ia177b0n84498?fb_action_ids=4646165722320&amp;fb_action_types=og.recommends&amp;fb_source=aggregation&amp;fb_aggregation_id=288381481237582\" target=\"_blank\">&gt; ici avec une photo<\/a><\/p>\n","protected":false},"excerpt":{"rendered":"<p>Quelques articles de presse autour de la derni\u00e8re \u00e9dition de Leitura Furiosa : &#8211; Le courrier Picard, du 25 mai 2013 : &#8220;Ils vont faire le plein de mots&#8221;. &#8220;\u00c0 [&hellip;]<\/p>\n","protected":false},"author":1,"featured_media":0,"comment_status":"closed","ping_status":"closed","sticky":false,"template":"","format":"standard","meta":{"footnotes":""},"categories":[231,204,157,90],"tags":[44,158,92],"class_list":["post-3295","post","type-post","status-publish","format-standard","hentry","category-festivals","category-leitura-furiosa","category-leitura-furiosa-2013","category-revue-de-presse","tag-leitura-furiosa","tag-leitura-furiosa-2013-2","tag-revue-de-presse-2"],"_links":{"self":[{"href":"https:\/\/www.assocardan.org\/index.php?rest_route=\/wp\/v2\/posts\/3295","targetHints":{"allow":["GET"]}}],"collection":[{"href":"https:\/\/www.assocardan.org\/index.php?rest_route=\/wp\/v2\/posts"}],"about":[{"href":"https:\/\/www.assocardan.org\/index.php?rest_route=\/wp\/v2\/types\/post"}],"author":[{"embeddable":true,"href":"https:\/\/www.assocardan.org\/index.php?rest_route=\/wp\/v2\/users\/1"}],"replies":[{"embeddable":true,"href":"https:\/\/www.assocardan.org\/index.php?rest_route=%2Fwp%2Fv2%2Fcomments&post=3295"}],"version-history":[{"count":3,"href":"https:\/\/www.assocardan.org\/index.php?rest_route=\/wp\/v2\/posts\/3295\/revisions"}],"predecessor-version":[{"id":4499,"href":"https:\/\/www.assocardan.org\/index.php?rest_route=\/wp\/v2\/posts\/3295\/revisions\/4499"}],"wp:attachment":[{"href":"https:\/\/www.assocardan.org\/index.php?rest_route=%2Fwp%2Fv2%2Fmedia&parent=3295"}],"wp:term":[{"taxonomy":"category","embeddable":true,"href":"https:\/\/www.assocardan.org\/index.php?rest_route=%2Fwp%2Fv2%2Fcategories&post=3295"},{"taxonomy":"post_tag","embeddable":true,"href":"https:\/\/www.assocardan.org\/index.php?rest_route=%2Fwp%2Fv2%2Ftags&post=3295"}],"curies":[{"name":"wp","href":"https:\/\/api.w.org\/{rel}","templated":true}]}}