{"id":3511,"date":"2013-06-29T21:16:19","date_gmt":"2013-06-29T19:16:19","guid":{"rendered":"http:\/\/www.assocardan.org\/?p=3511"},"modified":"2016-03-10T22:53:32","modified_gmt":"2016-03-10T21:53:32","slug":"diplome-ou-sans-diplome-leitura-furiosa-2013","status":"publish","type":"post","link":"https:\/\/www.assocardan.org\/?p=3511","title":{"rendered":"Dipl\u00f4me ou sans dipl\u00f4me &#8211; Leitura Furiosa 2013"},"content":{"rendered":"<p><em><a href=\"http:\/\/www.assocardan.org\/wp-content\/uploads\/2013\/06\/diplome.gif\"><img loading=\"lazy\" decoding=\"async\" class=\"aligncenter size-large wp-image-3512\" src=\"http:\/\/www.assocardan.org\/wp-content\/uploads\/2013\/06\/diplome-724x1024.gif\" alt=\"diplome\" width=\"506\" height=\"715\" srcset=\"https:\/\/www.assocardan.org\/wp-content\/uploads\/2013\/06\/diplome-724x1024.gif 724w, https:\/\/www.assocardan.org\/wp-content\/uploads\/2013\/06\/diplome-212x300.gif 212w\" sizes=\"auto, (max-width: 506px) 100vw, 506px\" \/><\/a>Cliquez sur l&#8217;image pour l&#8217;afficher en grand.<\/em><\/p>\n<p>Dipl\u00f4me ou sans dipl\u00f4me, Annie Krim<br \/>\n&gt; Anne, Sophie, Mich\u00e8le, Myriam<br \/>\n[haiku url=&#8221;http:\/\/www.assocardan.org\/audio\/leitura2013\/diplome.mp3&#8243; graphical=true&#8221; showtime=&#8221;true&#8221;]<\/p>\n<p>&nbsp;<\/p>\n","protected":false},"excerpt":{"rendered":"<p>Cliquez sur l&#8217;image pour l&#8217;afficher en grand. Dipl\u00f4me ou sans dipl\u00f4me, Annie Krim &gt; Anne, Sophie, Mich\u00e8le, Myriam [haiku url=&#8221;http:\/\/www.assocardan.org\/audio\/leitura2013\/diplome.mp3&#8243; graphical=true&#8221; showtime=&#8221;true&#8221;] &nbsp;<\/p>\n","protected":false},"author":1,"featured_media":3515,"comment_status":"closed","ping_status":"closed","sticky":false,"template":"","format":"standard","meta":{"footnotes":""},"categories":[231,161,204,157,159],"tags":[66,44,158],"class_list":["post-3511","post","type-post","status-publish","format-standard","has-post-thumbnail","hentry","category-festivals","category-lectures-de-litura-furiosa-2013","category-leitura-furiosa","category-leitura-furiosa-2013","category-textes-leitura-2013","tag-lectures-audio","tag-leitura-furiosa","tag-leitura-furiosa-2013-2"],"_links":{"self":[{"href":"https:\/\/www.assocardan.org\/index.php?rest_route=\/wp\/v2\/posts\/3511","targetHints":{"allow":["GET"]}}],"collection":[{"href":"https:\/\/www.assocardan.org\/index.php?rest_route=\/wp\/v2\/posts"}],"about":[{"href":"https:\/\/www.assocardan.org\/index.php?rest_route=\/wp\/v2\/types\/post"}],"author":[{"embeddable":true,"href":"https:\/\/www.assocardan.org\/index.php?rest_route=\/wp\/v2\/users\/1"}],"replies":[{"embeddable":true,"href":"https:\/\/www.assocardan.org\/index.php?rest_route=%2Fwp%2Fv2%2Fcomments&post=3511"}],"version-history":[{"count":5,"href":"https:\/\/www.assocardan.org\/index.php?rest_route=\/wp\/v2\/posts\/3511\/revisions"}],"predecessor-version":[{"id":5455,"href":"https:\/\/www.assocardan.org\/index.php?rest_route=\/wp\/v2\/posts\/3511\/revisions\/5455"}],"wp:featuredmedia":[{"embeddable":true,"href":"https:\/\/www.assocardan.org\/index.php?rest_route=\/wp\/v2\/media\/3515"}],"wp:attachment":[{"href":"https:\/\/www.assocardan.org\/index.php?rest_route=%2Fwp%2Fv2%2Fmedia&parent=3511"}],"wp:term":[{"taxonomy":"category","embeddable":true,"href":"https:\/\/www.assocardan.org\/index.php?rest_route=%2Fwp%2Fv2%2Fcategories&post=3511"},{"taxonomy":"post_tag","embeddable":true,"href":"https:\/\/www.assocardan.org\/index.php?rest_route=%2Fwp%2Fv2%2Ftags&post=3511"}],"curies":[{"name":"wp","href":"https:\/\/api.w.org\/{rel}","templated":true}]}}