{"id":3808,"date":"2014-03-26T17:44:55","date_gmt":"2014-03-26T16:44:55","guid":{"rendered":"http:\/\/www.assocardan.org\/?p=3808"},"modified":"2014-03-26T17:58:01","modified_gmt":"2014-03-26T16:58:01","slug":"pensees-samariennes-colloque-du-7-fevrier-2004-le-regard-du-departement-sur-la-recherche-action","status":"publish","type":"post","link":"https:\/\/www.assocardan.org\/?p=3808","title":{"rendered":"Pens\u00e9es Samariennes \/ colloque du 7 f\u00e9vrier 2004 \/ Le regard du d\u00e9partement sur la recherche-action"},"content":{"rendered":"<p style=\"text-align: justify;\"><strong><em>Colloque du 7 f\u00e9vrier 2014 au Conseil G\u00e9n\u00e9ral : fichier audio du regard sur la recherche-action du Cardan, de Mmes Anne Blondelle (directrice de l&#8217;insertion et du logement),\u00a0 Charlotte Bossaert, Sylvie Hazard et Catherine Heurtois (CTI).<\/em><\/strong><\/p>\n<p><!--more-->[haiku url=&#8221;http:\/\/www.assocardan.org\/audio\/COLLOQUE07022014\/regarddept.mp3&#8243; graphical=true&#8221; showtime=&#8221;true&#8221;]<\/p>\n","protected":false},"excerpt":{"rendered":"<p>Colloque du 7 f\u00e9vrier 2014 au Conseil G\u00e9n\u00e9ral : fichier audio du regard sur la recherche-action du Cardan, de Mmes Anne Blondelle (directrice de l&#8217;insertion et du logement),\u00a0 Charlotte Bossaert, [&hellip;]<\/p>\n","protected":false},"author":1,"featured_media":3809,"comment_status":"closed","ping_status":"closed","sticky":false,"template":"","format":"standard","meta":{"footnotes":""},"categories":[81,70,115],"tags":[187,129,73,120],"class_list":["post-3808","post","type-post","status-publish","format-standard","has-post-thumbnail","hentry","category-cest-passe","category-pensees-samariennes","category-recherche-action","tag-colloque","tag-conseil-general","tag-les-pensees-samariennes","tag-recherche-action-2"],"_links":{"self":[{"href":"https:\/\/www.assocardan.org\/index.php?rest_route=\/wp\/v2\/posts\/3808","targetHints":{"allow":["GET"]}}],"collection":[{"href":"https:\/\/www.assocardan.org\/index.php?rest_route=\/wp\/v2\/posts"}],"about":[{"href":"https:\/\/www.assocardan.org\/index.php?rest_route=\/wp\/v2\/types\/post"}],"author":[{"embeddable":true,"href":"https:\/\/www.assocardan.org\/index.php?rest_route=\/wp\/v2\/users\/1"}],"replies":[{"embeddable":true,"href":"https:\/\/www.assocardan.org\/index.php?rest_route=%2Fwp%2Fv2%2Fcomments&post=3808"}],"version-history":[{"count":2,"href":"https:\/\/www.assocardan.org\/index.php?rest_route=\/wp\/v2\/posts\/3808\/revisions"}],"predecessor-version":[{"id":3812,"href":"https:\/\/www.assocardan.org\/index.php?rest_route=\/wp\/v2\/posts\/3808\/revisions\/3812"}],"wp:featuredmedia":[{"embeddable":true,"href":"https:\/\/www.assocardan.org\/index.php?rest_route=\/wp\/v2\/media\/3809"}],"wp:attachment":[{"href":"https:\/\/www.assocardan.org\/index.php?rest_route=%2Fwp%2Fv2%2Fmedia&parent=3808"}],"wp:term":[{"taxonomy":"category","embeddable":true,"href":"https:\/\/www.assocardan.org\/index.php?rest_route=%2Fwp%2Fv2%2Fcategories&post=3808"},{"taxonomy":"post_tag","embeddable":true,"href":"https:\/\/www.assocardan.org\/index.php?rest_route=%2Fwp%2Fv2%2Ftags&post=3808"}],"curies":[{"name":"wp","href":"https:\/\/api.w.org\/{rel}","templated":true}]}}