{"id":4006,"date":"2014-05-30T15:56:18","date_gmt":"2014-05-30T13:56:18","guid":{"rendered":"http:\/\/www.assocardan.org\/?p=4006"},"modified":"2016-03-10T10:18:24","modified_gmt":"2016-03-10T09:18:24","slug":"leitura-furiosa-chanson-marcadores","status":"publish","type":"post","link":"https:\/\/www.assocardan.org\/?p=4006","title":{"rendered":"[Leitura Furiosa] Chanson : &#8220;Marcadores&#8221;"},"content":{"rendered":"<p style=\"text-align: justify;\">Diana, la fille d&#8217;Eduarda Dionisio a \u00e9crit une chanson qui parle de l&#8217;aventure des marque-pages qui ont \u00e9t\u00e9 d\u00e9truits \u00e0 Roissy comme objet prohib\u00e9, puis retrouv\u00e9s \u00e0 Creil mais toujours pas arriv\u00e9s\u2026 (2 versions).<\/p>\n<div class=\"wp-playlist wp-audio-playlist wp-playlist-light\">\n\t\t\t<div class=\"wp-playlist-current-item\"><\/div>\n\t\t<audio controls=\"controls\" preload=\"none\" width=\"1118\"\n\t\t\t><\/audio>\n\t<div class=\"wp-playlist-next\"><\/div>\n\t<div class=\"wp-playlist-prev\"><\/div>\n\t<noscript>\n\t<ol>\n\t\t<li><a href='https:\/\/www.assocardan.org\/wp-content\/uploads\/2014\/05\/marcadores.mp3'>Marcadores - 1<\/a><\/li><li><a href='https:\/\/www.assocardan.org\/wp-content\/uploads\/2014\/05\/Marcadores-Diana.mp3'>Marcadores - 2<\/a><\/li>\t<\/ol>\n\t<\/noscript>\n\t<script type=\"application\/json\" class=\"wp-playlist-script\">{\"type\":\"audio\",\"tracklist\":true,\"tracknumbers\":true,\"images\":false,\"artists\":false,\"tracks\":[{\"src\":\"https:\/\/www.assocardan.org\/wp-content\/uploads\/2014\/05\/marcadores.mp3\",\"type\":\"audio\/mpeg\",\"title\":\"Marcadores - 1\",\"caption\":\"\",\"description\":\"\\u003Ci\\u003Emarcadores\\u003C\/i\\u003E.\",\"meta\":{\"length_formatted\":\"2:20\"},\"image\":{\"src\":\"https:\/\/www.assocardan.org\/wp-includes\/images\/media\/audio.svg\",\"width\":48,\"height\":64},\"thumb\":{\"src\":\"https:\/\/www.assocardan.org\/wp-includes\/images\/media\/audio.svg\",\"width\":48,\"height\":64}},{\"src\":\"https:\/\/www.assocardan.org\/wp-content\/uploads\/2014\/05\/Marcadores-Diana.mp3\",\"type\":\"audio\/mpeg\",\"title\":\"Marcadores - 2\",\"caption\":\"\",\"description\":\"\\u003Ci\\u003EMarcadores  Diana\\u003C\/i\\u003E.\",\"meta\":{\"length_formatted\":\"2:21\"},\"image\":{\"src\":\"https:\/\/www.assocardan.org\/wp-includes\/images\/media\/audio.svg\",\"width\":48,\"height\":64},\"thumb\":{\"src\":\"https:\/\/www.assocardan.org\/wp-includes\/images\/media\/audio.svg\",\"width\":48,\"height\":64}}]}<\/script>\n<\/div>\n\t\n","protected":false},"excerpt":{"rendered":"<p>Diana, la fille d&#8217;Eduarda Dionisio a \u00e9crit une chanson qui parle de l&#8217;aventure des marque-pages qui ont \u00e9t\u00e9 d\u00e9truits \u00e0 Roissy comme objet prohib\u00e9, puis retrouv\u00e9s \u00e0 Creil mais toujours [&hellip;]<\/p>\n","protected":false},"author":1,"featured_media":3926,"comment_status":"closed","ping_status":"closed","sticky":false,"template":"","format":"standard","meta":{"footnotes":""},"categories":[231,204,188,191],"tags":[44,192,64],"class_list":["post-4006","post","type-post","status-publish","format-standard","has-post-thumbnail","hentry","category-festivals","category-leitura-furiosa","category-leitura-furiosa-2014","category-tout-savoir-sur-leitura-furiosa-2014","tag-leitura-furiosa","tag-leitura-furiosa-2014-2","tag-portugal"],"_links":{"self":[{"href":"https:\/\/www.assocardan.org\/index.php?rest_route=\/wp\/v2\/posts\/4006","targetHints":{"allow":["GET"]}}],"collection":[{"href":"https:\/\/www.assocardan.org\/index.php?rest_route=\/wp\/v2\/posts"}],"about":[{"href":"https:\/\/www.assocardan.org\/index.php?rest_route=\/wp\/v2\/types\/post"}],"author":[{"embeddable":true,"href":"https:\/\/www.assocardan.org\/index.php?rest_route=\/wp\/v2\/users\/1"}],"replies":[{"embeddable":true,"href":"https:\/\/www.assocardan.org\/index.php?rest_route=%2Fwp%2Fv2%2Fcomments&post=4006"}],"version-history":[{"count":5,"href":"https:\/\/www.assocardan.org\/index.php?rest_route=\/wp\/v2\/posts\/4006\/revisions"}],"predecessor-version":[{"id":4252,"href":"https:\/\/www.assocardan.org\/index.php?rest_route=\/wp\/v2\/posts\/4006\/revisions\/4252"}],"wp:featuredmedia":[{"embeddable":true,"href":"https:\/\/www.assocardan.org\/index.php?rest_route=\/wp\/v2\/media\/3926"}],"wp:attachment":[{"href":"https:\/\/www.assocardan.org\/index.php?rest_route=%2Fwp%2Fv2%2Fmedia&parent=4006"}],"wp:term":[{"taxonomy":"category","embeddable":true,"href":"https:\/\/www.assocardan.org\/index.php?rest_route=%2Fwp%2Fv2%2Fcategories&post=4006"},{"taxonomy":"post_tag","embeddable":true,"href":"https:\/\/www.assocardan.org\/index.php?rest_route=%2Fwp%2Fv2%2Ftags&post=4006"}],"curies":[{"name":"wp","href":"https:\/\/api.w.org\/{rel}","templated":true}]}}