{"id":46,"date":"2012-02-27T00:38:48","date_gmt":"2012-02-26T23:38:48","guid":{"rendered":"http:\/\/www.assocardan.org\/?p=46"},"modified":"2016-03-10T23:57:29","modified_gmt":"2016-03-10T22:57:29","slug":"exemple-dinformation","status":"publish","type":"post","link":"https:\/\/www.assocardan.org\/?p=46","title":{"rendered":"&#8220;L\u2019\u00e9quipe du Cardan m\u2019a permis de comprendre l\u2019importance de la notion de temps sur l\u2019insertion sociale&#8221;"},"content":{"rendered":"<p style=\"text-align: justify;\"><em><strong><span style=\"color: #ff0000;\">Entretien\u2028avec\u00a0Jacqueline Quillet, responsable du Relais social de la F\u00e9d\u00e9ration des \u0153uvres la\u00efques.<\/span> Rencontre dans le local de la structure situ\u00e9 dans un ancien logement de fonction, au 1er \u00e9tage de l\u2019\u00e9cole maternelle du quartier Nord.<\/strong><\/em><\/p>\n<p style=\"text-align: justify;\"><em>\u00ab\u2009Tout ne trouve pas une solution imm\u00e9diate. C\u2019est parfois sur plusieurs mois, plusieurs ann\u00e9es m\u00eame qu\u2019on parvient \u00e0 faire bouger les lignes chez certaines personnes. Il faut faire avec. Le Cardan m\u2019a fait prendre conscience de cela \u00e0 travers les nombreuses discussions et moments d\u2019\u00e9changes.\u2009\u00bb<\/em><\/p>\n<p style=\"text-align: justify;\"><strong>Quelle est la fonction de votre structure\u2009?<\/strong><\/p>\n<p style=\"text-align: justify;\"><strong>J. Q.<\/strong> Notre relais existe depuis juin 1996 et est implant\u00e9 dans le quartier Nord. Les gens viennent du quartier Nord mais pas seulement, on a aussi des personnes de tout Amiens. Nous avons des ateliers de vie quotidienne qui permettent de faire sortir les gens, d\u2019\u00e9changer les savoir-faire et surtout de rompre l\u2019isolement. On organise des ateliers sur de nombreux sujets qui permettent soit de d\u00e9dramatiser des situations, soit de valoriser les publics. La majorit\u00e9 du public, ce sont des femmes fran\u00e7aises seules avec des enfants. On part du principe que la centaine de personnes qui fr\u00e9quentent le relais ont des choses \u00e0 dire, des id\u00e9es. Le Cardan participe \u00e0 les tirer vers le haut.<\/p>\n<p style=\"text-align: justify;\"><strong>Quelle est votre perception du Cardan\u00a0?<\/strong><\/p>\n<p style=\"text-align: justify;\"><strong>J.Q.<\/strong> Au Cardan, mon principal interlocuteur, c\u2019est Luiz. Mais je travaille avec Jean-Christophe, Laurence et Claudine aussi avec qui on \u00e9change par t\u00e9l\u00e9phone pour l\u2019organisation d\u2019\u00e9v\u00e9nements. Le Cardan, c\u2019est une grande maison, une grande famille dans laquelle on est vite int\u00e9gr\u00e9. C\u2019est une famille qui permet \u00e0 chacun de trouver sa place, d\u2019\u00eatre mis en confiance. On ne se voit pas forc\u00e9ment souvent mais quand on se voit, c\u2019est naturel, on a des tas de choses \u00e0 se dire. Comme des cousins \u00e9loign\u00e9s qu\u2019on est heureux de voir\u2009! Quand on veut s\u2019inscrire \u00e0 <em>Leitura Furiosa<\/em>, il suffit d\u2019appeler et les r\u00e9ponses sont toujours positives et efficaces. Les choses sont simples. Ce n\u2019est pas un travail avec le Cardan, c\u2019est un chemin fait ensemble. Luiz me dit toujours qu\u2019il me propose un<em> \u00ab\u2009\u2009plan foireux\u2009\u00bb.<\/em> En fait, il s\u2019agit d\u2019une aventure dont on ne sait pas sur quoi elle va d\u00e9boucher. C\u2019est ce qui fait pour moi la force et la r\u00e9ussite de cette association.<\/p>\n<p style=\"text-align: justify;\"><strong>Avez-vous un temps, un espace consacr\u00e9 \u00e0 la critique et au bilan des actions men\u00e9es avec le Cardan\u00a0?<\/strong><\/p>\n<p style=\"text-align: justify;\"><strong>J.Q.<\/strong> Le Cardan m\u2019a beaucoup aid\u00e9e \u00e0 d\u00e9culpabiliser gr\u00e2ce \u00e0 leur notion du temps. L\u2019\u00e9quipe du Cardan m\u2019a permis de comprendre l\u2019importance de la notion de temps sur l\u2019insertion sociale. On travaille sur et avec des parcours et des histoires de vie. Donc, c\u2019est long. Tout ne trouve pas une solution imm\u00e9diate. C\u2019est parfois sur plusieurs mois, plusieurs ann\u00e9es m\u00eame qu\u2019on parvient \u00e0 faire bouger les lignes chez certaines personnes. Il faut faire avec. Le Cardan m\u2019a fait prendre conscience de cela \u00e0 travers les nombreuses discussions et moments d\u2019\u00e9changes. Ce sont des moments informels et c\u2019est cela qui caract\u00e9rise le Cardan. L\u2019informel. Des fois, on s\u2019appelle, des fois on se voit en prenant un rendez-vous. Avec la plupart des partenaires, les choses sont tr\u00e8s cal\u00e9es. Sauf avec le Cardan et c\u2019est bien comme \u00e7a.<br \/>\nVu de l\u2019ext\u00e9rieur, on pourrait croire que ce n\u2019est pas organis\u00e9 mais en fait si, on trouve quand m\u00eame une forme d\u2019organisation dans le non-formel. Mon travail, c\u2019est plus qu\u2019un travail et du coup, le partenariat avec le Cardan, c\u2019est aussi plus qu\u2019un partenariat.<\/p>\n<p style=\"text-align: justify;\"><strong>Justement, en tant que structure associative, que vous apporte le Cardan\u2009?<\/strong><\/p>\n<p style=\"text-align: justify;\"><strong>J.Q.<\/strong> Le Cardan me donne l\u2019occasion de prendre du recul sur ce que j\u2019entreprends avec les gens, de souffler un peu, de r\u00e9fl\u00e9chir et aussi de profiter de ces instants\u2009! Je m\u2019assois et j\u2019\u00e9coute les lectures, je vois les gens se transformer, gagner en confiance, exprimer des \u00e9motions. Parfois, les gens arrivent ici avec un visage ferm\u00e9, on ne voit rien transpara\u00eetre et c\u2019est avec le temps qu\u2019ils se d\u00e9tendent et qu\u2019ils s\u2019autorisent ces \u00e9motions. Les gens sont grandis quand ils lisent sur sc\u00e8ne. Ils m\u2019impressionnent, ils sont capables de faire et de dire. Alors que nous parfois, en tant que professionnels, on ne sait pas toujours trouver les mots. Le Cardan nous aide \u00e0 prendre cette distance vis-\u00e0-vis du quotidien. Ce qu\u2019il faut comprendre, c\u2019est qu\u2019on est sur un fil. Il y a des \u00e9motions, de la col\u00e8re, des sentiments. C\u2019est \u00e0 la fois d\u00e9licat et tr\u00e8s lib\u00e9rateur. J\u2019ai vu des gens transform\u00e9s physiquement par ces ateliers. Leur fa\u00e7on de se tenir, de s\u2019adresser aux autres, de trouver leur place dans l\u2019espace. C\u2019est les amener vers l\u2019autonomie et vers l\u2019ouverture \u00e0 travers des sorties culturelles. C\u2019est frappant d\u2019ailleurs, de voir comment ils argumentent pour dire s\u2019ils ont aim\u00e9 ou pas\u2026 Et d\u2019ailleurs, certains sont pr\u00eats \u00e0 passer au b\u00e9n\u00e9volat\u2009!<\/p>\n<p style=\"text-align: justify;\"><strong>Comment les personnes qui fr\u00e9quentent le relais social s\u2019approprient les activit\u00e9s du Cardan\u00a0?<\/strong><\/p>\n<p style=\"text-align: justify;\"><strong>J.Q.<\/strong> Le volet lecture du Cardan est bien identifi\u00e9 mais peu savent l\u2019ensemble des activit\u00e9s de l\u2019association. Le Cardan s\u2019adapte aussi beaucoup aux gens qui participent aux ateliers. Le Cardan, c\u2019est la patience parce que quelquefois il y a peu de monde. Mais ils ont l\u2019habitude et ne se d\u00e9couragent pas. Si on fait l\u2019atelier m\u00eame pour une personne, c\u2019est d\u00e9j\u00e0 formidable\u2009! \u2028Le Cardan m\u2019accompagne et accompagne les personnes dans un apprentissage et l\u2019\u00e9valuation est ailleurs que dans le chiffre. Eux aussi, ils inventent une fa\u00e7on de faire. Les gens progressent tr\u00e8s vite. Et la lecture n\u2019est qu\u2019une \u00e9tape pour enclencher bien plus\u2009: les gens atteignent une sorte d\u2019apaisement, de calme. Parce que le Cardan les \u00e9coute, \u00e9coute ce que les gens ont \u00e0 dire. Les ateliers d\u2019\u00e9coute sont un bon exemple \u00e0 ce sujet. Et le but n\u2019est pas d\u2019attendre que le Cardan nous donne les solutions. C\u2019est un vrai partenariat, une r\u00e9elle \u00e9coute et pour moi aussi c\u2019est important. Ils prennent soin, ils prennent des nouvelles de moi en tant que personne. C\u2019est pour \u00e7a que nous sommes un collectif qui d\u00e9passe largement les objectifs qu\u2019il se fixe.<\/p>\n<p style=\"text-align: justify;\"><strong>Avez-vous quelque chose \u00e0 rajouter\u00a0?<\/strong><\/p>\n<p style=\"text-align: justify;\"><strong>J.Q.<\/strong> Que \u00e7a continue\u2009!<\/p>\n","protected":false},"excerpt":{"rendered":"<p>Entretien\u2028avec\u00a0Jacqueline Quillet, responsable du Relais social de la F\u00e9d\u00e9ration des \u0153uvres la\u00efques. Rencontre dans le local de la structure situ\u00e9 dans un ancien logement de fonction, au 1er \u00e9tage de [&hellip;]<\/p>\n","protected":false},"author":1,"featured_media":314,"comment_status":"closed","ping_status":"closed","sticky":false,"template":"","format":"standard","meta":{"footnotes":""},"categories":[231,10,204],"tags":[48,43,47,46,49,51,30,34,44,45,52,41,42,50],"class_list":["post-46","post","type-post","status-publish","format-standard","has-post-thumbnail","hentry","category-festivals","category-cardan","category-leitura-furiosa","tag-ateliers","tag-ateliers-vie-quotidienne","tag-benevolat","tag-culture","tag-ecoute","tag-familles","tag-le-cardan","tag-lecture","tag-leitura-furiosa","tag-partenariats","tag-professionnels","tag-qr-nord","tag-relais-social-f-o-l","tag-rompre-lisolement"],"_links":{"self":[{"href":"https:\/\/www.assocardan.org\/index.php?rest_route=\/wp\/v2\/posts\/46","targetHints":{"allow":["GET"]}}],"collection":[{"href":"https:\/\/www.assocardan.org\/index.php?rest_route=\/wp\/v2\/posts"}],"about":[{"href":"https:\/\/www.assocardan.org\/index.php?rest_route=\/wp\/v2\/types\/post"}],"author":[{"embeddable":true,"href":"https:\/\/www.assocardan.org\/index.php?rest_route=\/wp\/v2\/users\/1"}],"replies":[{"embeddable":true,"href":"https:\/\/www.assocardan.org\/index.php?rest_route=%2Fwp%2Fv2%2Fcomments&post=46"}],"version-history":[{"count":10,"href":"https:\/\/www.assocardan.org\/index.php?rest_route=\/wp\/v2\/posts\/46\/revisions"}],"predecessor-version":[{"id":4523,"href":"https:\/\/www.assocardan.org\/index.php?rest_route=\/wp\/v2\/posts\/46\/revisions\/4523"}],"wp:featuredmedia":[{"embeddable":true,"href":"https:\/\/www.assocardan.org\/index.php?rest_route=\/wp\/v2\/media\/314"}],"wp:attachment":[{"href":"https:\/\/www.assocardan.org\/index.php?rest_route=%2Fwp%2Fv2%2Fmedia&parent=46"}],"wp:term":[{"taxonomy":"category","embeddable":true,"href":"https:\/\/www.assocardan.org\/index.php?rest_route=%2Fwp%2Fv2%2Fcategories&post=46"},{"taxonomy":"post_tag","embeddable":true,"href":"https:\/\/www.assocardan.org\/index.php?rest_route=%2Fwp%2Fv2%2Ftags&post=46"}],"curies":[{"name":"wp","href":"https:\/\/api.w.org\/{rel}","templated":true}]}}