{"id":4681,"date":"2015-11-16T17:52:02","date_gmt":"2015-11-16T16:52:02","guid":{"rendered":"http:\/\/www.assocardan.org\/?p=4681"},"modified":"2016-03-10T10:07:24","modified_gmt":"2016-03-10T09:07:24","slug":"leitura-furiosa-2015-un-jardin-extraordinaire","status":"publish","type":"post","link":"https:\/\/www.assocardan.org\/?p=4681","title":{"rendered":"[Leitura Furiosa 2015] &#8220;Un jardin extraordinaire&#8221;"},"content":{"rendered":"<p>&nbsp;<\/p>\n<p>&nbsp;<\/p>\n<p><a href=\"http:\/\/www.assocardan.org\/wp-content\/uploads\/2015\/11\/LALUMI\u00c8RE.jpg\"><img loading=\"lazy\" decoding=\"async\" class=\"aligncenter wp-image-4738\" src=\"http:\/\/www.assocardan.org\/wp-content\/uploads\/2015\/11\/LALUMI\u00c8RE-1024x683.jpg\" alt=\"Jean-Claude LALUMI\u00c8RE\" width=\"540\" height=\"360\" srcset=\"https:\/\/www.assocardan.org\/wp-content\/uploads\/2015\/11\/LALUMI\u00c8RE-1024x683.jpg 1024w, https:\/\/www.assocardan.org\/wp-content\/uploads\/2015\/11\/LALUMI\u00c8RE-300x200.jpg 300w, https:\/\/www.assocardan.org\/wp-content\/uploads\/2015\/11\/LALUMI\u00c8RE-750x500.jpg 750w, https:\/\/www.assocardan.org\/wp-content\/uploads\/2015\/11\/LALUMI\u00c8RE-400x267.jpg 400w, https:\/\/www.assocardan.org\/wp-content\/uploads\/2015\/11\/LALUMI\u00c8RE-430x287.jpg 430w, https:\/\/www.assocardan.org\/wp-content\/uploads\/2015\/11\/LALUMI\u00c8RE-150x100.jpg 150w, https:\/\/www.assocardan.org\/wp-content\/uploads\/2015\/11\/LALUMI\u00c8RE-100x67.jpg 100w, https:\/\/www.assocardan.org\/wp-content\/uploads\/2015\/11\/LALUMI\u00c8RE-120x80.jpg 120w\" sizes=\"auto, (max-width: 540px) 100vw, 540px\" \/><\/a><\/p>\n<p><a href=\"http:\/\/www.assocardan.org\/wp-content\/uploads\/2015\/11\/LALUMI\u00c8RE2.jpg\"><img loading=\"lazy\" decoding=\"async\" class=\"aligncenter wp-image-4739\" src=\"http:\/\/www.assocardan.org\/wp-content\/uploads\/2015\/11\/LALUMI\u00c8RE2-1024x683.jpg\" alt=\"Jean-Claude LALUMI\u00c8RE\" width=\"540\" height=\"360\" srcset=\"https:\/\/www.assocardan.org\/wp-content\/uploads\/2015\/11\/LALUMI\u00c8RE2-1024x683.jpg 1024w, https:\/\/www.assocardan.org\/wp-content\/uploads\/2015\/11\/LALUMI\u00c8RE2-300x200.jpg 300w, https:\/\/www.assocardan.org\/wp-content\/uploads\/2015\/11\/LALUMI\u00c8RE2-750x500.jpg 750w, https:\/\/www.assocardan.org\/wp-content\/uploads\/2015\/11\/LALUMI\u00c8RE2-400x267.jpg 400w, https:\/\/www.assocardan.org\/wp-content\/uploads\/2015\/11\/LALUMI\u00c8RE2-430x287.jpg 430w, https:\/\/www.assocardan.org\/wp-content\/uploads\/2015\/11\/LALUMI\u00c8RE2-150x100.jpg 150w, https:\/\/www.assocardan.org\/wp-content\/uploads\/2015\/11\/LALUMI\u00c8RE2-100x67.jpg 100w, https:\/\/www.assocardan.org\/wp-content\/uploads\/2015\/11\/LALUMI\u00c8RE2-120x80.jpg 120w\" sizes=\"auto, (max-width: 540px) 100vw, 540px\" \/><\/a><\/p>\n<p>Un texte \u00e9crit par Jean-Claude LALUMI\u00c8RE avec Christian, Edith, Eric, Fanny, G\u00e9rald, Herv\u00e9, Jean-Claude, Jean-Marc, Jean-Paul, Pascal et Rose. Puis, illustr\u00e9 par Dominique Scaglia.<\/p>\n<p><!--more--><\/p>\n<hr \/>\n<p>Cliquez sur la page pour l&#8217;agrandir :<\/p>\n<p><a href=\"http:\/\/www.assocardan.org\/wp-content\/uploads\/2015\/11\/LALUMIERE-un-jardin-extraordinaire.pdf\" target=\"_blank\"><img loading=\"lazy\" decoding=\"async\" class=\"aligncenter wp-image-4684\" src=\"http:\/\/www.assocardan.org\/wp-content\/uploads\/2015\/11\/un-jardin-extraordinaire.jpg\" alt=\"un jardin extraordinaire\" width=\"300\" height=\"431\" srcset=\"https:\/\/www.assocardan.org\/wp-content\/uploads\/2015\/11\/un-jardin-extraordinaire.jpg 666w, https:\/\/www.assocardan.org\/wp-content\/uploads\/2015\/11\/un-jardin-extraordinaire-209x300.jpg 209w, https:\/\/www.assocardan.org\/wp-content\/uploads\/2015\/11\/un-jardin-extraordinaire-400x575.jpg 400w, https:\/\/www.assocardan.org\/wp-content\/uploads\/2015\/11\/un-jardin-extraordinaire-430x618.jpg 430w, https:\/\/www.assocardan.org\/wp-content\/uploads\/2015\/11\/un-jardin-extraordinaire-150x216.jpg 150w, https:\/\/www.assocardan.org\/wp-content\/uploads\/2015\/11\/un-jardin-extraordinaire-100x144.jpg 100w\" sizes=\"auto, (max-width: 300px) 100vw, 300px\" \/><\/a><\/p>\n","protected":false},"excerpt":{"rendered":"<p>&nbsp; &nbsp; Un texte \u00e9crit par Jean-Claude LALUMI\u00c8RE avec Christian, Edith, Eric, Fanny, G\u00e9rald, Herv\u00e9, Jean-Claude, Jean-Marc, Jean-Paul, Pascal et Rose. Puis, illustr\u00e9 par Dominique Scaglia.<\/p>\n","protected":false},"author":1,"featured_media":4682,"comment_status":"closed","ping_status":"closed","sticky":false,"template":"","format":"standard","meta":{"footnotes":""},"categories":[231,203,209],"tags":[44],"class_list":["post-4681","post","type-post","status-publish","format-standard","has-post-thumbnail","hentry","category-festivals","category-leitura-furiosa-2015","category-textes-de-leitura-furiosa-2015","tag-leitura-furiosa"],"_links":{"self":[{"href":"https:\/\/www.assocardan.org\/index.php?rest_route=\/wp\/v2\/posts\/4681","targetHints":{"allow":["GET"]}}],"collection":[{"href":"https:\/\/www.assocardan.org\/index.php?rest_route=\/wp\/v2\/posts"}],"about":[{"href":"https:\/\/www.assocardan.org\/index.php?rest_route=\/wp\/v2\/types\/post"}],"author":[{"embeddable":true,"href":"https:\/\/www.assocardan.org\/index.php?rest_route=\/wp\/v2\/users\/1"}],"replies":[{"embeddable":true,"href":"https:\/\/www.assocardan.org\/index.php?rest_route=%2Fwp%2Fv2%2Fcomments&post=4681"}],"version-history":[{"count":3,"href":"https:\/\/www.assocardan.org\/index.php?rest_route=\/wp\/v2\/posts\/4681\/revisions"}],"predecessor-version":[{"id":4740,"href":"https:\/\/www.assocardan.org\/index.php?rest_route=\/wp\/v2\/posts\/4681\/revisions\/4740"}],"wp:featuredmedia":[{"embeddable":true,"href":"https:\/\/www.assocardan.org\/index.php?rest_route=\/wp\/v2\/media\/4682"}],"wp:attachment":[{"href":"https:\/\/www.assocardan.org\/index.php?rest_route=%2Fwp%2Fv2%2Fmedia&parent=4681"}],"wp:term":[{"taxonomy":"category","embeddable":true,"href":"https:\/\/www.assocardan.org\/index.php?rest_route=%2Fwp%2Fv2%2Fcategories&post=4681"},{"taxonomy":"post_tag","embeddable":true,"href":"https:\/\/www.assocardan.org\/index.php?rest_route=%2Fwp%2Fv2%2Ftags&post=4681"}],"curies":[{"name":"wp","href":"https:\/\/api.w.org\/{rel}","templated":true}]}}