{"id":4744,"date":"2015-11-19T12:05:26","date_gmt":"2015-11-19T11:05:26","guid":{"rendered":"http:\/\/www.assocardan.org\/?p=4744"},"modified":"2016-03-10T21:46:25","modified_gmt":"2016-03-10T20:46:25","slug":"critiques-dart-par-des-enfants-dabbeville-a-labbaye-royale-de-saint-riquier","status":"publish","type":"post","link":"https:\/\/www.assocardan.org\/?p=4744","title":{"rendered":"Critiques d&#8217;art par des enfants d&#8217;Abbeville \u00e0 l&#8217;Abbaye royale de Saint-Riquier"},"content":{"rendered":"<p>Le 28 et 29 octobre 2015, un groupe de 8 enfants se sont initi\u00e9s \u00e0 la critique d&#8217;art et \u00e0 l&#8217;\u00e9criture d&#8217;une fiction, \u00e0 partir d&#8217;\u0153uvres choisies, au sein de l&#8217;exposition Anima@animal \u00e0 l&#8217;Abbaye royale de Saint-Riquier.<\/p>\n<p><!--more--><\/p>\n<p>Venez d\u00e9couvrir l&#8217;exposition le samedi 12 d\u00e9cembre \u00e0 Ma Parole en compagnie de ces enfants pour une visite guid\u00e9e.<\/p>\n<p>&nbsp;<\/p>\n<p>Cliquez sur l&#8217;article pour l&#8217;agrandir :<\/p>\n<figure id=\"attachment_4745\" aria-describedby=\"caption-attachment-4745\" style=\"width: 1024px\" class=\"wp-caption aligncenter\"><a href=\"http:\/\/www.assocardan.org\/wp-content\/uploads\/2015\/11\/critique-art-st-riquier.jpg\"><img loading=\"lazy\" decoding=\"async\" class=\"wp-image-4745 size-large\" src=\"http:\/\/www.assocardan.org\/wp-content\/uploads\/2015\/11\/critique-art-st-riquier-1024x796.jpg\" alt=\"critique art Saint Riquier\" width=\"1024\" height=\"796\" srcset=\"https:\/\/www.assocardan.org\/wp-content\/uploads\/2015\/11\/critique-art-st-riquier-1024x796.jpg 1024w, https:\/\/www.assocardan.org\/wp-content\/uploads\/2015\/11\/critique-art-st-riquier-300x233.jpg 300w, https:\/\/www.assocardan.org\/wp-content\/uploads\/2015\/11\/critique-art-st-riquier-750x583.jpg 750w, https:\/\/www.assocardan.org\/wp-content\/uploads\/2015\/11\/critique-art-st-riquier-400x311.jpg 400w, https:\/\/www.assocardan.org\/wp-content\/uploads\/2015\/11\/critique-art-st-riquier-430x334.jpg 430w, https:\/\/www.assocardan.org\/wp-content\/uploads\/2015\/11\/critique-art-st-riquier-150x117.jpg 150w, https:\/\/www.assocardan.org\/wp-content\/uploads\/2015\/11\/critique-art-st-riquier-100x78.jpg 100w, https:\/\/www.assocardan.org\/wp-content\/uploads\/2015\/11\/critique-art-st-riquier.jpg 1853w\" sizes=\"auto, (max-width: 1024px) 100vw, 1024px\" \/><\/a><figcaption id=\"caption-attachment-4745\" class=\"wp-caption-text\">Source : Courrier Picard &#8211; 02\/11\/2015<\/figcaption><\/figure>\n","protected":false},"excerpt":{"rendered":"<p>Le 28 et 29 octobre 2015, un groupe de 8 enfants se sont initi\u00e9s \u00e0 la critique d&#8217;art et \u00e0 l&#8217;\u00e9criture d&#8217;une fiction, \u00e0 partir d&#8217;\u0153uvres choisies, au sein de [&hellip;]<\/p>\n","protected":false},"author":1,"featured_media":4745,"comment_status":"closed","ping_status":"closed","sticky":false,"template":"","format":"standard","meta":{"footnotes":""},"categories":[81,231,221,90],"tags":[101,34,92,197],"class_list":["post-4744","post","type-post","status-publish","format-standard","has-post-thumbnail","hentry","category-cest-passe","category-festivals","category-ma-parole","category-revue-de-presse","tag-abbeville","tag-lecture","tag-revue-de-presse-2","tag-saint-riquier"],"_links":{"self":[{"href":"https:\/\/www.assocardan.org\/index.php?rest_route=\/wp\/v2\/posts\/4744","targetHints":{"allow":["GET"]}}],"collection":[{"href":"https:\/\/www.assocardan.org\/index.php?rest_route=\/wp\/v2\/posts"}],"about":[{"href":"https:\/\/www.assocardan.org\/index.php?rest_route=\/wp\/v2\/types\/post"}],"author":[{"embeddable":true,"href":"https:\/\/www.assocardan.org\/index.php?rest_route=\/wp\/v2\/users\/1"}],"replies":[{"embeddable":true,"href":"https:\/\/www.assocardan.org\/index.php?rest_route=%2Fwp%2Fv2%2Fcomments&post=4744"}],"version-history":[{"count":4,"href":"https:\/\/www.assocardan.org\/index.php?rest_route=\/wp\/v2\/posts\/4744\/revisions"}],"predecessor-version":[{"id":4749,"href":"https:\/\/www.assocardan.org\/index.php?rest_route=\/wp\/v2\/posts\/4744\/revisions\/4749"}],"wp:featuredmedia":[{"embeddable":true,"href":"https:\/\/www.assocardan.org\/index.php?rest_route=\/wp\/v2\/media\/4745"}],"wp:attachment":[{"href":"https:\/\/www.assocardan.org\/index.php?rest_route=%2Fwp%2Fv2%2Fmedia&parent=4744"}],"wp:term":[{"taxonomy":"category","embeddable":true,"href":"https:\/\/www.assocardan.org\/index.php?rest_route=%2Fwp%2Fv2%2Fcategories&post=4744"},{"taxonomy":"post_tag","embeddable":true,"href":"https:\/\/www.assocardan.org\/index.php?rest_route=%2Fwp%2Fv2%2Ftags&post=4744"}],"curies":[{"name":"wp","href":"https:\/\/api.w.org\/{rel}","templated":true}]}}