{"id":4777,"date":"2015-11-30T16:55:49","date_gmt":"2015-11-30T15:55:49","guid":{"rendered":"http:\/\/www.assocardan.org\/?p=4777"},"modified":"2016-03-10T21:38:01","modified_gmt":"2016-03-10T20:38:01","slug":"ma-parole-2015-aura-lieu-a-labbaye-de-saint-riquier","status":"publish","type":"post","link":"https:\/\/www.assocardan.org\/?p=4777","title":{"rendered":"\u00ab Ma Parole 2015 ! \u00bb aura lieu \u00e0 l&#8217;Abbaye de Saint-Riquier"},"content":{"rendered":"<p style=\"text-align: center;\">Le festival\u00a0\u00ab Ma Parole ! \u00bb se d\u00e9roulera cette ann\u00e9e \u00e0 l&#8217;Abbaye de Saint-Riquier,<\/p>\n<h3 style=\"text-align: center;\">le samedi\u00a012 d\u00e9cembre 2015.<\/h3>\n<p><!--more--><\/p>\n<p>&nbsp;<\/p>\n<p>Voici le programme. Cliquez dessus pour l&#8217;agrandir.<\/p>\n<p><a href=\"http:\/\/www.assocardan.org\/wp-content\/uploads\/2015\/11\/PROG_MP_2015.pdf\" target=\"_blank\"><img loading=\"lazy\" decoding=\"async\" class=\"aligncenter wp-image-4795\" src=\"http:\/\/www.assocardan.org\/wp-content\/uploads\/2015\/11\/ma_parole_2015.jpg\" alt=\"ma_parole_2015\" width=\"500\" height=\"708\" srcset=\"https:\/\/www.assocardan.org\/wp-content\/uploads\/2015\/11\/ma_parole_2015.jpg 595w, https:\/\/www.assocardan.org\/wp-content\/uploads\/2015\/11\/ma_parole_2015-212x300.jpg 212w, https:\/\/www.assocardan.org\/wp-content\/uploads\/2015\/11\/ma_parole_2015-400x566.jpg 400w, https:\/\/www.assocardan.org\/wp-content\/uploads\/2015\/11\/ma_parole_2015-430x609.jpg 430w, https:\/\/www.assocardan.org\/wp-content\/uploads\/2015\/11\/ma_parole_2015-150x212.jpg 150w, https:\/\/www.assocardan.org\/wp-content\/uploads\/2015\/11\/ma_parole_2015-100x142.jpg 100w\" sizes=\"auto, (max-width: 500px) 100vw, 500px\" \/><\/a><\/p>\n","protected":false},"excerpt":{"rendered":"<p>Le festival\u00a0\u00ab Ma Parole ! \u00bb se d\u00e9roulera cette ann\u00e9e \u00e0 l&#8217;Abbaye de Saint-Riquier, le samedi\u00a012 d\u00e9cembre 2015.<\/p>\n","protected":false},"author":1,"featured_media":4795,"comment_status":"closed","ping_status":"closed","sticky":false,"template":"","format":"standard","meta":{"footnotes":""},"categories":[81,11,231,10,221],"tags":[211,107,30],"class_list":["post-4777","post","type-post","status-publish","format-standard","has-post-thumbnail","hentry","category-cest-passe","category-evenements","category-festivals","category-cardan","category-ma-parole","tag-abbaye-de-saint-riquier","tag-festival-ma-parole","tag-le-cardan"],"_links":{"self":[{"href":"https:\/\/www.assocardan.org\/index.php?rest_route=\/wp\/v2\/posts\/4777","targetHints":{"allow":["GET"]}}],"collection":[{"href":"https:\/\/www.assocardan.org\/index.php?rest_route=\/wp\/v2\/posts"}],"about":[{"href":"https:\/\/www.assocardan.org\/index.php?rest_route=\/wp\/v2\/types\/post"}],"author":[{"embeddable":true,"href":"https:\/\/www.assocardan.org\/index.php?rest_route=\/wp\/v2\/users\/1"}],"replies":[{"embeddable":true,"href":"https:\/\/www.assocardan.org\/index.php?rest_route=%2Fwp%2Fv2%2Fcomments&post=4777"}],"version-history":[{"count":27,"href":"https:\/\/www.assocardan.org\/index.php?rest_route=\/wp\/v2\/posts\/4777\/revisions"}],"predecessor-version":[{"id":4822,"href":"https:\/\/www.assocardan.org\/index.php?rest_route=\/wp\/v2\/posts\/4777\/revisions\/4822"}],"wp:featuredmedia":[{"embeddable":true,"href":"https:\/\/www.assocardan.org\/index.php?rest_route=\/wp\/v2\/media\/4795"}],"wp:attachment":[{"href":"https:\/\/www.assocardan.org\/index.php?rest_route=%2Fwp%2Fv2%2Fmedia&parent=4777"}],"wp:term":[{"taxonomy":"category","embeddable":true,"href":"https:\/\/www.assocardan.org\/index.php?rest_route=%2Fwp%2Fv2%2Fcategories&post=4777"},{"taxonomy":"post_tag","embeddable":true,"href":"https:\/\/www.assocardan.org\/index.php?rest_route=%2Fwp%2Fv2%2Ftags&post=4777"}],"curies":[{"name":"wp","href":"https:\/\/api.w.org\/{rel}","templated":true}]}}