{"id":4863,"date":"2015-12-09T23:31:20","date_gmt":"2015-12-09T22:31:20","guid":{"rendered":"http:\/\/www.assocardan.org\/?p=4863"},"modified":"2018-10-09T22:28:26","modified_gmt":"2018-10-09T20:28:26","slug":"mon-quartier-cest-notre-histoire-le-web-documentaire","status":"publish","type":"post","link":"https:\/\/www.assocardan.org\/?p=4863","title":{"rendered":"Mon quartier c&#8217;est notre histoire &#8211; Le web-documentaire"},"content":{"rendered":"<p style=\"text-align: center;\"><iframe loading=\"lazy\" src=\"https:\/\/player.vimeo.com\/video\/146119162\" width=\"500\" height=\"281\" frameborder=\"0\" allowfullscreen=\"allowfullscreen\"><\/iframe><\/p>\n<p style=\"text-align: justify;\">\u00ab <em>Mon quartier c\u2019est notre Histoire \u2013 Les noms de rues de notre quartier<\/em> \u00bb est un\u00a0projet commun des associations Cardan et <a href=\"http:\/\/canalnord.org\/\" target=\"_blank\">Carmen<\/a>. Il a r\u00e9uni un\u00a0groupe d&#8217;enfants d&#8217;Amiens\u00a0nord-est pour mener une enqu\u00eate\u00a0sur le nom des rues de leur quartier.<!--more--><\/p>\n<p style=\"text-align: justify;\">Ce projet s\u2019est d\u00e9roul\u00e9 de janvier \u00e0 septembre 2015. C\u2019est l\u2019occasion pour les enfants de mieux conna\u00eetre leur quartier, de l\u2019appr\u00e9cier, de se rep\u00e9rer, de confronter des sources diverses, de faire des recherches sur internet, sur un plan, et de d\u00e9couvrir des personnages c\u00e9l\u00e8bres. C\u2019est aussi l\u2019occasion de passer derri\u00e8re et devant la cam\u00e9ra et de r\u00e9aliser un document pour d\u2019autres enfants. C\u2019est enfin l\u2019occasion de faire des rencontres, de sortir de son quartier, de d\u00e9couvrir la ville et l\u2019Histoire autrement, de s\u2019\u00e9duquer aux m\u00e9dias et \u00e0 la citoyennet\u00e9.<\/p>\n<p><strong>Pour d\u00e9couvrir le web-documentaire, cliquez sur ce <a href=\"http:\/\/canalnord.org\/mon-quartier-cest-notre-histoire\/\" target=\"_blank\">lien<\/a>, puis sur l&#8217;image de l&#8217;article.<\/strong><\/p>\n<p>&nbsp;<\/p>\n","protected":false},"excerpt":{"rendered":"<p>\u00ab Mon quartier c\u2019est notre Histoire \u2013 Les noms de rues de notre quartier \u00bb est un\u00a0projet commun des associations Cardan et Carmen. Il a r\u00e9uni un\u00a0groupe d&#8217;enfants d&#8217;Amiens\u00a0nord-est pour [&hellip;]<\/p>\n","protected":false},"author":1,"featured_media":4871,"comment_status":"closed","ping_status":"closed","sticky":false,"template":"","format":"standard","meta":{"footnotes":""},"categories":[368,10],"tags":[126,214,30,215],"class_list":["post-4863","post","type-post","status-publish","format-standard","has-post-thumbnail","hentry","category-40-ans","category-cardan","tag-amiens","tag-carmen","tag-le-cardan","tag-web-documentaire"],"_links":{"self":[{"href":"https:\/\/www.assocardan.org\/index.php?rest_route=\/wp\/v2\/posts\/4863","targetHints":{"allow":["GET"]}}],"collection":[{"href":"https:\/\/www.assocardan.org\/index.php?rest_route=\/wp\/v2\/posts"}],"about":[{"href":"https:\/\/www.assocardan.org\/index.php?rest_route=\/wp\/v2\/types\/post"}],"author":[{"embeddable":true,"href":"https:\/\/www.assocardan.org\/index.php?rest_route=\/wp\/v2\/users\/1"}],"replies":[{"embeddable":true,"href":"https:\/\/www.assocardan.org\/index.php?rest_route=%2Fwp%2Fv2%2Fcomments&post=4863"}],"version-history":[{"count":8,"href":"https:\/\/www.assocardan.org\/index.php?rest_route=\/wp\/v2\/posts\/4863\/revisions"}],"predecessor-version":[{"id":4872,"href":"https:\/\/www.assocardan.org\/index.php?rest_route=\/wp\/v2\/posts\/4863\/revisions\/4872"}],"wp:featuredmedia":[{"embeddable":true,"href":"https:\/\/www.assocardan.org\/index.php?rest_route=\/wp\/v2\/media\/4871"}],"wp:attachment":[{"href":"https:\/\/www.assocardan.org\/index.php?rest_route=%2Fwp%2Fv2%2Fmedia&parent=4863"}],"wp:term":[{"taxonomy":"category","embeddable":true,"href":"https:\/\/www.assocardan.org\/index.php?rest_route=%2Fwp%2Fv2%2Fcategories&post=4863"},{"taxonomy":"post_tag","embeddable":true,"href":"https:\/\/www.assocardan.org\/index.php?rest_route=%2Fwp%2Fv2%2Ftags&post=4863"}],"curies":[{"name":"wp","href":"https:\/\/api.w.org\/{rel}","templated":true}]}}