{"id":4883,"date":"2015-12-13T14:36:51","date_gmt":"2015-12-13T13:36:51","guid":{"rendered":"http:\/\/www.assocardan.org\/?p=4883"},"modified":"2016-03-10T21:37:00","modified_gmt":"2016-03-10T20:37:00","slug":"mistral-a-reactions-festival-ma-parole-2015","status":"publish","type":"post","link":"https:\/\/www.assocardan.org\/?p=4883","title":{"rendered":"[Mistral \u00e0 r\u00e9action(s)] Festival \u00ab Ma Parole ! \u00bb 2015"},"content":{"rendered":"<p>\u00abMa Parole !\u00bb a eu lieu \u00e0 l\u2019Abbaye de Saint-Riquier ce samedi 12 d\u00e9cembre.<br \/>\nPour la seconde ann\u00e9e, Xavier H\u00e9bert a r\u00e9dig\u00e9 un num\u00e9ro \u00ab sp\u00e9cial Ma Parole \u00bb du Mistral \u00e0 r\u00e9action(s).<!--more--><\/p>\n<p>Le voici.<\/p>\n<p>&nbsp;<\/p>\n<p><em>Cliquez sur la page pour l&#8217;agrandir.<\/em><\/p>\n<p><a href=\"http:\/\/www.assocardan.org\/wp-content\/uploads\/2015\/12\/Mistral_a\u0300_re\u0301actions_MP_2015.pdf\" target=\"_blank\"><img loading=\"lazy\" decoding=\"async\" class=\"aligncenter wp-image-4884\" src=\"http:\/\/www.assocardan.org\/wp-content\/uploads\/2015\/12\/Mistral_a_r\u00e9action-Ma_Parole_2015.jpg\" alt=\"Mistral_a_r\u00e9action-Ma_Parole_2015\" width=\"400\" height=\"563\" srcset=\"https:\/\/www.assocardan.org\/wp-content\/uploads\/2015\/12\/Mistral_a_r\u00e9action-Ma_Parole_2015.jpg 680w, https:\/\/www.assocardan.org\/wp-content\/uploads\/2015\/12\/Mistral_a_r\u00e9action-Ma_Parole_2015-213x300.jpg 213w, https:\/\/www.assocardan.org\/wp-content\/uploads\/2015\/12\/Mistral_a_r\u00e9action-Ma_Parole_2015-400x563.jpg 400w, https:\/\/www.assocardan.org\/wp-content\/uploads\/2015\/12\/Mistral_a_r\u00e9action-Ma_Parole_2015-430x605.jpg 430w, https:\/\/www.assocardan.org\/wp-content\/uploads\/2015\/12\/Mistral_a_r\u00e9action-Ma_Parole_2015-150x211.jpg 150w, https:\/\/www.assocardan.org\/wp-content\/uploads\/2015\/12\/Mistral_a_r\u00e9action-Ma_Parole_2015-100x141.jpg 100w\" sizes=\"auto, (max-width: 400px) 100vw, 400px\" \/><\/a><\/p>\n<p>&nbsp;<\/p>\n","protected":false},"excerpt":{"rendered":"<p>\u00abMa Parole !\u00bb a eu lieu \u00e0 l\u2019Abbaye de Saint-Riquier ce samedi 12 d\u00e9cembre. Pour la seconde ann\u00e9e, Xavier H\u00e9bert a r\u00e9dig\u00e9 un num\u00e9ro \u00ab sp\u00e9cial Ma Parole \u00bb du [&hellip;]<\/p>\n","protected":false},"author":1,"featured_media":4884,"comment_status":"closed","ping_status":"closed","sticky":false,"template":"","format":"standard","meta":{"footnotes":""},"categories":[81,11,231,10,221,213],"tags":[211,107,30,111],"class_list":["post-4883","post","type-post","status-publish","format-standard","has-post-thumbnail","hentry","category-cest-passe","category-evenements","category-festivals","category-cardan","category-ma-parole","category-mistral-a-reactions","tag-abbaye-de-saint-riquier","tag-festival-ma-parole","tag-le-cardan","tag-mistral-a-reactions"],"_links":{"self":[{"href":"https:\/\/www.assocardan.org\/index.php?rest_route=\/wp\/v2\/posts\/4883","targetHints":{"allow":["GET"]}}],"collection":[{"href":"https:\/\/www.assocardan.org\/index.php?rest_route=\/wp\/v2\/posts"}],"about":[{"href":"https:\/\/www.assocardan.org\/index.php?rest_route=\/wp\/v2\/types\/post"}],"author":[{"embeddable":true,"href":"https:\/\/www.assocardan.org\/index.php?rest_route=\/wp\/v2\/users\/1"}],"replies":[{"embeddable":true,"href":"https:\/\/www.assocardan.org\/index.php?rest_route=%2Fwp%2Fv2%2Fcomments&post=4883"}],"version-history":[{"count":3,"href":"https:\/\/www.assocardan.org\/index.php?rest_route=\/wp\/v2\/posts\/4883\/revisions"}],"predecessor-version":[{"id":4888,"href":"https:\/\/www.assocardan.org\/index.php?rest_route=\/wp\/v2\/posts\/4883\/revisions\/4888"}],"wp:featuredmedia":[{"embeddable":true,"href":"https:\/\/www.assocardan.org\/index.php?rest_route=\/wp\/v2\/media\/4884"}],"wp:attachment":[{"href":"https:\/\/www.assocardan.org\/index.php?rest_route=%2Fwp%2Fv2%2Fmedia&parent=4883"}],"wp:term":[{"taxonomy":"category","embeddable":true,"href":"https:\/\/www.assocardan.org\/index.php?rest_route=%2Fwp%2Fv2%2Fcategories&post=4883"},{"taxonomy":"post_tag","embeddable":true,"href":"https:\/\/www.assocardan.org\/index.php?rest_route=%2Fwp%2Fv2%2Ftags&post=4883"}],"curies":[{"name":"wp","href":"https:\/\/api.w.org\/{rel}","templated":true}]}}