{"id":4931,"date":"2015-12-21T17:44:58","date_gmt":"2015-12-21T16:44:58","guid":{"rendered":"http:\/\/www.assocardan.org\/?p=4931"},"modified":"2016-07-05T17:19:09","modified_gmt":"2016-07-05T15:19:09","slug":"appel-au-don","status":"publish","type":"post","link":"https:\/\/www.assocardan.org\/?p=4931","title":{"rendered":"Appel au don"},"content":{"rendered":"<p style=\"text-align: justify;\">Ch\u00e8res amies, chers amis de Cardan,<br \/>\nPlus encore qu&#8217;hier, les dons et cotisations au monde associatif sont n\u00e9cessaires.<br \/>\nD&#8217;une part parce qu&#8217;ils conf\u00e8rent des moyens d&#8217;actions et renforcent l&#8217;ind\u00e9pendance des associations.<br \/>\nD&#8217;autre part parce que vous n&#8217;\u00eates pas sans savoir que la restriction de la d\u00e9pense publique concerne \u00e9galement les structures associatives d\u00e9pendantes des subventions publiques.<br \/>\nEnfin, parce qu&#8217;un don au Cardan permet de <strong>b\u00e9n\u00e9ficier de 66% de r\u00e9duction d&#8217;imp\u00f4t <\/strong>(dans la limite de 20% du revenu).<\/p>\n<p style=\"text-align: justify;\">L&#8217;association Cardan \u0153uvre depuis 1978 pour l&#8217;\u00e9ducation des jeunes, l&#8217;acc\u00e8s \u00e0 la citoyennet\u00e9, la connaissance, la dignit\u00e9. Car selon le milieu dans lequel nous \u00e9voluons, les chances d&#8217;acc\u00e8s \u00e0 la lecture, \u00e0 l&#8217;\u00e9criture, \u00e0 la connaissance, ne sont pas les m\u00eames.<\/p>\n<p style=\"text-align: justify;\">Nous savons que vous \u00eates d\u00e9j\u00e0 contribuable et vous proposons de \u00ab fl\u00e9cher \u00bb pr\u00e9cis\u00e9ment \u00e0 qui vous destinez l&#8217;utilisation de l&#8217;argent public, parce que faire un don \u00e0 une association, (quelle qu&#8217;elle soit), c&#8217;est un peu choisir \u00e0 quoi vont servir nos imp\u00f4ts.<\/p>\n<p style=\"text-align: justify;\">Vous trouverez ci-dessous <em><strong>la lettre de la pr\u00e9sidente<\/strong><\/em>, ainsi qu&#8217;<em><strong>une pr\u00e9sentation succincte de ce que fait l&#8217;association Cardan<\/strong><\/em>.<\/p>\n<p style=\"text-align: justify;\">Nous vous remercions de votre soutien et vous souhaitons de belles f\u00eates de fin d\u2019ann\u00e9e.<\/p>\n<hr \/>\n<p>Voici la fiche de pr\u00e9sentation des actions du Cardan (Cliquez sur l&#8217;image pour l&#8217;agrandir) :<\/p>\n<p><a href=\"http:\/\/www.assocardan.org\/wp-content\/uploads\/2015\/12\/CardanPresentation.pdf\" target=\"_blank\"><img loading=\"lazy\" decoding=\"async\" class=\"aligncenter wp-image-4933\" src=\"http:\/\/www.assocardan.org\/wp-content\/uploads\/2015\/12\/Fiche_pr\u00e9sentation.jpg\" alt=\"Fiche_pr\u00e9sentation_cardan\" width=\"300\" height=\"427\" srcset=\"https:\/\/www.assocardan.org\/wp-content\/uploads\/2015\/12\/Fiche_pr\u00e9sentation.jpg 672w, https:\/\/www.assocardan.org\/wp-content\/uploads\/2015\/12\/Fiche_pr\u00e9sentation-211x300.jpg 211w, https:\/\/www.assocardan.org\/wp-content\/uploads\/2015\/12\/Fiche_pr\u00e9sentation-400x570.jpg 400w, https:\/\/www.assocardan.org\/wp-content\/uploads\/2015\/12\/Fiche_pr\u00e9sentation-430x612.jpg 430w, https:\/\/www.assocardan.org\/wp-content\/uploads\/2015\/12\/Fiche_pr\u00e9sentation-150x214.jpg 150w, https:\/\/www.assocardan.org\/wp-content\/uploads\/2015\/12\/Fiche_pr\u00e9sentation-100x142.jpg 100w\" sizes=\"auto, (max-width: 300px) 100vw, 300px\" \/><\/a><\/p>\n<p>et la lettre de la pr\u00e9sidente de l&#8217;association (Cliquez sur l&#8217;image pour l&#8217;agrandir) :<\/p>\n<p><a href=\"http:\/\/www.assocardan.org\/wp-content\/uploads\/2015\/12\/Appel-aux-dons-2015-2.pdf\" target=\"_blank\"><img loading=\"lazy\" decoding=\"async\" class=\"aligncenter wp-image-4935\" src=\"http:\/\/www.assocardan.org\/wp-content\/uploads\/2015\/12\/Lettre_don.jpg\" alt=\"Lettre_don\" width=\"300\" height=\"427\" srcset=\"https:\/\/www.assocardan.org\/wp-content\/uploads\/2015\/12\/Lettre_don.jpg 680w, https:\/\/www.assocardan.org\/wp-content\/uploads\/2015\/12\/Lettre_don-211x300.jpg 211w, https:\/\/www.assocardan.org\/wp-content\/uploads\/2015\/12\/Lettre_don-400x569.jpg 400w, https:\/\/www.assocardan.org\/wp-content\/uploads\/2015\/12\/Lettre_don-430x612.jpg 430w, https:\/\/www.assocardan.org\/wp-content\/uploads\/2015\/12\/Lettre_don-150x214.jpg 150w, https:\/\/www.assocardan.org\/wp-content\/uploads\/2015\/12\/Lettre_don-100x142.jpg 100w\" sizes=\"auto, (max-width: 300px) 100vw, 300px\" \/><\/a><\/p>\n<p style=\"text-align: justify;\">\n","protected":false},"excerpt":{"rendered":"<p>Ch\u00e8res amies, chers amis de Cardan, Plus encore qu&#8217;hier, les dons et cotisations au monde associatif sont n\u00e9cessaires. D&#8217;une part parce qu&#8217;ils conf\u00e8rent des moyens d&#8217;actions et renforcent l&#8217;ind\u00e9pendance des [&hellip;]<\/p>\n","protected":false},"author":1,"featured_media":4933,"comment_status":"closed","ping_status":"closed","sticky":false,"template":"","format":"standard","meta":{"footnotes":""},"categories":[10],"tags":[218,30],"class_list":["post-4931","post","type-post","status-publish","format-standard","has-post-thumbnail","hentry","category-cardan","tag-appel-au-don","tag-le-cardan"],"_links":{"self":[{"href":"https:\/\/www.assocardan.org\/index.php?rest_route=\/wp\/v2\/posts\/4931","targetHints":{"allow":["GET"]}}],"collection":[{"href":"https:\/\/www.assocardan.org\/index.php?rest_route=\/wp\/v2\/posts"}],"about":[{"href":"https:\/\/www.assocardan.org\/index.php?rest_route=\/wp\/v2\/types\/post"}],"author":[{"embeddable":true,"href":"https:\/\/www.assocardan.org\/index.php?rest_route=\/wp\/v2\/users\/1"}],"replies":[{"embeddable":true,"href":"https:\/\/www.assocardan.org\/index.php?rest_route=%2Fwp%2Fv2%2Fcomments&post=4931"}],"version-history":[{"count":10,"href":"https:\/\/www.assocardan.org\/index.php?rest_route=\/wp\/v2\/posts\/4931\/revisions"}],"predecessor-version":[{"id":4939,"href":"https:\/\/www.assocardan.org\/index.php?rest_route=\/wp\/v2\/posts\/4931\/revisions\/4939"}],"wp:featuredmedia":[{"embeddable":true,"href":"https:\/\/www.assocardan.org\/index.php?rest_route=\/wp\/v2\/media\/4933"}],"wp:attachment":[{"href":"https:\/\/www.assocardan.org\/index.php?rest_route=%2Fwp%2Fv2%2Fmedia&parent=4931"}],"wp:term":[{"taxonomy":"category","embeddable":true,"href":"https:\/\/www.assocardan.org\/index.php?rest_route=%2Fwp%2Fv2%2Fcategories&post=4931"},{"taxonomy":"post_tag","embeddable":true,"href":"https:\/\/www.assocardan.org\/index.php?rest_route=%2Fwp%2Fv2%2Ftags&post=4931"}],"curies":[{"name":"wp","href":"https:\/\/api.w.org\/{rel}","templated":true}]}}