{"id":4997,"date":"2016-01-18T16:51:31","date_gmt":"2016-01-18T15:51:31","guid":{"rendered":"http:\/\/www.assocardan.org\/?p=4997"},"modified":"2016-03-10T21:32:45","modified_gmt":"2016-03-10T20:32:45","slug":"festival-ma-parole-2015-latelier-de-poesie-visuelle","status":"publish","type":"post","link":"https:\/\/www.assocardan.org\/?p=4997","title":{"rendered":"Festival \u00ab Ma Parole ! \u00bb 2015 &#8211; l\u2019atelier de po\u00e9sie visuelle"},"content":{"rendered":"<p style=\"text-align: justify;\">Le festival\u00a0\u00ab <strong>Ma Parole !<\/strong> \u00bb a eu lieu le 12 d\u00e9cembre 2015 \u00e0 l\u2019Abbaye royale de Saint-Riquier.<\/p>\n<p style=\"text-align: justify;\">Un num\u00e9ro sp\u00e9cial du Mistral \u00e0 r\u00e9action(s) est d&#8217;ailleurs,\u00a0paru pour l&#8217;occasion. Vous pouvez le lire en cliquant sur <strong><a href=\"http:\/\/www.assocardan.org\/?p=4883\" target=\"_blank\">ce lien<\/a><\/strong>. Au cours de cette journ\u00e9e furent propos\u00e9s plusieurs\u00a0ateliers.<\/p>\n<p style=\"text-align: justify;\">Annie Krim nous\u00a0pr\u00e9sente aujourd&#8217;hui son\u00a0atelier de po\u00e9sie visuelle.<\/p>\n<p style=\"text-align: justify;\"><!--more--><\/p>\n<blockquote>\n<p style=\"text-align: justify;\"><a href=\"http:\/\/www.assocardan.org\/wp-content\/uploads\/2016\/01\/objets_atelier_Annie_Krim_2.jpg\" target=\"_blank\"><img loading=\"lazy\" decoding=\"async\" class=\"alignright wp-image-5016 size-thumbnail\" src=\"http:\/\/www.assocardan.org\/wp-content\/uploads\/2016\/01\/objets_atelier_Annie_Krim_2-150x150.jpg\" alt=\"objets_atelier_Annie_Krim_2\" width=\"150\" height=\"150\" \/><\/a><\/p>\n<p style=\"text-align: justify;\">Je propose un atelier qui fait appel aux souvenirs des participants, \u00e0 leur \u00e9motion, avec un aspect tr\u00e8s ludique.\u00a0Il consiste \u00e0 fouiller dans mes tiroirs, mes petites bo\u00eetes, mes coffrets et mes \u00e9crins, \u00e0 la recherche\u00a0des tr\u00e9sors, des petits riens, des souvenirs, qui y dorment.<\/p>\n<p style=\"text-align: justify;\">On conna\u00eet le plaisir de toucher de petites choses, m\u00eame \u00e0 l\u2019\u00e2ge adulte, toucher l\u2019objet, le\u00a0retourner \u00a0dans tous les sens. Le plaisir visuel, contribue \u00e0 l\u2019expression orale, \u00e0 la remont\u00e9e des souvenirs, et parfois \u00e0 une expression tr\u00e8s po\u00e9tique.<\/p>\n<p><a href=\"http:\/\/www.assocardan.org\/wp-content\/uploads\/2016\/01\/Auriez-vous_\u00c7A.jpg\" target=\"_blank\"><img loading=\"lazy\" decoding=\"async\" class=\"alignleft wp-image-5005\" src=\"http:\/\/www.assocardan.org\/wp-content\/uploads\/2016\/01\/Auriez-vous_\u00c7A-150x150.jpg\" alt=\"Auriez-vous \u00c7A ?\" width=\"136\" height=\"136\" srcset=\"https:\/\/www.assocardan.org\/wp-content\/uploads\/2016\/01\/Auriez-vous_\u00c7A-150x151.jpg 150w, https:\/\/www.assocardan.org\/wp-content\/uploads\/2016\/01\/Auriez-vous_\u00c7A-300x300.jpg 300w, https:\/\/www.assocardan.org\/wp-content\/uploads\/2016\/01\/Auriez-vous_\u00c7A-768x772.jpg 768w, https:\/\/www.assocardan.org\/wp-content\/uploads\/2016\/01\/Auriez-vous_\u00c7A-750x754.jpg 750w, https:\/\/www.assocardan.org\/wp-content\/uploads\/2016\/01\/Auriez-vous_\u00c7A-400x402.jpg 400w, https:\/\/www.assocardan.org\/wp-content\/uploads\/2016\/01\/Auriez-vous_\u00c7A-430x432.jpg 430w, https:\/\/www.assocardan.org\/wp-content\/uploads\/2016\/01\/Auriez-vous_\u00c7A-100x100.jpg 100w, https:\/\/www.assocardan.org\/wp-content\/uploads\/2016\/01\/Auriez-vous_\u00c7A.jpg 810w\" sizes=\"auto, (max-width: 136px) 100vw, 136px\" \/><\/a><\/p>\n<p style=\"text-align: justify;\">L\u2019inspiration viendra\u00a0aussi d\u2019un album de Fr\u00e9d\u00e9ric Cl\u00e9ment : &#8220;<a href=\"http:\/\/www.albin-michel.fr\/Auriez-vous-ca-de-Frederic-Clement--EAN=9782226318640\" target=\"_blank\">Auriez-vous \u00c7A ?<\/a>&#8221; (\u00e9d. Albin Michel), qui m\u2019a particuli\u00e8rement frapp\u00e9e par son univers qui ressemble au mien. L\u2019album sera propos\u00e9 \u00e0 la lecture, au feuilletage\u2026<\/p>\n<p>&nbsp;<\/p>\n<p style=\"text-align: justify;\"><a href=\"http:\/\/www.assocardan.org\/wp-content\/uploads\/2016\/01\/objets_atelier_Annie_Krim_1.jpg\" target=\"_blank\"><img loading=\"lazy\" decoding=\"async\" class=\"alignright wp-image-5020 size-thumbnail\" src=\"http:\/\/www.assocardan.org\/wp-content\/uploads\/2016\/01\/objets_atelier_Annie_Krim_1-150x150.jpg\" alt=\"objets_atelier_Annie_Krim_1\" width=\"150\" height=\"150\" \/><\/a>Apr\u00e8s exploration des tr\u00e9sors, les participants pourront choisir quelques objets, les disposer \u00e0 leur guise sur une feuille A4 de couleur, unie ou imprim\u00e9e (nuages, pluie, herbe\u2026). Puis, ils s\u2019exprimeront sur leur installation et nous \u00e9crirons un petit texte.<\/p>\n<p style=\"text-align: justify;\">Cet ensemble combinera po\u00e9sie visuelle et texte. La feuille avec les objets sera photographi\u00e9e, puis la photo sera imprim\u00e9e imm\u00e9diatement, coll\u00e9e sur un A4 cartonn\u00e9 et le texte sera \u00e9crit ou tap\u00e9 \u00e0 l\u2019ordinateur puis coll\u00e9 sous la photo. Le\/la participant\/e repartira avec sa feuille.<\/p>\n<\/blockquote>\n<p>&nbsp;<\/p>\n<p>Voici les\u00a0r\u00e9alisations\u00a0produites lors de l&#8217;atelier. Pour les voir, cliquez sur les images.<\/p>\n<p>&nbsp;<\/p>\n<table>\n<tbody>\n<tr>\n<td>\n<p><figure id=\"attachment_5078\" aria-describedby=\"caption-attachment-5078\" style=\"width: 150px\" class=\"wp-caption aligncenter\"><a href=\"http:\/\/www.assocardan.org\/wp-content\/uploads\/2016\/01\/Achille.pdf\" target=\"_blank\"><img loading=\"lazy\" decoding=\"async\" class=\"wp-image-5078 size-thumbnail\" src=\"http:\/\/www.assocardan.org\/wp-content\/uploads\/2016\/01\/poesie_visuelle_Achille-150x150.jpg\" alt=\"poesie_visuelle_Achille\" width=\"150\" height=\"150\" \/><\/a><figcaption id=\"caption-attachment-5078\" class=\"wp-caption-text\">Achille<\/figcaption><\/figure><\/td>\n<td>\n<p><figure id=\"attachment_5079\" aria-describedby=\"caption-attachment-5079\" style=\"width: 150px\" class=\"wp-caption aligncenter\"><a href=\"http:\/\/www.assocardan.org\/wp-content\/uploads\/2016\/01\/Alban.pdf\" target=\"_blank\"><img loading=\"lazy\" decoding=\"async\" class=\"wp-image-5079 size-thumbnail\" src=\"http:\/\/www.assocardan.org\/wp-content\/uploads\/2016\/01\/poesie_visuelle_Alban-150x150.jpg\" alt=\"poesie_visuelle_Alban\" width=\"150\" height=\"150\" \/><\/a><figcaption id=\"caption-attachment-5079\" class=\"wp-caption-text\">Alban<\/figcaption><\/figure><\/td>\n<td>\n<p><figure id=\"attachment_5080\" aria-describedby=\"caption-attachment-5080\" style=\"width: 150px\" class=\"wp-caption aligncenter\"><a href=\"http:\/\/www.assocardan.org\/wp-content\/uploads\/2016\/01\/Cassandra.pdf\" target=\"_blank\"><img loading=\"lazy\" decoding=\"async\" class=\"wp-image-5080 size-thumbnail\" src=\"http:\/\/www.assocardan.org\/wp-content\/uploads\/2016\/01\/poesie_visuelle_Cassandra-150x150.jpg\" alt=\"poesie_visuelle_Cassandra\" width=\"150\" height=\"150\" \/><\/a><figcaption id=\"caption-attachment-5080\" class=\"wp-caption-text\">Cassandra<\/figcaption><\/figure><\/td>\n<td>\n<p><figure id=\"attachment_5081\" aria-describedby=\"caption-attachment-5081\" style=\"width: 150px\" class=\"wp-caption aligncenter\"><a href=\"http:\/\/www.assocardan.org\/wp-content\/uploads\/2016\/01\/Delphine.pdf\" target=\"_blank\"><img loading=\"lazy\" decoding=\"async\" class=\"wp-image-5081 size-thumbnail\" src=\"http:\/\/www.assocardan.org\/wp-content\/uploads\/2016\/01\/poesie_visuelle_Delphine-150x150.jpg\" alt=\"poesie_visuelle_Delphine\" width=\"150\" height=\"150\" \/><\/a><figcaption id=\"caption-attachment-5081\" class=\"wp-caption-text\">Delphine<\/figcaption><\/figure><\/td>\n<\/tr>\n<tr>\n<td>\n<p><figure id=\"attachment_5082\" aria-describedby=\"caption-attachment-5082\" style=\"width: 150px\" class=\"wp-caption aligncenter\"><a href=\"http:\/\/www.assocardan.org\/wp-content\/uploads\/2016\/01\/Francine.pdf\" target=\"_blank\"><img loading=\"lazy\" decoding=\"async\" class=\"wp-image-5082 size-thumbnail\" src=\"http:\/\/www.assocardan.org\/wp-content\/uploads\/2016\/01\/poesie_visuelle_Francine-150x150.jpg\" alt=\"poesie_visuelle_Francine\" width=\"150\" height=\"150\" \/><\/a><figcaption id=\"caption-attachment-5082\" class=\"wp-caption-text\">Francine<\/figcaption><\/figure><\/td>\n<td>\n<p><figure id=\"attachment_5083\" aria-describedby=\"caption-attachment-5083\" style=\"width: 150px\" class=\"wp-caption aligncenter\"><a href=\"http:\/\/www.assocardan.org\/wp-content\/uploads\/2016\/01\/Garance.pdf\" target=\"_blank\"><img loading=\"lazy\" decoding=\"async\" class=\"wp-image-5083 size-thumbnail\" src=\"http:\/\/www.assocardan.org\/wp-content\/uploads\/2016\/01\/poesie_visuelle_Garance-150x150.jpg\" alt=\"poesie_visuelle_Garance\" width=\"150\" height=\"150\" \/><\/a><figcaption id=\"caption-attachment-5083\" class=\"wp-caption-text\">Garance<\/figcaption><\/figure><\/td>\n<td>\n<p><figure id=\"attachment_5084\" aria-describedby=\"caption-attachment-5084\" style=\"width: 150px\" class=\"wp-caption aligncenter\"><a href=\"http:\/\/www.assocardan.org\/wp-content\/uploads\/2016\/01\/Henriette.pdf\" target=\"_blank\"><img loading=\"lazy\" decoding=\"async\" class=\"wp-image-5084 size-thumbnail\" src=\"http:\/\/www.assocardan.org\/wp-content\/uploads\/2016\/01\/poesie_visuelle_Henriette-150x150.jpg\" alt=\"poesie_visuelle_Henriette\" width=\"150\" height=\"150\" \/><\/a><figcaption id=\"caption-attachment-5084\" class=\"wp-caption-text\">Henriette<\/figcaption><\/figure><\/td>\n<td>\n<p><figure id=\"attachment_5085\" aria-describedby=\"caption-attachment-5085\" style=\"width: 150px\" class=\"wp-caption aligncenter\"><a href=\"http:\/\/www.assocardan.org\/wp-content\/uploads\/2016\/01\/Hugo.pdf\" target=\"_blank\"><img loading=\"lazy\" decoding=\"async\" class=\"wp-image-5085 size-thumbnail\" src=\"http:\/\/www.assocardan.org\/wp-content\/uploads\/2016\/01\/poesie_visuelle_Hugo-150x150.jpg\" alt=\"poesie_visuelle_Hugo\" width=\"150\" height=\"150\" \/><\/a><figcaption id=\"caption-attachment-5085\" class=\"wp-caption-text\">Hugo<\/figcaption><\/figure><\/td>\n<\/tr>\n<tr>\n<td>\n<p><figure id=\"attachment_5086\" aria-describedby=\"caption-attachment-5086\" style=\"width: 150px\" class=\"wp-caption aligncenter\"><a href=\"http:\/\/www.assocardan.org\/wp-content\/uploads\/2016\/01\/Joseph.pdf\" target=\"_blank\"><img loading=\"lazy\" decoding=\"async\" class=\"wp-image-5086 size-thumbnail\" src=\"http:\/\/www.assocardan.org\/wp-content\/uploads\/2016\/01\/poesie_visuelle_Joseph-150x150.jpg\" alt=\"poesie_visuelle_Joseph\" width=\"150\" height=\"150\" \/><\/a><figcaption id=\"caption-attachment-5086\" class=\"wp-caption-text\">Joseph<\/figcaption><\/figure><\/td>\n<td>\n<p><figure id=\"attachment_5087\" aria-describedby=\"caption-attachment-5087\" style=\"width: 150px\" class=\"wp-caption aligncenter\"><a href=\"http:\/\/www.assocardan.org\/wp-content\/uploads\/2016\/01\/Laurent.pdf\" target=\"_blank\"><img loading=\"lazy\" decoding=\"async\" class=\"wp-image-5087 size-thumbnail\" src=\"http:\/\/www.assocardan.org\/wp-content\/uploads\/2016\/01\/poesie_visuelle_Laurent-150x150.jpg\" alt=\"poesie_visuelle_Laurent\" width=\"150\" height=\"150\" \/><\/a><figcaption id=\"caption-attachment-5087\" class=\"wp-caption-text\">Laurent<\/figcaption><\/figure><\/td>\n<td>\n<p><figure id=\"attachment_5088\" aria-describedby=\"caption-attachment-5088\" style=\"width: 150px\" class=\"wp-caption aligncenter\"><a href=\"http:\/\/www.assocardan.org\/wp-content\/uploads\/2016\/01\/Loi\u0308c_1.pdf\" target=\"_blank\"><img loading=\"lazy\" decoding=\"async\" class=\"wp-image-5088 size-thumbnail\" src=\"http:\/\/www.assocardan.org\/wp-content\/uploads\/2016\/01\/poesie_visuelle_Loic1-150x150.jpg\" alt=\"poesie_visuelle_Loic1\" width=\"150\" height=\"150\" \/><\/a><figcaption id=\"caption-attachment-5088\" class=\"wp-caption-text\">Loic 1<\/figcaption><\/figure><\/td>\n<td>\n<p><figure id=\"attachment_5089\" aria-describedby=\"caption-attachment-5089\" style=\"width: 150px\" class=\"wp-caption aligncenter\"><a href=\"http:\/\/www.assocardan.org\/wp-content\/uploads\/2016\/01\/Loi\u0308c_2.pdf\" target=\"_blank\"><img loading=\"lazy\" decoding=\"async\" class=\"wp-image-5089 size-thumbnail\" src=\"http:\/\/www.assocardan.org\/wp-content\/uploads\/2016\/01\/poesie_visuelle_Loic2-150x150.jpg\" alt=\"poesie_visuelle_Loic2\" width=\"150\" height=\"150\" \/><\/a><figcaption id=\"caption-attachment-5089\" class=\"wp-caption-text\">Loic 2<\/figcaption><\/figure><\/td>\n<\/tr>\n<tr>\n<td>\n<p><figure id=\"attachment_5090\" aria-describedby=\"caption-attachment-5090\" style=\"width: 150px\" class=\"wp-caption aligncenter\"><a href=\"http:\/\/www.assocardan.org\/wp-content\/uploads\/2016\/01\/Loi\u0308c-3.pdf\" target=\"_blank\"><img loading=\"lazy\" decoding=\"async\" class=\"wp-image-5090 size-thumbnail\" src=\"http:\/\/www.assocardan.org\/wp-content\/uploads\/2016\/01\/poesie_visuelle_Loic3-150x150.jpg\" alt=\"poesie_visuelle_Loic3\" width=\"150\" height=\"150\" \/><\/a><figcaption id=\"caption-attachment-5090\" class=\"wp-caption-text\">Loic 3<\/figcaption><\/figure><\/td>\n<td>\n<p><figure id=\"attachment_5091\" aria-describedby=\"caption-attachment-5091\" style=\"width: 150px\" class=\"wp-caption aligncenter\"><a href=\"http:\/\/www.assocardan.org\/wp-content\/uploads\/2016\/01\/Lucia.pdf\" target=\"_blank\"><img loading=\"lazy\" decoding=\"async\" class=\"wp-image-5091 size-thumbnail\" src=\"http:\/\/www.assocardan.org\/wp-content\/uploads\/2016\/01\/poesie_visuelle_Lucia-150x150.jpg\" alt=\"poesie_visuelle_Lucia\" width=\"150\" height=\"150\" \/><\/a><figcaption id=\"caption-attachment-5091\" class=\"wp-caption-text\">Lucia<\/figcaption><\/figure><\/td>\n<td>\n<p><figure id=\"attachment_5092\" aria-describedby=\"caption-attachment-5092\" style=\"width: 150px\" class=\"wp-caption aligncenter\"><a href=\"http:\/\/www.assocardan.org\/wp-content\/uploads\/2016\/01\/Marcelline.pdf\" target=\"_blank\"><img loading=\"lazy\" decoding=\"async\" class=\"wp-image-5092 size-thumbnail\" src=\"http:\/\/www.assocardan.org\/wp-content\/uploads\/2016\/01\/poesie_visuelle_Marcelline-150x150.jpg\" alt=\"poesie_visuelle_Marcelline\" width=\"150\" height=\"150\" \/><\/a><figcaption id=\"caption-attachment-5092\" class=\"wp-caption-text\">Marcelline<\/figcaption><\/figure><\/td>\n<td>\n<p><figure id=\"attachment_5093\" aria-describedby=\"caption-attachment-5093\" style=\"width: 150px\" class=\"wp-caption aligncenter\"><a href=\"http:\/\/www.assocardan.org\/wp-content\/uploads\/2016\/01\/Martine_1.pdf\" target=\"_blank\"><img loading=\"lazy\" decoding=\"async\" class=\"wp-image-5093 size-thumbnail\" src=\"http:\/\/www.assocardan.org\/wp-content\/uploads\/2016\/01\/poesie_visuelle_Martine-150x150.jpg\" alt=\"poesie_visuelle_Martine\" width=\"150\" height=\"150\" \/><\/a><figcaption id=\"caption-attachment-5093\" class=\"wp-caption-text\">Martine 1<\/figcaption><\/figure><\/td>\n<\/tr>\n<tr>\n<td>\n<p><figure id=\"attachment_5094\" aria-describedby=\"caption-attachment-5094\" style=\"width: 150px\" class=\"wp-caption aligncenter\"><a href=\"http:\/\/www.assocardan.org\/wp-content\/uploads\/2016\/01\/Martine_2.pdf\" target=\"_blank\"><img loading=\"lazy\" decoding=\"async\" class=\"wp-image-5094 size-thumbnail\" src=\"http:\/\/www.assocardan.org\/wp-content\/uploads\/2016\/01\/poesie_visuelle_Martine2-150x150.jpg\" alt=\"poesie_visuelle_Martine2\" width=\"150\" height=\"150\" \/><\/a><figcaption id=\"caption-attachment-5094\" class=\"wp-caption-text\">Martine 2<\/figcaption><\/figure><\/td>\n<td>\n<p><figure id=\"attachment_5095\" aria-describedby=\"caption-attachment-5095\" style=\"width: 150px\" class=\"wp-caption aligncenter\"><a href=\"http:\/\/www.assocardan.org\/wp-content\/uploads\/2016\/01\/Nino.pdf\" target=\"_blank\"><img loading=\"lazy\" decoding=\"async\" class=\"wp-image-5095 size-thumbnail\" src=\"http:\/\/www.assocardan.org\/wp-content\/uploads\/2016\/01\/poesie_visuelle_Nino-150x150.jpg\" alt=\"poesie_visuelle_Nino\" width=\"150\" height=\"150\" \/><\/a><figcaption id=\"caption-attachment-5095\" class=\"wp-caption-text\">Nino<\/figcaption><\/figure><\/td>\n<td>\n<p><figure id=\"attachment_5096\" aria-describedby=\"caption-attachment-5096\" style=\"width: 150px\" class=\"wp-caption aligncenter\"><a href=\"http:\/\/www.assocardan.org\/wp-content\/uploads\/2016\/01\/Phillipe.pdf\" target=\"_blank\"><img loading=\"lazy\" decoding=\"async\" class=\"wp-image-5096 size-thumbnail\" src=\"http:\/\/www.assocardan.org\/wp-content\/uploads\/2016\/01\/poesie_visuelle_Philippe-150x150.jpg\" alt=\"poesie_visuelle_Philippe\" width=\"150\" height=\"150\" \/><\/a><figcaption id=\"caption-attachment-5096\" class=\"wp-caption-text\">Philippe<\/figcaption><\/figure><\/td>\n<td>\n<p><figure id=\"attachment_5097\" aria-describedby=\"caption-attachment-5097\" style=\"width: 150px\" class=\"wp-caption aligncenter\"><a href=\"http:\/\/www.assocardan.org\/wp-content\/uploads\/2016\/01\/Ste\u0301phanie.pdf\" target=\"_blank\"><img loading=\"lazy\" decoding=\"async\" class=\"wp-image-5097 size-thumbnail\" src=\"http:\/\/www.assocardan.org\/wp-content\/uploads\/2016\/01\/poesie_visuelle_Stephanie-150x150.jpg\" alt=\"poesie_visuelle_Stephanie\" width=\"150\" height=\"150\" \/><\/a><figcaption id=\"caption-attachment-5097\" class=\"wp-caption-text\">St\u00e9phanie<\/figcaption><\/figure><\/td>\n<\/tr>\n<\/tbody>\n<\/table>\n","protected":false},"excerpt":{"rendered":"<p>Le festival\u00a0\u00ab Ma Parole ! \u00bb a eu lieu le 12 d\u00e9cembre 2015 \u00e0 l\u2019Abbaye royale de Saint-Riquier. Un num\u00e9ro sp\u00e9cial du Mistral \u00e0 r\u00e9action(s) est d&#8217;ailleurs,\u00a0paru pour l&#8217;occasion. Vous [&hellip;]<\/p>\n","protected":false},"author":1,"featured_media":5020,"comment_status":"closed","ping_status":"closed","sticky":false,"template":"","format":"standard","meta":{"footnotes":""},"categories":[81,11,231,221],"tags":[211,101,107,30],"class_list":["post-4997","post","type-post","status-publish","format-standard","has-post-thumbnail","hentry","category-cest-passe","category-evenements","category-festivals","category-ma-parole","tag-abbaye-de-saint-riquier","tag-abbeville","tag-festival-ma-parole","tag-le-cardan"],"_links":{"self":[{"href":"https:\/\/www.assocardan.org\/index.php?rest_route=\/wp\/v2\/posts\/4997","targetHints":{"allow":["GET"]}}],"collection":[{"href":"https:\/\/www.assocardan.org\/index.php?rest_route=\/wp\/v2\/posts"}],"about":[{"href":"https:\/\/www.assocardan.org\/index.php?rest_route=\/wp\/v2\/types\/post"}],"author":[{"embeddable":true,"href":"https:\/\/www.assocardan.org\/index.php?rest_route=\/wp\/v2\/users\/1"}],"replies":[{"embeddable":true,"href":"https:\/\/www.assocardan.org\/index.php?rest_route=%2Fwp%2Fv2%2Fcomments&post=4997"}],"version-history":[{"count":44,"href":"https:\/\/www.assocardan.org\/index.php?rest_route=\/wp\/v2\/posts\/4997\/revisions"}],"predecessor-version":[{"id":5118,"href":"https:\/\/www.assocardan.org\/index.php?rest_route=\/wp\/v2\/posts\/4997\/revisions\/5118"}],"wp:featuredmedia":[{"embeddable":true,"href":"https:\/\/www.assocardan.org\/index.php?rest_route=\/wp\/v2\/media\/5020"}],"wp:attachment":[{"href":"https:\/\/www.assocardan.org\/index.php?rest_route=%2Fwp%2Fv2%2Fmedia&parent=4997"}],"wp:term":[{"taxonomy":"category","embeddable":true,"href":"https:\/\/www.assocardan.org\/index.php?rest_route=%2Fwp%2Fv2%2Fcategories&post=4997"},{"taxonomy":"post_tag","embeddable":true,"href":"https:\/\/www.assocardan.org\/index.php?rest_route=%2Fwp%2Fv2%2Ftags&post=4997"}],"curies":[{"name":"wp","href":"https:\/\/api.w.org\/{rel}","templated":true}]}}