{"id":5128,"date":"2016-01-21T14:11:29","date_gmt":"2016-01-21T13:11:29","guid":{"rendered":"http:\/\/www.assocardan.org\/?p=5128"},"modified":"2016-07-26T15:14:27","modified_gmt":"2016-07-26T13:14:27","slug":"mon-experience-en-lecture-de-rue-par-cecilia","status":"publish","type":"post","link":"https:\/\/www.assocardan.org\/?p=5128","title":{"rendered":"Mon exp\u00e9rience en lecture de rue par C\u00e9cilia"},"content":{"rendered":"<p style=\"text-align: justify;\"><img loading=\"lazy\" decoding=\"async\" class=\"alignright wp-image-5288\" src=\"http:\/\/www.assocardan.org\/wp-content\/uploads\/2016\/01\/cecilia012-300x197.jpg\" alt=\"cecilia012\" width=\"245\" height=\"158\" \/>J\u2019ai commenc\u00e9 \u00e0 l\u2019\u00e2ge de 5 ans. J\u2019\u00e9tais plut\u00f4t timide et r\u00e9serv\u00e9e. Je n\u2019aimais pas trop aller vers les autres. Mais quand j\u2019ai vu ces deux femmes sur le banc avec autant de livres, \u00e7a m\u2019a interpell\u00e9 et j\u2019y suis tout de suite all\u00e9. Je n\u2019ai pas \u00e9t\u00e9 d\u00e9\u00e7ue !<\/p>\n<p style=\"text-align: justify;\"><img loading=\"lazy\" decoding=\"async\" class=\"alignleft\" src=\"http:\/\/www.assocardan.org\/wp-content\/uploads\/2016\/01\/cecilia001-300x201.jpg\" alt=\"cecilia001\" width=\"247\" height=\"167\" \/>Elles ont \u00e9t\u00e9 adorables et m\u2019ont mis \u00e0 l\u2019aise. J\u2019ai appris \u00e0 lire avec elles. J\u2019ai aim\u00e9 faire des sorties. Parfois, Laurence venait me chercher pour aller dans les autres quartiers, mais ce que\u00a0j\u2019ai le plus appr\u00e9ci\u00e9, m\u00eame ADOR\u00c9, ce sont les moments pass\u00e9s avec les \u00e9crivains. Je n\u2019ai manqu\u00e9 aucune ann\u00e9e. Inventer une histoire qui allait \u00eatre lue et \u00e9cout\u00e9e, voir mon pr\u00e9nom \u00e0 la fin me rendait fi\u00e8re.<\/p>\n<p style=\"text-align: justify;\">C\u2019\u00e9tait une fa\u00e7on de lib\u00e9rer ma timidit\u00e9 et de laisser place \u00e0 mon c\u00f4t\u00e9 inventif.<\/p>\n<p style=\"text-align: justify;\">\u00c0 l\u2019\u00e2ge de 16 ans, je suis partie avec Aude faire la lecture aux enfants. C\u2019\u00e9tait pour moi important de transmettre le go\u00fbt de la lecture. Comme j\u2019avais eu la chance de croiser deux femmes superbes qui l\u2019avaient partag\u00e9 avec moi.<\/p>\n<p style=\"text-align: justify;\">Maintenant que je suis maman, j\u2019aimerais le partager avec ma fille pour qu\u2019elle apprenne \u00e0 d\u00e9velopper son imagination et plus tard pouvoir s\u2019int\u00e9resser \u00e0 autre chose que la technologie\u00a0(T\u00e9l\u00e9vision, ordinateur, etc\u2026).<\/p>\n<p>&nbsp;<\/p>\n<p style=\"text-align: right;\"><span style=\"color: #999999;\"><em>C\u00e9cilia<\/em><\/span><\/p>\n<p>&nbsp;<\/p>\n<hr \/>\n<h4 style=\"text-align: left;\">L&#8217;atelier Point-Virgule est financ\u00e9 par :<\/h4>\n<h6 style=\"text-align: left;\"><strong><img loading=\"lazy\" decoding=\"async\" class=\"alignleft wp-image-5597\" src=\"http:\/\/www.assocardan.org\/wp-content\/uploads\/2016\/01\/logo_Ville-Acse_CMJN.jpg\" alt=\"logo_Ville-Acse\" width=\"90\" height=\"62\" srcset=\"https:\/\/www.assocardan.org\/wp-content\/uploads\/2016\/01\/logo_Ville-Acse_CMJN.jpg 300w, https:\/\/www.assocardan.org\/wp-content\/uploads\/2016\/01\/logo_Ville-Acse_CMJN-150x104.jpg 150w, https:\/\/www.assocardan.org\/wp-content\/uploads\/2016\/01\/logo_Ville-Acse_CMJN-100x69.jpg 100w\" sizes=\"auto, (max-width: 90px) 100vw, 90px\" \/><img loading=\"lazy\" decoding=\"async\" class=\"alignleft wp-image-5600\" src=\"http:\/\/www.assocardan.org\/wp-content\/uploads\/2016\/01\/logo_mobile.jpg\" alt=\"logo_cget\" width=\"50\" height=\"36\" srcset=\"https:\/\/www.assocardan.org\/wp-content\/uploads\/2016\/01\/logo_mobile.jpg 136w, https:\/\/www.assocardan.org\/wp-content\/uploads\/2016\/01\/logo_mobile-100x71.jpg 100w\" sizes=\"auto, (max-width: 50px) 100vw, 50px\" \/><img loading=\"lazy\" decoding=\"async\" class=\"alignleft wp-image-5567\" src=\"http:\/\/www.assocardan.org\/wp-content\/uploads\/2016\/03\/FCM-Lecture_Logo-e1459259344995.jpg\" alt=\"FCM-Lecture_Logo\" width=\"100\" height=\"50\" \/><img loading=\"lazy\" decoding=\"async\" class=\"alignleft wp-image-5598\" src=\"http:\/\/www.assocardan.org\/wp-content\/uploads\/2016\/01\/logoDRACMCC.jpg\" alt=\"logoDRACMCC\" width=\"56\" height=\"70\" srcset=\"https:\/\/www.assocardan.org\/wp-content\/uploads\/2016\/01\/logoDRACMCC.jpg 211w, https:\/\/www.assocardan.org\/wp-content\/uploads\/2016\/01\/logoDRACMCC-150x188.jpg 150w, https:\/\/www.assocardan.org\/wp-content\/uploads\/2016\/01\/logoDRACMCC-100x125.jpg 100w\" sizes=\"auto, (max-width: 56px) 100vw, 56px\" \/><img loading=\"lazy\" decoding=\"async\" class=\"alignleft wp-image-5599\" src=\"http:\/\/www.assocardan.org\/wp-content\/uploads\/2016\/01\/prefet-de-la-somme.jpg\" alt=\"pr\u00e9fet de la somme logo\" width=\"70\" height=\"70\" srcset=\"https:\/\/www.assocardan.org\/wp-content\/uploads\/2016\/01\/prefet-de-la-somme.jpg 200w, https:\/\/www.assocardan.org\/wp-content\/uploads\/2016\/01\/prefet-de-la-somme-150x150.jpg 150w, https:\/\/www.assocardan.org\/wp-content\/uploads\/2016\/01\/prefet-de-la-somme-100x100.jpg 100w\" sizes=\"auto, (max-width: 70px) 100vw, 70px\" \/><img loading=\"lazy\" decoding=\"async\" class=\"alignleft wp-image-5595\" src=\"http:\/\/www.assocardan.org\/wp-content\/uploads\/2016\/01\/conseil-departemental-somme.jpg\" alt=\"conseil departemental somme_logo\" width=\"60\" height=\"60\" srcset=\"https:\/\/www.assocardan.org\/wp-content\/uploads\/2016\/01\/conseil-departemental-somme.jpg 311w, https:\/\/www.assocardan.org\/wp-content\/uploads\/2016\/01\/conseil-departemental-somme-150x150.jpg 150w, https:\/\/www.assocardan.org\/wp-content\/uploads\/2016\/01\/conseil-departemental-somme-300x300.jpg 300w, https:\/\/www.assocardan.org\/wp-content\/uploads\/2016\/01\/conseil-departemental-somme-100x100.jpg 100w\" sizes=\"auto, (max-width: 60px) 100vw, 60px\" \/><img loading=\"lazy\" decoding=\"async\" class=\"alignleft wp-image-5594\" src=\"http:\/\/www.assocardan.org\/wp-content\/uploads\/2016\/01\/abbeville.png\" alt=\"abbeville_logo\" width=\"60\" height=\"60\" srcset=\"https:\/\/www.assocardan.org\/wp-content\/uploads\/2016\/01\/abbeville.png 300w, https:\/\/www.assocardan.org\/wp-content\/uploads\/2016\/01\/abbeville-150x150.png 150w, https:\/\/www.assocardan.org\/wp-content\/uploads\/2016\/01\/abbeville-100x100.png 100w\" sizes=\"auto, (max-width: 60px) 100vw, 60px\" \/><\/strong><\/h6>\n<p>&nbsp;<\/p>\n<p>&nbsp;<\/p>\n<p>&nbsp;<\/p>\n<h6><em>Nous remercions humblement le contribuable.<\/em><\/h6>\n<p>&nbsp;<\/p>\n","protected":false},"excerpt":{"rendered":"<p>J\u2019ai commenc\u00e9 \u00e0 l\u2019\u00e2ge de 5 ans. J\u2019\u00e9tais plut\u00f4t timide et r\u00e9serv\u00e9e. Je n\u2019aimais pas trop aller vers les autres. Mais quand j\u2019ai vu ces deux femmes sur le banc [&hellip;]<\/p>\n","protected":false},"author":1,"featured_media":5288,"comment_status":"closed","ping_status":"closed","sticky":false,"template":"","format":"standard","meta":{"footnotes":""},"categories":[223],"tags":[101,95,222],"class_list":["post-5128","post","type-post","status-publish","format-standard","has-post-thumbnail","hentry","category-lectures","tag-abbeville","tag-esperances","tag-lectures-de-rue"],"_links":{"self":[{"href":"https:\/\/www.assocardan.org\/index.php?rest_route=\/wp\/v2\/posts\/5128","targetHints":{"allow":["GET"]}}],"collection":[{"href":"https:\/\/www.assocardan.org\/index.php?rest_route=\/wp\/v2\/posts"}],"about":[{"href":"https:\/\/www.assocardan.org\/index.php?rest_route=\/wp\/v2\/types\/post"}],"author":[{"embeddable":true,"href":"https:\/\/www.assocardan.org\/index.php?rest_route=\/wp\/v2\/users\/1"}],"replies":[{"embeddable":true,"href":"https:\/\/www.assocardan.org\/index.php?rest_route=%2Fwp%2Fv2%2Fcomments&post=5128"}],"version-history":[{"count":18,"href":"https:\/\/www.assocardan.org\/index.php?rest_route=\/wp\/v2\/posts\/5128\/revisions"}],"predecessor-version":[{"id":5654,"href":"https:\/\/www.assocardan.org\/index.php?rest_route=\/wp\/v2\/posts\/5128\/revisions\/5654"}],"wp:featuredmedia":[{"embeddable":true,"href":"https:\/\/www.assocardan.org\/index.php?rest_route=\/wp\/v2\/media\/5288"}],"wp:attachment":[{"href":"https:\/\/www.assocardan.org\/index.php?rest_route=%2Fwp%2Fv2%2Fmedia&parent=5128"}],"wp:term":[{"taxonomy":"category","embeddable":true,"href":"https:\/\/www.assocardan.org\/index.php?rest_route=%2Fwp%2Fv2%2Fcategories&post=5128"},{"taxonomy":"post_tag","embeddable":true,"href":"https:\/\/www.assocardan.org\/index.php?rest_route=%2Fwp%2Fv2%2Ftags&post=5128"}],"curies":[{"name":"wp","href":"https:\/\/api.w.org\/{rel}","templated":true}]}}