{"id":5138,"date":"2016-02-04T16:08:35","date_gmt":"2016-02-04T15:08:35","guid":{"rendered":"http:\/\/www.assocardan.org\/?p=5138"},"modified":"2016-07-26T15:13:49","modified_gmt":"2016-07-26T13:13:49","slug":"sejour-a-lisbonne","status":"publish","type":"post","link":"https:\/\/www.assocardan.org\/?p=5138","title":{"rendered":"S\u00e9jour \u00e0 Lisbonne"},"content":{"rendered":"<div style=\"display: none;\"><img loading=\"lazy\" decoding=\"async\" src=\"http:\/\/www.assocardan.org\/wp-content\/uploads\/2016\/01\/photo-groupe.jpg\" width=\"400\" height=\"400\" \/><\/div>\n<p><b><\/b><a href=\"http:\/\/www.assocardan.org\/wp-content\/uploads\/2016\/02\/1385801_4973698319925_1043854076_n.jpg\" target=\"_blank\" rel=\"attachment wp-att-5196\"><br \/>\n<img loading=\"lazy\" decoding=\"async\" class=\"alignright wp-image-5196\" src=\"http:\/\/www.assocardan.org\/wp-content\/uploads\/2016\/02\/1385801_4973698319925_1043854076_n-225x300.jpg\" alt=\"1385801_4973698319925_1043854076_n\" width=\"149\" height=\"199\" srcset=\"https:\/\/www.assocardan.org\/wp-content\/uploads\/2016\/02\/1385801_4973698319925_1043854076_n-225x300.jpg 225w, https:\/\/www.assocardan.org\/wp-content\/uploads\/2016\/02\/1385801_4973698319925_1043854076_n-400x533.jpg 400w, https:\/\/www.assocardan.org\/wp-content\/uploads\/2016\/02\/1385801_4973698319925_1043854076_n-430x573.jpg 430w, https:\/\/www.assocardan.org\/wp-content\/uploads\/2016\/02\/1385801_4973698319925_1043854076_n-150x200.jpg 150w, https:\/\/www.assocardan.org\/wp-content\/uploads\/2016\/02\/1385801_4973698319925_1043854076_n-100x133.jpg 100w, https:\/\/www.assocardan.org\/wp-content\/uploads\/2016\/02\/1385801_4973698319925_1043854076_n.jpg 480w\" sizes=\"auto, (max-width: 149px) 100vw, 149px\" \/><\/a><\/p>\n<p><b>Le Portugal <\/b><\/p>\n<p style=\"text-align: justify;\"><a href=\"http:\/\/www.assocardan.org\/wp-content\/uploads\/2016\/01\/regina.jpg\" rel=\"attachment wp-att-5143\"><img loading=\"lazy\" decoding=\"async\" class=\" wp-image-5143 alignleft\" src=\"http:\/\/www.assocardan.org\/wp-content\/uploads\/2016\/01\/regina-225x300.jpg\" alt=\"regina\" width=\"200\" height=\"267\" srcset=\"https:\/\/www.assocardan.org\/wp-content\/uploads\/2016\/01\/regina-225x300.jpg 225w, https:\/\/www.assocardan.org\/wp-content\/uploads\/2016\/01\/regina-768x1024.jpg 768w, https:\/\/www.assocardan.org\/wp-content\/uploads\/2016\/01\/regina-750x1000.jpg 750w, https:\/\/www.assocardan.org\/wp-content\/uploads\/2016\/01\/regina-400x533.jpg 400w, https:\/\/www.assocardan.org\/wp-content\/uploads\/2016\/01\/regina-430x573.jpg 430w, https:\/\/www.assocardan.org\/wp-content\/uploads\/2016\/01\/regina-150x200.jpg 150w, https:\/\/www.assocardan.org\/wp-content\/uploads\/2016\/01\/regina-100x133.jpg 100w\" sizes=\"auto, (max-width: 200px) 100vw, 200px\" \/><\/a>Regina Guimar\u00e3es est une \u00e9crivaine portugaise engag\u00e9e contre les injustices. Nous avons pu faire sa connaissance car Luiz avait d\u00e9j\u00e0 des contact avec elle. Ensuite, nous avons correspondu avec Regina par mail sur notre probl\u00e9matique de l\u2019offre culturelle par l\u2019emploi. Les groupes de Rue et Moreuil ont \u00e9galement correspondu avec Regina sur leurs probl\u00e9matiques. L\u2019id\u00e9e est donc venue d\u2019organiser un colloque \u00e0 Lisbonne pour \u00e9changer et rencontrer des savants, des \u00e9lus et des habitants\u2026 pour voir comment cela fonctionnait au Portugal. Tout ceci a \u00e9t\u00e9 tr\u00e8s enrichissant. Par exemple, nous nous sommes rendus compte qu\u2019un pauvre en France est plus \u00ab riche \u00bb \u00e0 Lisbonne (le RSA fran\u00e7ais est \u00e9quivalent au SMIC portugais). Notre premier colloque, c\u2019est un rapprochement entre la Casa da Achada et nous. Lors de ce colloque, nous avons essay\u00e9 de voir les diff\u00e9rences entre la France et le Portugal dans l\u2019offre culturelle et l\u2019emploi.<\/p>\n<p style=\"text-align: right;\"><em><span style=\"color: #999999;\">Val\u00e9rie<\/span><\/em><\/p>\n<p style=\"text-align: justify;\">Pendant la recherche-action, j\u2019ai pu aller au Portugal pour travailler et \u00e9changer nos id\u00e9es. Pendant les d\u00e9bats au Portugal, j\u2019ai entendu beaucoup de choses. Mais il y a un point qui m\u2019a surpris : c\u2019est d\u2019entendre qu\u2019il avait pas assez d\u2019affaires d\u2019\u00e9cole dans certains quartiers d\u00e9favoris\u00e9s. Et \u00e7a m\u2019a donn\u00e9 une id\u00e9e, c\u2019est de r\u00e9colter des cahiers, des crayons. Et je voudrais trouver des personnes et un transporteur pour que ce projet se mette en place.<\/p>\n<p style=\"text-align: right;\"><span style=\"color: #999999;\"><em>Jean-Fran\u00e7ois<\/em><\/span><\/p>\n<hr \/>\n<p>&nbsp;<\/p>\n<div id='gallery-1' class='gallery galleryid-5138 gallery-columns-3 gallery-size-thumbnail'><figure class='gallery-item'>\n\t\t\t<div class='gallery-icon landscape'>\n\t\t\t\t<a href='https:\/\/www.assocardan.org\/wp-content\/uploads\/2016\/01\/valerie.jpg'><img loading=\"lazy\" decoding=\"async\" width=\"150\" height=\"150\" src=\"https:\/\/www.assocardan.org\/wp-content\/uploads\/2016\/01\/valerie-150x150.jpg\" class=\"attachment-thumbnail size-thumbnail\" alt=\"\" aria-describedby=\"gallery-1-5145\" \/><\/a>\n\t\t\t<\/div>\n\t\t\t\t<figcaption class='wp-caption-text gallery-caption' id='gallery-1-5145'>\n\t\t\t\tEn mode cache-cache\n\t\t\t\t<\/figcaption><\/figure><figure class='gallery-item'>\n\t\t\t<div class='gallery-icon landscape'>\n\t\t\t\t<a href='https:\/\/www.assocardan.org\/wp-content\/uploads\/2016\/01\/aeroport.jpg'><img loading=\"lazy\" decoding=\"async\" width=\"150\" height=\"150\" src=\"https:\/\/www.assocardan.org\/wp-content\/uploads\/2016\/01\/aeroport-150x150.jpg\" class=\"attachment-thumbnail size-thumbnail\" alt=\"\" aria-describedby=\"gallery-1-5144\" \/><\/a>\n\t\t\t<\/div>\n\t\t\t\t<figcaption class='wp-caption-text gallery-caption' id='gallery-1-5144'>\n\t\t\t\tLe stress monte\n\t\t\t\t<\/figcaption><\/figure><figure class='gallery-item'>\n\t\t\t<div class='gallery-icon portrait'>\n\t\t\t\t<a href='https:\/\/www.assocardan.org\/wp-content\/uploads\/2016\/01\/photo-groupe.jpg'><img loading=\"lazy\" decoding=\"async\" width=\"150\" height=\"150\" src=\"https:\/\/www.assocardan.org\/wp-content\/uploads\/2016\/01\/photo-groupe-150x150.jpg\" class=\"attachment-thumbnail size-thumbnail\" alt=\"\" aria-describedby=\"gallery-1-5142\" \/><\/a>\n\t\t\t<\/div>\n\t\t\t\t<figcaption class='wp-caption-text gallery-caption' id='gallery-1-5142'>\n\t\t\t\tRepas en famille\n\t\t\t\t<\/figcaption><\/figure><figure class='gallery-item'>\n\t\t\t<div class='gallery-icon portrait'>\n\t\t\t\t<a href='https:\/\/www.assocardan.org\/wp-content\/uploads\/2016\/01\/P1010254.jpg'><img loading=\"lazy\" decoding=\"async\" width=\"150\" height=\"150\" src=\"https:\/\/www.assocardan.org\/wp-content\/uploads\/2016\/01\/P1010254-150x150.jpg\" class=\"attachment-thumbnail size-thumbnail\" alt=\"\" aria-describedby=\"gallery-1-5141\" \/><\/a>\n\t\t\t<\/div>\n\t\t\t\t<figcaption class='wp-caption-text gallery-caption' id='gallery-1-5141'>\n\t\t\t\tEn attendant l&#8217;avion\n\t\t\t\t<\/figcaption><\/figure><figure class='gallery-item'>\n\t\t\t<div class='gallery-icon portrait'>\n\t\t\t\t<a href='https:\/\/www.assocardan.org\/wp-content\/uploads\/2016\/01\/luiz1.jpg'><img loading=\"lazy\" decoding=\"async\" width=\"150\" height=\"150\" src=\"https:\/\/www.assocardan.org\/wp-content\/uploads\/2016\/01\/luiz1-150x150.jpg\" class=\"attachment-thumbnail size-thumbnail\" alt=\"\" aria-describedby=\"gallery-1-5140\" \/><\/a>\n\t\t\t<\/div>\n\t\t\t\t<figcaption class='wp-caption-text gallery-caption' id='gallery-1-5140'>\n\t\t\t\tEn mode heureux\n\t\t\t\t<\/figcaption><\/figure><figure class='gallery-item'>\n\t\t\t<div class='gallery-icon landscape'>\n\t\t\t\t<a href='https:\/\/www.assocardan.org\/wp-content\/uploads\/2016\/01\/jctrain.jpg'><img loading=\"lazy\" decoding=\"async\" width=\"150\" height=\"150\" src=\"https:\/\/www.assocardan.org\/wp-content\/uploads\/2016\/01\/jctrain-150x150.jpg\" class=\"attachment-thumbnail size-thumbnail\" alt=\"\" aria-describedby=\"gallery-1-5139\" \/><\/a>\n\t\t\t<\/div>\n\t\t\t\t<figcaption class='wp-caption-text gallery-caption' id='gallery-1-5139'>\n\t\t\t\tEn mode r\u00e9flexion\n\t\t\t\t<\/figcaption><\/figure><figure class='gallery-item'>\n\t\t\t<div class='gallery-icon landscape'>\n\t\t\t\t<a href='https:\/\/www.assocardan.org\/wp-content\/uploads\/2016\/02\/1393388_4987966476620_1479101895_n.jpg'><img loading=\"lazy\" decoding=\"async\" width=\"150\" height=\"150\" src=\"https:\/\/www.assocardan.org\/wp-content\/uploads\/2016\/02\/1393388_4987966476620_1479101895_n-150x150.jpg\" class=\"attachment-thumbnail size-thumbnail\" alt=\"\" aria-describedby=\"gallery-1-5197\" \/><\/a>\n\t\t\t<\/div>\n\t\t\t\t<figcaption class='wp-caption-text gallery-caption' id='gallery-1-5197'>\n\t\t\t\tLe clown est l\u00e0\n\t\t\t\t<\/figcaption><\/figure><figure class='gallery-item'>\n\t\t\t<div class='gallery-icon portrait'>\n\t\t\t\t<a href='https:\/\/www.assocardan.org\/wp-content\/uploads\/2016\/02\/994644_4973697159896_1893282736_n.jpg'><img loading=\"lazy\" decoding=\"async\" width=\"150\" height=\"150\" src=\"https:\/\/www.assocardan.org\/wp-content\/uploads\/2016\/02\/994644_4973697159896_1893282736_n-150x150.jpg\" class=\"attachment-thumbnail size-thumbnail\" alt=\"\" aria-describedby=\"gallery-1-5205\" \/><\/a>\n\t\t\t<\/div>\n\t\t\t\t<figcaption class='wp-caption-text gallery-caption' id='gallery-1-5205'>\n\t\t\t\tEn plein travail\n\t\t\t\t<\/figcaption><\/figure>\n\t\t<\/div>\n\n<p>&nbsp;<\/p>\n<hr \/>\n<h4 style=\"text-align: left;\">L&#8217;atelier Point-Virgule est financ\u00e9 par :<\/h4>\n<h6 style=\"text-align: left;\"><strong><img loading=\"lazy\" decoding=\"async\" class=\"alignleft wp-image-5597\" src=\"http:\/\/www.assocardan.org\/wp-content\/uploads\/2016\/01\/logo_Ville-Acse_CMJN.jpg\" alt=\"logo_Ville-Acse\" width=\"90\" height=\"62\" srcset=\"https:\/\/www.assocardan.org\/wp-content\/uploads\/2016\/01\/logo_Ville-Acse_CMJN.jpg 300w, https:\/\/www.assocardan.org\/wp-content\/uploads\/2016\/01\/logo_Ville-Acse_CMJN-150x104.jpg 150w, https:\/\/www.assocardan.org\/wp-content\/uploads\/2016\/01\/logo_Ville-Acse_CMJN-100x69.jpg 100w\" sizes=\"auto, (max-width: 90px) 100vw, 90px\" \/><img loading=\"lazy\" decoding=\"async\" class=\"alignleft wp-image-5600\" src=\"http:\/\/www.assocardan.org\/wp-content\/uploads\/2016\/01\/logo_mobile.jpg\" alt=\"logo_cget\" width=\"50\" height=\"36\" srcset=\"https:\/\/www.assocardan.org\/wp-content\/uploads\/2016\/01\/logo_mobile.jpg 136w, https:\/\/www.assocardan.org\/wp-content\/uploads\/2016\/01\/logo_mobile-100x71.jpg 100w\" sizes=\"auto, (max-width: 50px) 100vw, 50px\" \/><img loading=\"lazy\" decoding=\"async\" class=\"alignleft wp-image-5567\" src=\"http:\/\/www.assocardan.org\/wp-content\/uploads\/2016\/03\/FCM-Lecture_Logo-e1459259344995.jpg\" alt=\"FCM-Lecture_Logo\" width=\"100\" height=\"50\" \/><img loading=\"lazy\" decoding=\"async\" class=\"alignleft wp-image-5598\" src=\"http:\/\/www.assocardan.org\/wp-content\/uploads\/2016\/01\/logoDRACMCC.jpg\" alt=\"logoDRACMCC\" width=\"56\" height=\"70\" srcset=\"https:\/\/www.assocardan.org\/wp-content\/uploads\/2016\/01\/logoDRACMCC.jpg 211w, https:\/\/www.assocardan.org\/wp-content\/uploads\/2016\/01\/logoDRACMCC-150x188.jpg 150w, https:\/\/www.assocardan.org\/wp-content\/uploads\/2016\/01\/logoDRACMCC-100x125.jpg 100w\" sizes=\"auto, (max-width: 56px) 100vw, 56px\" \/><img loading=\"lazy\" decoding=\"async\" class=\"alignleft wp-image-5599\" src=\"http:\/\/www.assocardan.org\/wp-content\/uploads\/2016\/01\/prefet-de-la-somme.jpg\" alt=\"pr\u00e9fet de la somme logo\" width=\"70\" height=\"70\" srcset=\"https:\/\/www.assocardan.org\/wp-content\/uploads\/2016\/01\/prefet-de-la-somme.jpg 200w, https:\/\/www.assocardan.org\/wp-content\/uploads\/2016\/01\/prefet-de-la-somme-150x150.jpg 150w, https:\/\/www.assocardan.org\/wp-content\/uploads\/2016\/01\/prefet-de-la-somme-100x100.jpg 100w\" sizes=\"auto, (max-width: 70px) 100vw, 70px\" \/><img loading=\"lazy\" decoding=\"async\" class=\"alignleft wp-image-5595\" src=\"http:\/\/www.assocardan.org\/wp-content\/uploads\/2016\/01\/conseil-departemental-somme.jpg\" alt=\"conseil departemental somme_logo\" width=\"60\" height=\"60\" srcset=\"https:\/\/www.assocardan.org\/wp-content\/uploads\/2016\/01\/conseil-departemental-somme.jpg 311w, https:\/\/www.assocardan.org\/wp-content\/uploads\/2016\/01\/conseil-departemental-somme-150x150.jpg 150w, https:\/\/www.assocardan.org\/wp-content\/uploads\/2016\/01\/conseil-departemental-somme-300x300.jpg 300w, https:\/\/www.assocardan.org\/wp-content\/uploads\/2016\/01\/conseil-departemental-somme-100x100.jpg 100w\" sizes=\"auto, (max-width: 60px) 100vw, 60px\" \/><img loading=\"lazy\" decoding=\"async\" class=\"alignleft wp-image-5594\" src=\"http:\/\/www.assocardan.org\/wp-content\/uploads\/2016\/01\/abbeville.png\" alt=\"abbeville_logo\" width=\"60\" height=\"60\" srcset=\"https:\/\/www.assocardan.org\/wp-content\/uploads\/2016\/01\/abbeville.png 300w, https:\/\/www.assocardan.org\/wp-content\/uploads\/2016\/01\/abbeville-150x150.png 150w, https:\/\/www.assocardan.org\/wp-content\/uploads\/2016\/01\/abbeville-100x100.png 100w\" sizes=\"auto, (max-width: 60px) 100vw, 60px\" \/><\/strong><\/h6>\n<p>&nbsp;<\/p>\n<p>&nbsp;<\/p>\n<p>&nbsp;<\/p>\n<h6><em>Nous remercions humblement le contribuable.<\/em><\/h6>\n<p>&nbsp;<\/p>\n","protected":false},"excerpt":{"rendered":"<p>Le Portugal Regina Guimar\u00e3es est une \u00e9crivaine portugaise engag\u00e9e contre les injustices. Nous avons pu faire sa connaissance car Luiz avait d\u00e9j\u00e0 des contact avec elle. Ensuite, nous avons correspondu [&hellip;]<\/p>\n","protected":false},"author":1,"featured_media":5653,"comment_status":"closed","ping_status":"closed","sticky":false,"template":"","format":"standard","meta":{"footnotes":""},"categories":[226],"tags":[101,84,224,95],"class_list":["post-5138","post","type-post","status-publish","format-standard","has-post-thumbnail","hentry","category-ailleurs","tag-abbeville","tag-benevoles","tag-colloque-a-lisbonne","tag-esperances"],"_links":{"self":[{"href":"https:\/\/www.assocardan.org\/index.php?rest_route=\/wp\/v2\/posts\/5138","targetHints":{"allow":["GET"]}}],"collection":[{"href":"https:\/\/www.assocardan.org\/index.php?rest_route=\/wp\/v2\/posts"}],"about":[{"href":"https:\/\/www.assocardan.org\/index.php?rest_route=\/wp\/v2\/types\/post"}],"author":[{"embeddable":true,"href":"https:\/\/www.assocardan.org\/index.php?rest_route=\/wp\/v2\/users\/1"}],"replies":[{"embeddable":true,"href":"https:\/\/www.assocardan.org\/index.php?rest_route=%2Fwp%2Fv2%2Fcomments&post=5138"}],"version-history":[{"count":38,"href":"https:\/\/www.assocardan.org\/index.php?rest_route=\/wp\/v2\/posts\/5138\/revisions"}],"predecessor-version":[{"id":5647,"href":"https:\/\/www.assocardan.org\/index.php?rest_route=\/wp\/v2\/posts\/5138\/revisions\/5647"}],"wp:featuredmedia":[{"embeddable":true,"href":"https:\/\/www.assocardan.org\/index.php?rest_route=\/wp\/v2\/media\/5653"}],"wp:attachment":[{"href":"https:\/\/www.assocardan.org\/index.php?rest_route=%2Fwp%2Fv2%2Fmedia&parent=5138"}],"wp:term":[{"taxonomy":"category","embeddable":true,"href":"https:\/\/www.assocardan.org\/index.php?rest_route=%2Fwp%2Fv2%2Fcategories&post=5138"},{"taxonomy":"post_tag","embeddable":true,"href":"https:\/\/www.assocardan.org\/index.php?rest_route=%2Fwp%2Fv2%2Ftags&post=5138"}],"curies":[{"name":"wp","href":"https:\/\/api.w.org\/{rel}","templated":true}]}}