{"id":5326,"date":"2016-02-22T18:48:18","date_gmt":"2016-02-22T17:48:18","guid":{"rendered":"http:\/\/www.assocardan.org\/?p=5326"},"modified":"2016-02-22T18:48:18","modified_gmt":"2016-02-22T17:48:18","slug":"de-la-recherche-action-a-la-creation-de-mobilaction-presente-par-le-groupe-de-rue","status":"publish","type":"post","link":"https:\/\/www.assocardan.org\/?p=5326","title":{"rendered":"De la Recherche-Action \u00e0 la cr\u00e9ation de \u00ab\u00a0MobilAction\u00a0\u00bb : pr\u00e9sent\u00e9 par le groupe de Rue"},"content":{"rendered":"<p style=\"text-align: justify;\">Tout a commenc\u00e9 pour nous par notre rencontre avec le CARDAN pour int\u00e9grer la recherche-action en f\u00e9vrier 2012.<br \/>\nNous faisions partie du groupe de Rue et travaillions principalement le th\u00e8me de la mobilit\u00e9.<br \/>\nNous avons pu nous rendre compte par des sondages, des rencontres aupr\u00e8s d&#8217;\u00e9lus, des \u00e9changes avec les autres groupes et le v\u00e9cu de chacun d&#8217;entre nous, que la mobilit\u00e9 pour nous en ruralit\u00e9 est difficile m\u00eame si des dispositifs sont mis en place.<br \/>\nPour nous il \u00e9tait difficile de se d\u00e9placer que ce soit pour se rendre vers l&#8217;offre culturelle, travailler, faire nos courses ou simplement garder le contact.<br \/>\nNous avons donc r\u00e9fl\u00e9chi, analys\u00e9, sond\u00e9, cherch\u00e9 et mont\u00e9 ce projet :<\/p>\n<h3 style=\"text-align: center;\">\u00ab MobilAction la mobilit\u00e9 en action \u00bb<\/h3>\n<p><img loading=\"lazy\" decoding=\"async\" class=\"aligncenter wp-image-5320 size-large\" src=\"http:\/\/www.assocardan.org\/wp-content\/uploads\/2016\/02\/mobilaction-1024x382.jpg\" alt=\"mobilaction\" width=\"1024\" height=\"382\" srcset=\"https:\/\/www.assocardan.org\/wp-content\/uploads\/2016\/02\/mobilaction-1024x382.jpg 1024w, https:\/\/www.assocardan.org\/wp-content\/uploads\/2016\/02\/mobilaction-300x112.jpg 300w, https:\/\/www.assocardan.org\/wp-content\/uploads\/2016\/02\/mobilaction-750x280.jpg 750w, https:\/\/www.assocardan.org\/wp-content\/uploads\/2016\/02\/mobilaction-400x149.jpg 400w, https:\/\/www.assocardan.org\/wp-content\/uploads\/2016\/02\/mobilaction-430x160.jpg 430w, https:\/\/www.assocardan.org\/wp-content\/uploads\/2016\/02\/mobilaction-150x56.jpg 150w, https:\/\/www.assocardan.org\/wp-content\/uploads\/2016\/02\/mobilaction-100x37.jpg 100w, https:\/\/www.assocardan.org\/wp-content\/uploads\/2016\/02\/mobilaction.jpg 2048w\" sizes=\"auto, (max-width: 1024px) 100vw, 1024px\" \/><\/p>\n<p style=\"text-align: justify;\">\u00c0 la fin de la recherche-action en ao\u00fbt 2014, trois\u00a0personnes du groupe de Rue ont continu\u00e9 b\u00e9n\u00e9volement afin de faire na\u00eetre l&#8217;association MobilAction.<br \/>\nAid\u00e9 par des consultants b\u00e9n\u00e9voles pour nous aiguiller dans le monde associatif ou encore de construire des dossiers de demande de financement, nous avons ainsi pu cr\u00e9er l&#8217;association, notre association. Ce travail a grandi et \u00e9volu\u00e9 sur plus de 3 ann\u00e9es et a permis aussi de cr\u00e9er deux emplois en CUI\/CAE.<\/p>\n<p>&nbsp;<\/p>\n<p style=\"text-align: justify;\">Cette association a pour but d&#8217;informer, d&#8217;aider et d&#8217;accompagner \u00e0 la mobilit\u00e9.<br \/>\nMobilAction met en place diff\u00e9rents services autour de la mobilit\u00e9.<\/p>\n<p>Ses deux axes principaux sont <strong>MobilInfos<\/strong> et <strong>MobilAide<\/strong>.<br \/>\n<strong>MobilInfos<\/strong> comporte\u00a0:<\/p>\n<ul>\n<li style=\"text-align: justify;\"><strong><em>MobilWeb<\/em><\/strong> \u2192 Site internet qui sera prochainement mit en place.<\/li>\n<li style=\"text-align: justify;\"><strong><em>MobilAppels<\/em> <\/strong>\u2192 Permanence t\u00e9l\u00e9phonique au 06.40.13.02.74<\/li>\n<li style=\"text-align: justify;\"><strong><em>MobilEchanges<\/em><\/strong> \u2192 R\u00e9unions d&#8217;informations dans les communes et aupr\u00e8s de nos diff\u00e9rents partenaires.<\/li>\n<li style=\"text-align: justify;\"><strong><em>MobilItin\u00e9raires<\/em><\/strong> \u2192 \u00c9tude personnalis\u00e9e d&#8217;un itin\u00e9raire demand\u00e9<\/li>\n<\/ul>\n<p><strong>MobilAide\u00a0<\/strong>: Accompagnement des personnes vers les administrations, pour\u00a0les courses, pour maintenir le lien familial.<\/p>\n<p>&nbsp;<\/p>\n<p style=\"text-align: justify;\">Nous avons commenc\u00e9 nos services <strong>MobilInfos<\/strong> et esp\u00e9rons mettre en place notre service <strong>MobilAide<\/strong> prochainement.<br \/>\nPour tous renseignements vous pouvez nous contacter au 06.40.13.02.74, par mail \u00e0 mobilaction@yahoo.fr , sur notre page <strong><a href=\"http:\/\/www.facebook.com\/MobilAction\" target=\"_blank\">facebook<\/a><\/strong> \u00a0ou sur <strong><a href=\"http:\/\/twitter.com\/MobilAction\" target=\"_blank\">twitter<\/a><\/strong> et prochainement sur notre site internet.<\/p>\n","protected":false},"excerpt":{"rendered":"<p>Tout a commenc\u00e9 pour nous par notre rencontre avec le CARDAN pour int\u00e9grer la recherche-action en f\u00e9vrier 2012. Nous faisions partie du groupe de Rue et travaillions principalement le th\u00e8me [&hellip;]<\/p>\n","protected":false},"author":1,"featured_media":5320,"comment_status":"closed","ping_status":"closed","sticky":false,"template":"","format":"standard","meta":{"footnotes":""},"categories":[115],"tags":[84,229,120,116],"class_list":["post-5326","post","type-post","status-publish","format-standard","has-post-thumbnail","hentry","category-recherche-action","tag-benevoles","tag-mobilaction","tag-recherche-action-2","tag-rue"],"_links":{"self":[{"href":"https:\/\/www.assocardan.org\/index.php?rest_route=\/wp\/v2\/posts\/5326","targetHints":{"allow":["GET"]}}],"collection":[{"href":"https:\/\/www.assocardan.org\/index.php?rest_route=\/wp\/v2\/posts"}],"about":[{"href":"https:\/\/www.assocardan.org\/index.php?rest_route=\/wp\/v2\/types\/post"}],"author":[{"embeddable":true,"href":"https:\/\/www.assocardan.org\/index.php?rest_route=\/wp\/v2\/users\/1"}],"replies":[{"embeddable":true,"href":"https:\/\/www.assocardan.org\/index.php?rest_route=%2Fwp%2Fv2%2Fcomments&post=5326"}],"version-history":[{"count":18,"href":"https:\/\/www.assocardan.org\/index.php?rest_route=\/wp\/v2\/posts\/5326\/revisions"}],"predecessor-version":[{"id":5344,"href":"https:\/\/www.assocardan.org\/index.php?rest_route=\/wp\/v2\/posts\/5326\/revisions\/5344"}],"wp:featuredmedia":[{"embeddable":true,"href":"https:\/\/www.assocardan.org\/index.php?rest_route=\/wp\/v2\/media\/5320"}],"wp:attachment":[{"href":"https:\/\/www.assocardan.org\/index.php?rest_route=%2Fwp%2Fv2%2Fmedia&parent=5326"}],"wp:term":[{"taxonomy":"category","embeddable":true,"href":"https:\/\/www.assocardan.org\/index.php?rest_route=%2Fwp%2Fv2%2Fcategories&post=5326"},{"taxonomy":"post_tag","embeddable":true,"href":"https:\/\/www.assocardan.org\/index.php?rest_route=%2Fwp%2Fv2%2Ftags&post=5326"}],"curies":[{"name":"wp","href":"https:\/\/api.w.org\/{rel}","templated":true}]}}