{"id":5388,"date":"2016-01-20T12:25:18","date_gmt":"2016-01-20T11:25:18","guid":{"rendered":"http:\/\/www.assocardan.org\/?p=5388"},"modified":"2016-07-26T15:14:47","modified_gmt":"2016-07-26T13:14:47","slug":"la-culture-dans-les-quartiers","status":"publish","type":"post","link":"https:\/\/www.assocardan.org\/?p=5388","title":{"rendered":"La culture dans les quartiers"},"content":{"rendered":"<p align=\"JUSTIFY\">Pendant nos deux ann\u00e9es et demi de travail nous avons pens\u00e9 \u00e0 diff\u00e9rentes propositions de culture pour tous:<\/p>\n<ul>\n<li>la charte (nous y reviendrons)<\/li>\n<li>le d\u00e9tournement des lieux culturels (idem)<\/li>\n<li>des journ\u00e9es partage ta culture (idem)<\/li>\n<li>emmener la culture dans les quartiers<\/li>\n<\/ul>\n<p align=\"JUSTIFY\">\u00c0 l\u2019issue de notre contrat, nous avons souhait\u00e9 continuer notre travail en tant que m\u00e9diateur b\u00e9n\u00e9vole pour ne pas laisser les projets de c\u00f4t\u00e9. Nous avons pass\u00e9 un an \u00e0 mettre au point une plaquette sur les diff\u00e9rents lieux culturels. M. Dovergne, l\u2019adjoint au maire charg\u00e9 de la culture, nous a propos\u00e9 que la Ville d\u2019Abbeville imprime ce document. Nous avons pu rencontrer des journalistes pour leur pr\u00e9senter le travail effectu\u00e9 et la maquette. Nous avons d\u00e9j\u00e0 commenc\u00e9 \u00e0 diffuser cette plaquette dans les quartiers d\u2019Abbeville.<\/p>\n<p align=\"RIGHT\"><span style=\"color: #999999;\"><i>Jean-Fran\u00e7ois<\/i><\/span><\/p>\n<p style=\"text-align: left;\" align=\"RIGHT\">Voici des\u00a0vid\u00e9os des r\u00e9unions de l&#8217;offre culturelle :<\/p>\n<p><center><iframe loading=\"lazy\" src=\"https:\/\/www.youtube.com\/embed\/ie_REkcF60k\" width=\"560\" height=\"315\" frameborder=\"0\" allowfullscreen=\"allowfullscreen\"><\/iframe><\/center>&nbsp;<\/p>\n<p><center><iframe loading=\"lazy\" src=\"https:\/\/www.youtube.com\/embed\/wLN6cwe9E1M\" width=\"560\" height=\"315\" frameborder=\"0\" allowfullscreen=\"allowfullscreen\"><\/iframe><\/center><\/p>\n<h4 style=\"text-align: left;\"><\/h4>\n<h4 style=\"text-align: left;\">Pour acc\u00e9der \u00e0\u00a0la brochure, cliquez sur <strong><a href=\"http:\/\/www.assocardan.org\/wp-content\/uploads\/2016\/03\/doc_culturel.pdf\" target=\"_blank\">ce lien<\/a><\/strong>.<\/h4>\n<p>&nbsp;<\/p>\n<hr \/>\n<h4 style=\"text-align: left;\"><strong>L&#8217;atelier Point-Virgule est financ\u00e9 par : <\/strong><\/h4>\n<h6 style=\"text-align: left;\"><strong><img loading=\"lazy\" decoding=\"async\" class=\"alignleft wp-image-5597\" src=\"http:\/\/www.assocardan.org\/wp-content\/uploads\/2016\/01\/logo_Ville-Acse_CMJN.jpg\" alt=\"logo_Ville-Acse\" width=\"90\" height=\"62\" srcset=\"https:\/\/www.assocardan.org\/wp-content\/uploads\/2016\/01\/logo_Ville-Acse_CMJN.jpg 300w, https:\/\/www.assocardan.org\/wp-content\/uploads\/2016\/01\/logo_Ville-Acse_CMJN-150x104.jpg 150w, https:\/\/www.assocardan.org\/wp-content\/uploads\/2016\/01\/logo_Ville-Acse_CMJN-100x69.jpg 100w\" sizes=\"auto, (max-width: 90px) 100vw, 90px\" \/><img loading=\"lazy\" decoding=\"async\" class=\"alignleft wp-image-5600\" src=\"http:\/\/www.assocardan.org\/wp-content\/uploads\/2016\/01\/logo_mobile.jpg\" alt=\"logo_cget\" width=\"50\" height=\"36\" srcset=\"https:\/\/www.assocardan.org\/wp-content\/uploads\/2016\/01\/logo_mobile.jpg 136w, https:\/\/www.assocardan.org\/wp-content\/uploads\/2016\/01\/logo_mobile-100x71.jpg 100w\" sizes=\"auto, (max-width: 50px) 100vw, 50px\" \/><img loading=\"lazy\" decoding=\"async\" class=\"alignleft wp-image-5567\" src=\"http:\/\/www.assocardan.org\/wp-content\/uploads\/2016\/03\/FCM-Lecture_Logo-e1459259344995.jpg\" alt=\"FCM-Lecture_Logo\" width=\"100\" height=\"50\" \/><img loading=\"lazy\" decoding=\"async\" class=\"alignleft wp-image-5598\" src=\"http:\/\/www.assocardan.org\/wp-content\/uploads\/2016\/01\/logoDRACMCC.jpg\" alt=\"logoDRACMCC\" width=\"56\" height=\"70\" srcset=\"https:\/\/www.assocardan.org\/wp-content\/uploads\/2016\/01\/logoDRACMCC.jpg 211w, https:\/\/www.assocardan.org\/wp-content\/uploads\/2016\/01\/logoDRACMCC-150x188.jpg 150w, https:\/\/www.assocardan.org\/wp-content\/uploads\/2016\/01\/logoDRACMCC-100x125.jpg 100w\" sizes=\"auto, (max-width: 56px) 100vw, 56px\" \/><img loading=\"lazy\" decoding=\"async\" class=\"alignleft wp-image-5599\" src=\"http:\/\/www.assocardan.org\/wp-content\/uploads\/2016\/01\/prefet-de-la-somme.jpg\" alt=\"pr\u00e9fet de la somme logo\" width=\"70\" height=\"70\" srcset=\"https:\/\/www.assocardan.org\/wp-content\/uploads\/2016\/01\/prefet-de-la-somme.jpg 200w, https:\/\/www.assocardan.org\/wp-content\/uploads\/2016\/01\/prefet-de-la-somme-150x150.jpg 150w, https:\/\/www.assocardan.org\/wp-content\/uploads\/2016\/01\/prefet-de-la-somme-100x100.jpg 100w\" sizes=\"auto, (max-width: 70px) 100vw, 70px\" \/><img loading=\"lazy\" decoding=\"async\" class=\"alignleft wp-image-5595\" src=\"http:\/\/www.assocardan.org\/wp-content\/uploads\/2016\/01\/conseil-departemental-somme.jpg\" alt=\"conseil departemental somme_logo\" width=\"60\" height=\"60\" srcset=\"https:\/\/www.assocardan.org\/wp-content\/uploads\/2016\/01\/conseil-departemental-somme.jpg 311w, https:\/\/www.assocardan.org\/wp-content\/uploads\/2016\/01\/conseil-departemental-somme-150x150.jpg 150w, https:\/\/www.assocardan.org\/wp-content\/uploads\/2016\/01\/conseil-departemental-somme-300x300.jpg 300w, https:\/\/www.assocardan.org\/wp-content\/uploads\/2016\/01\/conseil-departemental-somme-100x100.jpg 100w\" sizes=\"auto, (max-width: 60px) 100vw, 60px\" \/><img loading=\"lazy\" decoding=\"async\" class=\"alignleft wp-image-5594\" src=\"http:\/\/www.assocardan.org\/wp-content\/uploads\/2016\/01\/abbeville.png\" alt=\"abbeville_logo\" width=\"60\" height=\"60\" srcset=\"https:\/\/www.assocardan.org\/wp-content\/uploads\/2016\/01\/abbeville.png 300w, https:\/\/www.assocardan.org\/wp-content\/uploads\/2016\/01\/abbeville-150x150.png 150w, https:\/\/www.assocardan.org\/wp-content\/uploads\/2016\/01\/abbeville-100x100.png 100w\" sizes=\"auto, (max-width: 60px) 100vw, 60px\" \/><\/strong><\/h6>\n<p>&nbsp;<\/p>\n<p>&nbsp;<\/p>\n<p>&nbsp;<\/p>\n<h6><em>Nous remercions humblement le contribuable.<\/em><\/h6>\n<p>&nbsp;<\/p>\n","protected":false},"excerpt":{"rendered":"<p>Pendant nos deux ann\u00e9es et demi de travail nous avons pens\u00e9 \u00e0 diff\u00e9rentes propositions de culture pour tous: la charte (nous y reviendrons) le d\u00e9tournement des lieux culturels (idem) des [&hellip;]<\/p>\n","protected":false},"author":1,"featured_media":0,"comment_status":"closed","ping_status":"closed","sticky":false,"template":"","format":"standard","meta":{"footnotes":""},"categories":[227,233],"tags":[101,95,120],"class_list":["post-5388","post","type-post","status-publish","format-standard","hentry","category-esperance-2","category-recherche-action-et-offre-culturelle","tag-abbeville","tag-esperances","tag-recherche-action-2"],"_links":{"self":[{"href":"https:\/\/www.assocardan.org\/index.php?rest_route=\/wp\/v2\/posts\/5388","targetHints":{"allow":["GET"]}}],"collection":[{"href":"https:\/\/www.assocardan.org\/index.php?rest_route=\/wp\/v2\/posts"}],"about":[{"href":"https:\/\/www.assocardan.org\/index.php?rest_route=\/wp\/v2\/types\/post"}],"author":[{"embeddable":true,"href":"https:\/\/www.assocardan.org\/index.php?rest_route=\/wp\/v2\/users\/1"}],"replies":[{"embeddable":true,"href":"https:\/\/www.assocardan.org\/index.php?rest_route=%2Fwp%2Fv2%2Fcomments&post=5388"}],"version-history":[{"count":16,"href":"https:\/\/www.assocardan.org\/index.php?rest_route=\/wp\/v2\/posts\/5388\/revisions"}],"predecessor-version":[{"id":5623,"href":"https:\/\/www.assocardan.org\/index.php?rest_route=\/wp\/v2\/posts\/5388\/revisions\/5623"}],"wp:attachment":[{"href":"https:\/\/www.assocardan.org\/index.php?rest_route=%2Fwp%2Fv2%2Fmedia&parent=5388"}],"wp:term":[{"taxonomy":"category","embeddable":true,"href":"https:\/\/www.assocardan.org\/index.php?rest_route=%2Fwp%2Fv2%2Fcategories&post=5388"},{"taxonomy":"post_tag","embeddable":true,"href":"https:\/\/www.assocardan.org\/index.php?rest_route=%2Fwp%2Fv2%2Ftags&post=5388"}],"curies":[{"name":"wp","href":"https:\/\/api.w.org\/{rel}","templated":true}]}}