{"id":5696,"date":"2016-06-20T08:52:07","date_gmt":"2016-06-20T06:52:07","guid":{"rendered":"http:\/\/www.assocardan.org\/?p=5696"},"modified":"2016-07-26T14:26:42","modified_gmt":"2016-07-26T12:26:42","slug":"spectacle-lecture-chant-du-groupe-des-beaux-canteux-de-beaucamps-le-vieux","status":"publish","type":"post","link":"https:\/\/www.assocardan.org\/?p=5696","title":{"rendered":"Spectacle lecture-chant du groupe des Beaux-Canteux de Beaucamps-le-Vieux."},"content":{"rendered":"<p>Le groupe de Beaucamps-le-Vieux a propos\u00e9 un spectacle lecture-chant, \u00e0 la Maison de retraite Aumale, le 9 juin dernier.\u00a0<!--more--><\/p>\n<p>Ci-dessous, un mot de la responsable animation de la Maison de retraite:<\/p>\n<blockquote>\n<p style=\"text-align: justify;\">Suite \u00e0 votre venue jeudi dernier, nous avons demand\u00e9 un retour de la part des r\u00e9sidents qui \u00e9taient pr\u00e9sents cet apr\u00e8s-midi l\u00e0. Ils ont tous appr\u00e9ci\u00e9 le spectacle. Ils ont aussi appr\u00e9ci\u00e9 le fait que vous ayez pris le temps de discuter avec eux apr\u00e8s votre repr\u00e9sentation. Une r\u00e9sidente m&#8217;a m\u00eame demand\u00e9 quand vous reviendrez. Je lui ai r\u00e9pondu que je ne savais pas.<\/p>\n<\/blockquote>\n<p>Vous pouvez \u00a0\u00e9galement lire un petit article sur le spectacle\u00a0dans\u00a0&#8220;La Gazette du Castel&#8221;, con\u00e7ue par l&#8217;\u00e9quipe de la Maison de retraite. Pour lire l&#8217;article, <a href=\"http:\/\/www.assocardan.org\/wp-content\/uploads\/2016\/06\/Gazette-du-Castel-avril-a-juin.pdf#page=33\" target=\"_blank\"><strong>cliquez ici<\/strong><\/a>.<\/p>\n<p>Voici quelques photos :<\/p>\n<p><a href=\"http:\/\/www.assocardan.org\/wp-content\/uploads\/2016\/06\/P1020245.jpg\" target=\"_blank\"><img loading=\"lazy\" decoding=\"async\" class=\"aligncenter wp-image-5697 size-large\" src=\"http:\/\/www.assocardan.org\/wp-content\/uploads\/2016\/06\/P1020245-1024x768.jpg\" alt=\"lecture-chant Aumale 1\" width=\"1024\" height=\"768\" srcset=\"https:\/\/www.assocardan.org\/wp-content\/uploads\/2016\/06\/P1020245-1024x768.jpg 1024w, https:\/\/www.assocardan.org\/wp-content\/uploads\/2016\/06\/P1020245-300x225.jpg 300w, https:\/\/www.assocardan.org\/wp-content\/uploads\/2016\/06\/P1020245-600x450.jpg 600w, https:\/\/www.assocardan.org\/wp-content\/uploads\/2016\/06\/P1020245-750x563.jpg 750w, https:\/\/www.assocardan.org\/wp-content\/uploads\/2016\/06\/P1020245-400x300.jpg 400w, https:\/\/www.assocardan.org\/wp-content\/uploads\/2016\/06\/P1020245-430x323.jpg 430w, https:\/\/www.assocardan.org\/wp-content\/uploads\/2016\/06\/P1020245-150x113.jpg 150w, https:\/\/www.assocardan.org\/wp-content\/uploads\/2016\/06\/P1020245-100x75.jpg 100w, https:\/\/www.assocardan.org\/wp-content\/uploads\/2016\/06\/P1020245-160x120.jpg 160w\" sizes=\"auto, (max-width: 1024px) 100vw, 1024px\" \/><\/a> <a href=\"http:\/\/www.assocardan.org\/wp-content\/uploads\/2016\/06\/P1020266.jpg\" target=\"_blank\"><img loading=\"lazy\" decoding=\"async\" class=\"aligncenter wp-image-5699 size-large\" src=\"http:\/\/www.assocardan.org\/wp-content\/uploads\/2016\/06\/P1020266-1024x768.jpg\" alt=\"lecture-chant Aumale 2\" width=\"1024\" height=\"768\" srcset=\"https:\/\/www.assocardan.org\/wp-content\/uploads\/2016\/06\/P1020266-1024x768.jpg 1024w, https:\/\/www.assocardan.org\/wp-content\/uploads\/2016\/06\/P1020266-300x225.jpg 300w, https:\/\/www.assocardan.org\/wp-content\/uploads\/2016\/06\/P1020266-600x450.jpg 600w, https:\/\/www.assocardan.org\/wp-content\/uploads\/2016\/06\/P1020266-750x563.jpg 750w, https:\/\/www.assocardan.org\/wp-content\/uploads\/2016\/06\/P1020266-400x300.jpg 400w, https:\/\/www.assocardan.org\/wp-content\/uploads\/2016\/06\/P1020266-430x323.jpg 430w, https:\/\/www.assocardan.org\/wp-content\/uploads\/2016\/06\/P1020266-150x113.jpg 150w, https:\/\/www.assocardan.org\/wp-content\/uploads\/2016\/06\/P1020266-100x75.jpg 100w, https:\/\/www.assocardan.org\/wp-content\/uploads\/2016\/06\/P1020266-160x120.jpg 160w\" sizes=\"auto, (max-width: 1024px) 100vw, 1024px\" \/><\/a> <a href=\"http:\/\/www.assocardan.org\/wp-content\/uploads\/2016\/06\/P1020258.jpg\" target=\"_blank\"><img loading=\"lazy\" decoding=\"async\" class=\"aligncenter wp-image-5698 size-large\" src=\"http:\/\/www.assocardan.org\/wp-content\/uploads\/2016\/06\/P1020258-1024x768.jpg\" alt=\"lecture-chant Aumale 3\" width=\"1024\" height=\"768\" srcset=\"https:\/\/www.assocardan.org\/wp-content\/uploads\/2016\/06\/P1020258-1024x768.jpg 1024w, https:\/\/www.assocardan.org\/wp-content\/uploads\/2016\/06\/P1020258-300x225.jpg 300w, https:\/\/www.assocardan.org\/wp-content\/uploads\/2016\/06\/P1020258-600x450.jpg 600w, https:\/\/www.assocardan.org\/wp-content\/uploads\/2016\/06\/P1020258-750x563.jpg 750w, https:\/\/www.assocardan.org\/wp-content\/uploads\/2016\/06\/P1020258-400x300.jpg 400w, https:\/\/www.assocardan.org\/wp-content\/uploads\/2016\/06\/P1020258-430x323.jpg 430w, https:\/\/www.assocardan.org\/wp-content\/uploads\/2016\/06\/P1020258-150x113.jpg 150w, https:\/\/www.assocardan.org\/wp-content\/uploads\/2016\/06\/P1020258-100x75.jpg 100w, https:\/\/www.assocardan.org\/wp-content\/uploads\/2016\/06\/P1020258-160x120.jpg 160w\" sizes=\"auto, (max-width: 1024px) 100vw, 1024px\" \/><\/a><\/p>\n","protected":false},"excerpt":{"rendered":"<p>Le groupe de Beaucamps-le-Vieux a propos\u00e9 un spectacle lecture-chant, \u00e0 la Maison de retraite Aumale, le 9 juin dernier.\u00a0<\/p>\n","protected":false},"author":1,"featured_media":5698,"comment_status":"closed","ping_status":"closed","sticky":false,"template":"","format":"standard","meta":{"footnotes":""},"categories":[10],"tags":[220,245,30,34],"class_list":["post-5696","post","type-post","status-publish","format-standard","has-post-thumbnail","hentry","category-cardan","tag-beaucamps-le-vieux","tag-chant","tag-le-cardan","tag-lecture"],"_links":{"self":[{"href":"https:\/\/www.assocardan.org\/index.php?rest_route=\/wp\/v2\/posts\/5696","targetHints":{"allow":["GET"]}}],"collection":[{"href":"https:\/\/www.assocardan.org\/index.php?rest_route=\/wp\/v2\/posts"}],"about":[{"href":"https:\/\/www.assocardan.org\/index.php?rest_route=\/wp\/v2\/types\/post"}],"author":[{"embeddable":true,"href":"https:\/\/www.assocardan.org\/index.php?rest_route=\/wp\/v2\/users\/1"}],"replies":[{"embeddable":true,"href":"https:\/\/www.assocardan.org\/index.php?rest_route=%2Fwp%2Fv2%2Fcomments&post=5696"}],"version-history":[{"count":6,"href":"https:\/\/www.assocardan.org\/index.php?rest_route=\/wp\/v2\/posts\/5696\/revisions"}],"predecessor-version":[{"id":6048,"href":"https:\/\/www.assocardan.org\/index.php?rest_route=\/wp\/v2\/posts\/5696\/revisions\/6048"}],"wp:featuredmedia":[{"embeddable":true,"href":"https:\/\/www.assocardan.org\/index.php?rest_route=\/wp\/v2\/media\/5698"}],"wp:attachment":[{"href":"https:\/\/www.assocardan.org\/index.php?rest_route=%2Fwp%2Fv2%2Fmedia&parent=5696"}],"wp:term":[{"taxonomy":"category","embeddable":true,"href":"https:\/\/www.assocardan.org\/index.php?rest_route=%2Fwp%2Fv2%2Fcategories&post=5696"},{"taxonomy":"post_tag","embeddable":true,"href":"https:\/\/www.assocardan.org\/index.php?rest_route=%2Fwp%2Fv2%2Ftags&post=5696"}],"curies":[{"name":"wp","href":"https:\/\/api.w.org\/{rel}","templated":true}]}}