{"id":5705,"date":"2016-06-20T09:13:05","date_gmt":"2016-06-20T07:13:05","guid":{"rendered":"http:\/\/www.assocardan.org\/?p=5705"},"modified":"2016-06-20T09:13:05","modified_gmt":"2016-06-20T07:13:05","slug":"participation-au-collectif-au-fil-de-lancre-a-albert","status":"publish","type":"post","link":"https:\/\/www.assocardan.org\/?p=5705","title":{"rendered":"Participation au collectif &#8220;Au fil de l&#8217;Ancre&#8221;, \u00e0 Albert"},"content":{"rendered":"<p style=\"text-align: justify;\">Nous avons particip\u00e9 pour la premi\u00e8re ann\u00e9e au collectif au fil de l&#8217;ancre \u00e0 Albert, mercredi 15 juin apr\u00e8s midi.<\/p>\n<p>&nbsp;<\/p>\n<p style=\"text-align: justify;\">L&#8217;atelier th\u00e9\u00e2tre a fait la lecture de quelques passages du second livre que notre groupe a \u00e9crit &#8220;Cl\u00e9ment&#8221;. Une premi\u00e8re partie de l&#8217;apr\u00e8s-midi, \u00e9tait d\u00e9di\u00e9e \u00e0 la lecture de contes. La biblioth\u00e8que intercommunal proposait des coloriages et des lectures aux enfants. Et pour terminer l&#8217;apr\u00e8s midi, le conteur Naoufel Souassi nous a pr\u00e9sent\u00e9 son spectacle.<\/p>\n<p style=\"text-align: justify;\"><a href=\"http:\/\/www.assocardan.org\/wp-content\/uploads\/2016\/06\/P1020291.jpg\" target=\"_blank\"><img loading=\"lazy\" decoding=\"async\" class=\"aligncenter wp-image-5706 size-full\" src=\"http:\/\/www.assocardan.org\/wp-content\/uploads\/2016\/06\/P1020291.jpg\" alt=\"Collectif au fil de l'ancre\" width=\"4608\" height=\"3456\" srcset=\"https:\/\/www.assocardan.org\/wp-content\/uploads\/2016\/06\/P1020291.jpg 4608w, https:\/\/www.assocardan.org\/wp-content\/uploads\/2016\/06\/P1020291-300x225.jpg 300w, https:\/\/www.assocardan.org\/wp-content\/uploads\/2016\/06\/P1020291-1024x768.jpg 1024w, https:\/\/www.assocardan.org\/wp-content\/uploads\/2016\/06\/P1020291-600x450.jpg 600w, https:\/\/www.assocardan.org\/wp-content\/uploads\/2016\/06\/P1020291-750x563.jpg 750w, https:\/\/www.assocardan.org\/wp-content\/uploads\/2016\/06\/P1020291-400x300.jpg 400w, https:\/\/www.assocardan.org\/wp-content\/uploads\/2016\/06\/P1020291-430x323.jpg 430w, https:\/\/www.assocardan.org\/wp-content\/uploads\/2016\/06\/P1020291-150x113.jpg 150w, https:\/\/www.assocardan.org\/wp-content\/uploads\/2016\/06\/P1020291-100x75.jpg 100w, https:\/\/www.assocardan.org\/wp-content\/uploads\/2016\/06\/P1020291-160x120.jpg 160w\" sizes=\"auto, (max-width: 4608px) 100vw, 4608px\" \/><\/a><\/p>\n","protected":false},"excerpt":{"rendered":"<p>Nous avons particip\u00e9 pour la premi\u00e8re ann\u00e9e au collectif au fil de l&#8217;ancre \u00e0 Albert, mercredi 15 juin apr\u00e8s midi. &nbsp; L&#8217;atelier th\u00e9\u00e2tre a fait la lecture de quelques passages [&hellip;]<\/p>\n","protected":false},"author":1,"featured_media":5706,"comment_status":"closed","ping_status":"closed","sticky":false,"template":"","format":"standard","meta":{"footnotes":""},"categories":[10],"tags":[247,246,30,34],"class_list":["post-5705","post","type-post","status-publish","format-standard","has-post-thumbnail","hentry","category-cardan","tag-albert","tag-au-fil-de-lancre","tag-le-cardan","tag-lecture"],"_links":{"self":[{"href":"https:\/\/www.assocardan.org\/index.php?rest_route=\/wp\/v2\/posts\/5705","targetHints":{"allow":["GET"]}}],"collection":[{"href":"https:\/\/www.assocardan.org\/index.php?rest_route=\/wp\/v2\/posts"}],"about":[{"href":"https:\/\/www.assocardan.org\/index.php?rest_route=\/wp\/v2\/types\/post"}],"author":[{"embeddable":true,"href":"https:\/\/www.assocardan.org\/index.php?rest_route=\/wp\/v2\/users\/1"}],"replies":[{"embeddable":true,"href":"https:\/\/www.assocardan.org\/index.php?rest_route=%2Fwp%2Fv2%2Fcomments&post=5705"}],"version-history":[{"count":4,"href":"https:\/\/www.assocardan.org\/index.php?rest_route=\/wp\/v2\/posts\/5705\/revisions"}],"predecessor-version":[{"id":5710,"href":"https:\/\/www.assocardan.org\/index.php?rest_route=\/wp\/v2\/posts\/5705\/revisions\/5710"}],"wp:featuredmedia":[{"embeddable":true,"href":"https:\/\/www.assocardan.org\/index.php?rest_route=\/wp\/v2\/media\/5706"}],"wp:attachment":[{"href":"https:\/\/www.assocardan.org\/index.php?rest_route=%2Fwp%2Fv2%2Fmedia&parent=5705"}],"wp:term":[{"taxonomy":"category","embeddable":true,"href":"https:\/\/www.assocardan.org\/index.php?rest_route=%2Fwp%2Fv2%2Fcategories&post=5705"},{"taxonomy":"post_tag","embeddable":true,"href":"https:\/\/www.assocardan.org\/index.php?rest_route=%2Fwp%2Fv2%2Ftags&post=5705"}],"curies":[{"name":"wp","href":"https:\/\/api.w.org\/{rel}","templated":true}]}}