{"id":6012,"date":"2016-07-01T16:20:40","date_gmt":"2016-07-01T14:20:40","guid":{"rendered":"http:\/\/www.assocardan.org\/?p=6012"},"modified":"2016-09-05T10:31:10","modified_gmt":"2016-09-05T08:31:10","slug":"information-arret-des-actions-de-rue-et-de-proximite-a-abbeville","status":"publish","type":"post","link":"https:\/\/www.assocardan.org\/?p=6012","title":{"rendered":"Information : Arr\u00eat des actions de rue et de proximit\u00e9 \u00e0 Abbeville"},"content":{"rendered":"<p style=\"text-align: justify;\">L&#8217;association Cardan n&#8217;a pas obtenu les financements n\u00e9cessaires pour mener \u00e0 bien ses actions de rue et de proximit\u00e9, \u00e0 Abbeville.<\/p>\n<p style=\"text-align: justify;\">En cons\u00e9quence, son CA r\u00e9uni le 28 juin a d\u00e9cid\u00e9 d&#8217;y mettre fin, apr\u00e8s plus de 20 ans de pr\u00e9sence sur les quartiers prioritaires de la politique de la ville.<\/p>\n<div>\n<p style=\"text-align: justify;\">Nous d\u00e9plorons de ne pouvoir poursuivre ce travail au plus pr\u00e8s des habitants et de nos partenaires associatifs et institutionnels.<\/p>\n<p style=\"text-align: justify;\">Nous les remercions de leur confiance et de leur soutien.<\/p>\n<p style=\"text-align: justify;\">Nous remercions \u00e9galement le contribuable pour le travail financ\u00e9 jusqu&#8217;\u00e0 pr\u00e9sent.<\/p>\n<\/div>\n<p>&nbsp;<\/p>\n","protected":false},"excerpt":{"rendered":"<p>L&#8217;association Cardan n&#8217;a pas obtenu les financements n\u00e9cessaires pour mener \u00e0 bien ses actions de rue et de proximit\u00e9, \u00e0 Abbeville. En cons\u00e9quence, son CA r\u00e9uni le 28 juin a [&hellip;]<\/p>\n","protected":false},"author":1,"featured_media":0,"comment_status":"closed","ping_status":"closed","sticky":false,"template":"","format":"standard","meta":{"footnotes":""},"categories":[10],"tags":[101,276],"class_list":["post-6012","post","type-post","status-publish","format-standard","hentry","category-cardan","tag-abbeville","tag-action-de-rue"],"_links":{"self":[{"href":"https:\/\/www.assocardan.org\/index.php?rest_route=\/wp\/v2\/posts\/6012","targetHints":{"allow":["GET"]}}],"collection":[{"href":"https:\/\/www.assocardan.org\/index.php?rest_route=\/wp\/v2\/posts"}],"about":[{"href":"https:\/\/www.assocardan.org\/index.php?rest_route=\/wp\/v2\/types\/post"}],"author":[{"embeddable":true,"href":"https:\/\/www.assocardan.org\/index.php?rest_route=\/wp\/v2\/users\/1"}],"replies":[{"embeddable":true,"href":"https:\/\/www.assocardan.org\/index.php?rest_route=%2Fwp%2Fv2%2Fcomments&post=6012"}],"version-history":[{"count":4,"href":"https:\/\/www.assocardan.org\/index.php?rest_route=\/wp\/v2\/posts\/6012\/revisions"}],"predecessor-version":[{"id":6016,"href":"https:\/\/www.assocardan.org\/index.php?rest_route=\/wp\/v2\/posts\/6012\/revisions\/6016"}],"wp:attachment":[{"href":"https:\/\/www.assocardan.org\/index.php?rest_route=%2Fwp%2Fv2%2Fmedia&parent=6012"}],"wp:term":[{"taxonomy":"category","embeddable":true,"href":"https:\/\/www.assocardan.org\/index.php?rest_route=%2Fwp%2Fv2%2Fcategories&post=6012"},{"taxonomy":"post_tag","embeddable":true,"href":"https:\/\/www.assocardan.org\/index.php?rest_route=%2Fwp%2Fv2%2Ftags&post=6012"}],"curies":[{"name":"wp","href":"https:\/\/api.w.org\/{rel}","templated":true}]}}