{"id":6017,"date":"2016-07-05T17:13:47","date_gmt":"2016-07-05T15:13:47","guid":{"rendered":"http:\/\/www.assocardan.org\/?p=6017"},"modified":"2019-07-30T19:11:07","modified_gmt":"2019-07-30T17:11:07","slug":"partir-en-livres-le-programme-de-la-manifestation","status":"publish","type":"post","link":"https:\/\/www.assocardan.org\/?p=6017","title":{"rendered":"Partir en livres &#8211; Le programme de la manifestation"},"content":{"rendered":"<p style=\"text-align: justify;\">&#8220;<strong>Partir en livre<\/strong>&#8221; est une manifestation nationale, gratuite, populaire et festive, sur les livres jeunesses.<br \/>\nDes ateliers, des lectures, des rencontres avec des auteurs et des illustrateurs, des animations, sont propos\u00e9s dans tous les espaces lectures de France.<\/p>\n<p style=\"text-align: justify;\">La manifestation aura lieu cette ann\u00e9e, du <strong>20 au 31 juillet<\/strong>. Et l&#8217;association Cardan va y participer.<!--more--><\/p>\n<p>&nbsp;<\/p>\n<p style=\"text-align: justify;\">Vous trouverez ci-dessous une liste des \u00e9v\u00e9nements auxquels nous serons associ\u00e9s :<\/p>\n<p style=\"text-align: justify;\"><span style=\"text-decoration: underline;\">Mercredi 20 juillet<\/span> :<\/p>\n<ul style=\"text-align: justify;\">\n<li>Rue Balzac \u00e0 Amiens : un <strong>atelier d\u00e9couverte de l&#8217;auteur Roald Dahl<\/strong>. Plus de d\u00e9tails sur cet&nbsp;\u00e9v\u00e9nement, en <strong><a href=\"http:\/\/www.partir-en-livre.fr\/fdl_event\/atelier-decouverte\/\" target=\"_blank\" rel=\"noopener noreferrer\">cliquant ici<\/a><\/strong>.<\/li>\n<li>Abbaye Royale de Saint-Riquier : un <strong>journ\u00e9e \u00e0 l\u2019Abbaye<\/strong>, en compagnie de l&#8217;auteur<strong> Thierry Cazals<\/strong>. Plus de d\u00e9tails sur cet \u00e9v\u00e9nement, en <strong><a href=\"http:\/\/www.partir-en-livre.fr\/fdl_event\/partir-a-saint-riquier-en-compagnie-de-thierry-cazals\/\" target=\"_blank\" rel=\"noopener noreferrer\">cliquant ici<\/a><\/strong>.<\/li>\n<\/ul>\n<p style=\"text-align: justify;\"><span style=\"text-decoration: underline;\">Jeudi 21 juillet<\/span>&nbsp;:<\/p>\n<ul style=\"text-align: justify;\">\n<li>Quend Plage : <strong>Ha\u00efkus \u00ab effet mer \u00bb<\/strong> une sortie en famille \u00e0 la mer, atelier d&#8217;\u00e9criture de Ha\u00efkus avec <strong>Thierry Cazals<\/strong>. Plus de d\u00e9tails sur cet \u00e9v\u00e9nement, en <strong><a href=\"http:\/\/www.partir-en-livre.fr\/fdl_event\/haikus-effet-mer\/\" target=\"_blank\" rel=\"noopener noreferrer\">cliquant ici<\/a><\/strong>.<\/li>\n<\/ul>\n<p style=\"text-align: justify;\"><span style=\"text-decoration: underline;\">Vendredi 22 juillet<\/span> :<\/p>\n<ul style=\"text-align: justify;\">\n<li>Rue de Mercey \u00e0 Amiens : <strong>Bulles itin\u00e9rantes<\/strong>, en partenariat avec l&#8217;ACIP et le DRE : <strong>atelier d\u00e9couverte<\/strong> de l&#8217;auteur <strong>Roald Dahl<\/strong>. Plus de d\u00e9tails sur cet \u00e9v\u00e9nement, en <strong><a href=\"http:\/\/www.partir-en-livre.fr\/fdl_event\/bulles-itinerantes\/\" target=\"_blank\" rel=\"noopener noreferrer\">cliquant ici<\/a><\/strong>.<\/li>\n<\/ul>\n<p style=\"text-align: justify;\"><span style=\"text-decoration: underline;\">Samedi 23 juillet<\/span> :<\/p>\n<ul style=\"text-align: justify;\">\n<li>Abbeville : <strong>Bourse aux livres<\/strong> au Parc d&#8217;Emonville, de 10h \u00e0 17h. En partenariat avec le Cardan, la biblioth\u00e8que municipale, le Secours Populaire, l&#8217;association 2\u00e8me chance, l&#8217;AREP et Coup de Pouce. Plus de d\u00e9tails sur cet \u00e9v\u00e9nement, en <strong><a href=\"http:\/\/www.partir-en-livre.fr\/fdl_event\/bourse-aux-livres-2\/\" target=\"_blank\" rel=\"noopener noreferrer\">cliquant ici<\/a><\/strong>.<\/li>\n<\/ul>\n<p style=\"text-align: justify;\"><span style=\"text-decoration: underline;\">Lundi 25 juillet<\/span> :<\/p>\n<ul style=\"text-align: justify;\">\n<li>Amiens : \u00e0 partir de 14h, <strong>caravane de lectures<\/strong>, aux quartiers des Parcheminiers et de Carvin\u00ad-Degouy.<\/li>\n<\/ul>\n<p style=\"text-align: justify;\"><span style=\"text-decoration: underline;\">Mardi 26 juillet<\/span>&nbsp;:<\/p>\n<ul style=\"text-align: justify;\">\n<li>Rue Balzac \u00e0 Amiens : \u00e0 10h, <strong>atelier d\u00e9couverte<\/strong> de l&#8217;auteur <strong>Roald Dahl<\/strong>.<\/li>\n<li>Phil\u00e9as \u00e0 Amiens : <strong>atelier lecture d\u00e9couverte<\/strong> de l&#8217;auteur <strong>Roald Dahl<\/strong>.<\/li>\n<li>Amiens : \u00e0 partir de 14h, <strong>caravane de lectures<\/strong>, quartier Pierre Rollin.<\/li>\n<\/ul>\n<p style=\"text-align: justify;\"><span style=\"text-decoration: underline;\">Mercredi 27 juillet<\/span> :<\/p>\n<ul style=\"text-align: justify;\">\n<li>rue Balzac \u00e0 Amiens : <strong>quartier livre<\/strong> \u00e0 Balzac, avec <strong>Alice Bri\u00e8re Haquet<\/strong>.<\/li>\n<\/ul>\n<p style=\"text-align: justify;\"><span style=\"text-decoration: underline;\">Jeudi 28 juillet<\/span>&nbsp;:<\/p>\n<ul style=\"text-align: justify;\">\n<li>Amiens : <strong>quartier livre<\/strong> \u00e0 Salamandre, avec <strong>Alice Bri\u00e8re Haquet<\/strong>.<\/li>\n<\/ul>\n<p style=\"text-align: justify;\"><span style=\"text-decoration: underline;\">Vendredi 29 juillet<\/span> :<\/p>\n<ul>\n<li style=\"text-align: justify;\">Amiens : <strong>atelier<\/strong> avec <strong>Alice Bri\u00e8re Haquet<\/strong> \u00e0 Robert Blanchard.<\/li>\n<\/ul>\n<p>&nbsp;<\/p>\n<p>Pour plus d&#8217;informations sur la manifestation, suivez ce lien&nbsp;: <a href=\"http:\/\/www.partir-en-livre.fr\/\" target=\"_blank\" rel=\"noopener noreferrer\">http:\/\/www.partir-en-livre.fr\/<\/a><\/p>\n","protected":false},"excerpt":{"rendered":"<p>&#8220;Partir en livre&#8221; est une manifestation nationale, gratuite, populaire et festive, sur les livres jeunesses. Des ateliers, des lectures, des rencontres avec des auteurs et des illustrateurs, des animations, sont [&hellip;]<\/p>\n","protected":false},"author":1,"featured_media":0,"comment_status":"closed","ping_status":"closed","sticky":false,"template":"","format":"standard","meta":{"footnotes":""},"categories":[11,10,396,397],"tags":[101,126,30,37,277,197],"class_list":["post-6017","post","type-post","status-publish","format-standard","hentry","category-evenements","category-cardan","category-partir-en-livre","category-quartier-livres","tag-abbeville","tag-amiens","tag-le-cardan","tag-livres","tag-partir-en-livre","tag-saint-riquier"],"_links":{"self":[{"href":"https:\/\/www.assocardan.org\/index.php?rest_route=\/wp\/v2\/posts\/6017","targetHints":{"allow":["GET"]}}],"collection":[{"href":"https:\/\/www.assocardan.org\/index.php?rest_route=\/wp\/v2\/posts"}],"about":[{"href":"https:\/\/www.assocardan.org\/index.php?rest_route=\/wp\/v2\/types\/post"}],"author":[{"embeddable":true,"href":"https:\/\/www.assocardan.org\/index.php?rest_route=\/wp\/v2\/users\/1"}],"replies":[{"embeddable":true,"href":"https:\/\/www.assocardan.org\/index.php?rest_route=%2Fwp%2Fv2%2Fcomments&post=6017"}],"version-history":[{"count":13,"href":"https:\/\/www.assocardan.org\/index.php?rest_route=\/wp\/v2\/posts\/6017\/revisions"}],"predecessor-version":[{"id":7962,"href":"https:\/\/www.assocardan.org\/index.php?rest_route=\/wp\/v2\/posts\/6017\/revisions\/7962"}],"wp:attachment":[{"href":"https:\/\/www.assocardan.org\/index.php?rest_route=%2Fwp%2Fv2%2Fmedia&parent=6017"}],"wp:term":[{"taxonomy":"category","embeddable":true,"href":"https:\/\/www.assocardan.org\/index.php?rest_route=%2Fwp%2Fv2%2Fcategories&post=6017"},{"taxonomy":"post_tag","embeddable":true,"href":"https:\/\/www.assocardan.org\/index.php?rest_route=%2Fwp%2Fv2%2Ftags&post=6017"}],"curies":[{"name":"wp","href":"https:\/\/api.w.org\/{rel}","templated":true}]}}