{"id":6152,"date":"2016-12-21T21:41:09","date_gmt":"2016-12-21T20:41:09","guid":{"rendered":"http:\/\/www.assocardan.org\/?p=6152"},"modified":"2019-10-28T15:51:48","modified_gmt":"2019-10-28T14:51:48","slug":"appel-a-projets-culture-et-solidarite-du-conseil-departemental-de-la-somme-une-exposition-de-haikus-photographies-preparee-a-la-mediatheque-de-gamaches","status":"publish","type":"post","link":"https:\/\/www.assocardan.org\/?p=6152","title":{"rendered":"HA\u00cfKUS D\u2019\u0152IL : exposition \u00e0 la M\u00e9diath\u00e8que de Gamaches"},"content":{"rendered":"<p style=\"text-align: justify;\">Au premier semestre 2016, le Cardan, en collaboration avec la M\u00e9diath\u00e8que de Gamaches, a r\u00e9pondu \u00e0 un appel \u00e0 projets &#8220;Culture et Solidarit\u00e9&#8221; du Conseil D\u00e9partemental de la Somme.<\/p>\n<p style=\"text-align: justify;\">La premi\u00e8re \u00e9tape du projet, intitul\u00e9 <strong>Ha\u00efkus d\u2019\u0153il<\/strong> : La r\u00e9alisation d&#8217;une exposition de &#8221; Ha\u00efkus photographi\u00e9s&#8221; le <strong>jeudi 10 novembre<\/strong>, avec la venue de l&#8217;auteure <strong>Isabel Asunsolo<\/strong>.<\/p>\n<p style=\"text-align: justify;\">Au programme : d\u00e9ambulations, d\u00e9couvertes, \u00e9critures &#8230;. en attendant la suite \u2026<\/p>\n<div id='gallery-1' class='gallery galleryid-6152 gallery-columns-2 gallery-size-full'><figure class='gallery-item'>\n\t\t\t<div class='gallery-icon portrait'>\n\t\t\t\t<a href='https:\/\/www.assocardan.org\/wp-content\/uploads\/2016\/12\/Isabel-Asunsolo4.jpg'><img loading=\"lazy\" decoding=\"async\" width=\"720\" height=\"960\" src=\"https:\/\/www.assocardan.org\/wp-content\/uploads\/2016\/12\/Isabel-Asunsolo4.jpg\" class=\"attachment-full size-full\" alt=\"isabel-asunsolo4\" srcset=\"https:\/\/www.assocardan.org\/wp-content\/uploads\/2016\/12\/Isabel-Asunsolo4.jpg 720w, https:\/\/www.assocardan.org\/wp-content\/uploads\/2016\/12\/Isabel-Asunsolo4-225x300.jpg 225w, https:\/\/www.assocardan.org\/wp-content\/uploads\/2016\/12\/Isabel-Asunsolo4-600x800.jpg 600w, https:\/\/www.assocardan.org\/wp-content\/uploads\/2016\/12\/Isabel-Asunsolo4-400x533.jpg 400w, https:\/\/www.assocardan.org\/wp-content\/uploads\/2016\/12\/Isabel-Asunsolo4-430x573.jpg 430w, https:\/\/www.assocardan.org\/wp-content\/uploads\/2016\/12\/Isabel-Asunsolo4-150x200.jpg 150w, https:\/\/www.assocardan.org\/wp-content\/uploads\/2016\/12\/Isabel-Asunsolo4-100x133.jpg 100w\" sizes=\"auto, (max-width: 720px) 100vw, 720px\" \/><\/a>\n\t\t\t<\/div><\/figure><figure class='gallery-item'>\n\t\t\t<div class='gallery-icon portrait'>\n\t\t\t\t<a href='https:\/\/www.assocardan.org\/wp-content\/uploads\/2016\/12\/Isabel-Asunsolo1.jpg'><img loading=\"lazy\" decoding=\"async\" width=\"1536\" height=\"2048\" src=\"https:\/\/www.assocardan.org\/wp-content\/uploads\/2016\/12\/Isabel-Asunsolo1.jpg\" class=\"attachment-full size-full\" alt=\"isabel-asunsolo1\" srcset=\"https:\/\/www.assocardan.org\/wp-content\/uploads\/2016\/12\/Isabel-Asunsolo1.jpg 1536w, https:\/\/www.assocardan.org\/wp-content\/uploads\/2016\/12\/Isabel-Asunsolo1-225x300.jpg 225w, https:\/\/www.assocardan.org\/wp-content\/uploads\/2016\/12\/Isabel-Asunsolo1-768x1024.jpg 768w, https:\/\/www.assocardan.org\/wp-content\/uploads\/2016\/12\/Isabel-Asunsolo1-600x800.jpg 600w, https:\/\/www.assocardan.org\/wp-content\/uploads\/2016\/12\/Isabel-Asunsolo1-750x1000.jpg 750w, https:\/\/www.assocardan.org\/wp-content\/uploads\/2016\/12\/Isabel-Asunsolo1-400x533.jpg 400w, https:\/\/www.assocardan.org\/wp-content\/uploads\/2016\/12\/Isabel-Asunsolo1-430x573.jpg 430w, https:\/\/www.assocardan.org\/wp-content\/uploads\/2016\/12\/Isabel-Asunsolo1-150x200.jpg 150w, https:\/\/www.assocardan.org\/wp-content\/uploads\/2016\/12\/Isabel-Asunsolo1-100x133.jpg 100w\" sizes=\"auto, (max-width: 1536px) 100vw, 1536px\" \/><\/a>\n\t\t\t<\/div><\/figure><figure class='gallery-item'>\n\t\t\t<div class='gallery-icon landscape'>\n\t\t\t\t<a href='https:\/\/www.assocardan.org\/wp-content\/uploads\/2016\/12\/Isabel-Asunsolo3.jpg'><img loading=\"lazy\" decoding=\"async\" width=\"2048\" height=\"1536\" src=\"https:\/\/www.assocardan.org\/wp-content\/uploads\/2016\/12\/Isabel-Asunsolo3.jpg\" class=\"attachment-full size-full\" alt=\"isabel-asunsolo3\" srcset=\"https:\/\/www.assocardan.org\/wp-content\/uploads\/2016\/12\/Isabel-Asunsolo3.jpg 2048w, https:\/\/www.assocardan.org\/wp-content\/uploads\/2016\/12\/Isabel-Asunsolo3-300x225.jpg 300w, https:\/\/www.assocardan.org\/wp-content\/uploads\/2016\/12\/Isabel-Asunsolo3-1024x768.jpg 1024w, https:\/\/www.assocardan.org\/wp-content\/uploads\/2016\/12\/Isabel-Asunsolo3-600x450.jpg 600w, https:\/\/www.assocardan.org\/wp-content\/uploads\/2016\/12\/Isabel-Asunsolo3-750x563.jpg 750w, https:\/\/www.assocardan.org\/wp-content\/uploads\/2016\/12\/Isabel-Asunsolo3-400x300.jpg 400w, https:\/\/www.assocardan.org\/wp-content\/uploads\/2016\/12\/Isabel-Asunsolo3-430x323.jpg 430w, https:\/\/www.assocardan.org\/wp-content\/uploads\/2016\/12\/Isabel-Asunsolo3-150x113.jpg 150w, https:\/\/www.assocardan.org\/wp-content\/uploads\/2016\/12\/Isabel-Asunsolo3-100x75.jpg 100w, https:\/\/www.assocardan.org\/wp-content\/uploads\/2016\/12\/Isabel-Asunsolo3-160x120.jpg 160w\" sizes=\"auto, (max-width: 2048px) 100vw, 2048px\" \/><\/a>\n\t\t\t<\/div><\/figure><figure class='gallery-item'>\n\t\t\t<div class='gallery-icon landscape'>\n\t\t\t\t<a href='https:\/\/www.assocardan.org\/wp-content\/uploads\/2016\/12\/Isabel-Asunsolo2.jpg'><img loading=\"lazy\" decoding=\"async\" width=\"2048\" height=\"1536\" src=\"https:\/\/www.assocardan.org\/wp-content\/uploads\/2016\/12\/Isabel-Asunsolo2.jpg\" class=\"attachment-full size-full\" alt=\"isabel-asunsolo2\" srcset=\"https:\/\/www.assocardan.org\/wp-content\/uploads\/2016\/12\/Isabel-Asunsolo2.jpg 2048w, https:\/\/www.assocardan.org\/wp-content\/uploads\/2016\/12\/Isabel-Asunsolo2-300x225.jpg 300w, https:\/\/www.assocardan.org\/wp-content\/uploads\/2016\/12\/Isabel-Asunsolo2-1024x768.jpg 1024w, https:\/\/www.assocardan.org\/wp-content\/uploads\/2016\/12\/Isabel-Asunsolo2-600x450.jpg 600w, https:\/\/www.assocardan.org\/wp-content\/uploads\/2016\/12\/Isabel-Asunsolo2-750x563.jpg 750w, https:\/\/www.assocardan.org\/wp-content\/uploads\/2016\/12\/Isabel-Asunsolo2-400x300.jpg 400w, https:\/\/www.assocardan.org\/wp-content\/uploads\/2016\/12\/Isabel-Asunsolo2-430x323.jpg 430w, https:\/\/www.assocardan.org\/wp-content\/uploads\/2016\/12\/Isabel-Asunsolo2-150x113.jpg 150w, https:\/\/www.assocardan.org\/wp-content\/uploads\/2016\/12\/Isabel-Asunsolo2-100x75.jpg 100w, https:\/\/www.assocardan.org\/wp-content\/uploads\/2016\/12\/Isabel-Asunsolo2-160x120.jpg 160w\" sizes=\"auto, (max-width: 2048px) 100vw, 2048px\" \/><\/a>\n\t\t\t<\/div><\/figure>\n\t\t<\/div>\n\n<p style=\"text-align: justify;\">\n","protected":false},"excerpt":{"rendered":"<p>Au premier semestre 2016, le Cardan, en collaboration avec la M\u00e9diath\u00e8que de Gamaches, a r\u00e9pondu \u00e0 un appel \u00e0 projets &#8220;Culture et Solidarit\u00e9&#8221; du Conseil D\u00e9partemental de la Somme. La [&hellip;]<\/p>\n","protected":false},"author":1,"featured_media":6155,"comment_status":"closed","ping_status":"closed","sticky":false,"template":"","format":"standard","meta":{"footnotes":""},"categories":[10],"tags":[46,405,219,289,286,30,287,288],"class_list":["post-6152","post","type-post","status-publish","format-standard","has-post-thumbnail","hentry","category-cardan","tag-culture","tag-formation","tag-gamaches","tag-haikus-doeil","tag-isabel-asunsolo","tag-le-cardan","tag-mediatheque","tag-solidarite"],"_links":{"self":[{"href":"https:\/\/www.assocardan.org\/index.php?rest_route=\/wp\/v2\/posts\/6152","targetHints":{"allow":["GET"]}}],"collection":[{"href":"https:\/\/www.assocardan.org\/index.php?rest_route=\/wp\/v2\/posts"}],"about":[{"href":"https:\/\/www.assocardan.org\/index.php?rest_route=\/wp\/v2\/types\/post"}],"author":[{"embeddable":true,"href":"https:\/\/www.assocardan.org\/index.php?rest_route=\/wp\/v2\/users\/1"}],"replies":[{"embeddable":true,"href":"https:\/\/www.assocardan.org\/index.php?rest_route=%2Fwp%2Fv2%2Fcomments&post=6152"}],"version-history":[{"count":10,"href":"https:\/\/www.assocardan.org\/index.php?rest_route=\/wp\/v2\/posts\/6152\/revisions"}],"predecessor-version":[{"id":6168,"href":"https:\/\/www.assocardan.org\/index.php?rest_route=\/wp\/v2\/posts\/6152\/revisions\/6168"}],"wp:featuredmedia":[{"embeddable":true,"href":"https:\/\/www.assocardan.org\/index.php?rest_route=\/wp\/v2\/media\/6155"}],"wp:attachment":[{"href":"https:\/\/www.assocardan.org\/index.php?rest_route=%2Fwp%2Fv2%2Fmedia&parent=6152"}],"wp:term":[{"taxonomy":"category","embeddable":true,"href":"https:\/\/www.assocardan.org\/index.php?rest_route=%2Fwp%2Fv2%2Fcategories&post=6152"},{"taxonomy":"post_tag","embeddable":true,"href":"https:\/\/www.assocardan.org\/index.php?rest_route=%2Fwp%2Fv2%2Ftags&post=6152"}],"curies":[{"name":"wp","href":"https:\/\/api.w.org\/{rel}","templated":true}]}}