{"id":639,"date":"2012-05-16T20:29:06","date_gmt":"2012-05-16T18:29:06","guid":{"rendered":"http:\/\/www.assocardan.org\/?p=639"},"modified":"2016-03-10T23:34:24","modified_gmt":"2016-03-10T22:34:24","slug":"liberdade-de-pagar","status":"publish","type":"post","link":"https:\/\/www.assocardan.org\/?p=639","title":{"rendered":"Liberdade de pagar \/ Libert\u00e9 de payer"},"content":{"rendered":"<p style=\"text-align: justify;\"><em>Texte de Saguenail, avec Jorge Baptista, Pedro Moreira, Nelson Sousa, Ricardo Sousa, Pedro Victoriano, Juliana Malhadinhas, Bruno Silva, Tiago Borges, Ana Ruivo, Rui Cabral, Cla\u00fadio Teixeira, Alberto P\u00e9ssimo. Na Qualificar Para Incluir.<\/em><\/p>\n<p><em>Dessins d&#8217;Alberto P\u00e9ssimo<\/em><br \/>\n<em>(La traduction, de Saguenail, se trouve plus bas)<\/em><\/p>\n<p><a href=\"http:\/\/www.assocardan.org\/wp-content\/uploads\/2012\/05\/P\u00e9ssimo-1.jpeg\"><img loading=\"lazy\" decoding=\"async\" class=\"aligncenter size-full wp-image-640\" title=\"P\u00e9ssimo 1\" src=\"http:\/\/www.assocardan.org\/wp-content\/uploads\/2012\/05\/P\u00e9ssimo-1.jpeg\" alt=\"\" width=\"232\" height=\"320\" srcset=\"https:\/\/www.assocardan.org\/wp-content\/uploads\/2012\/05\/P\u00e9ssimo-1.jpeg 232w, https:\/\/www.assocardan.org\/wp-content\/uploads\/2012\/05\/P\u00e9ssimo-1-217x300.jpg 217w\" sizes=\"auto, (max-width: 232px) 100vw, 232px\" \/><\/a><\/p>\n<p><strong>Liberdade de pagar<\/strong><\/p>\n<p>oh m\u00e3e eu quero ser livre<br \/>\ncomo p\u00e1ssaro em gaiola<br \/>\ncomo c\u00e3o que anda de trela<br \/>\ncomo preso em sua cela<br \/>\n\u2013 n\u00e3o t\u00eam de trabalhar<br \/>\npara ganhar o sustento<\/p>\n<p>\u2013 eu procuro a liberdade, o que est\u00e1 atr\u00e1s da porta?<br \/>\n\u2013 est\u00e1 o mundo! \u2013 para mim j\u00e1 chega e sobra!<br \/>\n\u2013 aten\u00e7\u00e3o, eu disse o \u00abmundo\u00bb, liberdade \u00e9 outra loi\u00e7a<br \/>\npodes talvez percorr\u00ea-lo mas a estrada \u00e9 para os carros<br \/>\npodes olhar para os campos mas t\u00eam dono e senhor<br \/>\ntransportes s\u00f3 a pagantes que os tesos andam a p\u00e9<br \/>\nvais ver, para quem vive falido, o mundo pequeno \u00e9\u2026<\/p>\n<p>\u2013 eu procuro a liberdade, o que est\u00e1 atr\u00e1s da porta?<br \/>\n\u2013 a riqueza \u2013 olha que rica surpresa!<br \/>\n\u2013 aten\u00e7\u00e3o que essa \u00abriqueza\u00bb n\u00e3o te dar\u00e1 liberdade<br \/>\nantes de gastar a fortuna, h\u00e1 que investir forte e feio<br \/>\njogar na bolsa e na vida o recheio do teu bolso<br \/>\nser mais ladr\u00e3o e matreiro que o fisco e os teus concorrentes<br \/>\nvais ver que a riqueza voa nas m\u00e3os dos homens decentes<\/p>\n<p>\u2013 eu procuro a liberdade, o que est\u00e1 atr\u00e1s da porta?<br \/>\n\u2013 est\u00e1 o amor \u2013 l\u00e1 isso n\u00e3o que eu n\u00e3o me quero prender!<br \/>\n\u2013 aten\u00e7\u00e3o, falei de \u00abamor\u00bb, s\u00f3 amor nos torna livres<br \/>\npodes foder sem amor, \u00e9 pouco mas n\u00e3o te prives<br \/>\npodes viver sem amor, na morte estar\u00e1s sozinho<br \/>\nquanto mais deres mais te fica que o dividir multiplica<br \/>\nvais ver que o amor liberta de si mesmo quem se entrega<\/p>\n<p>oh m\u00e3e eu quero ser rico<br \/>\ncomo p\u00e1ssaro que canta<br \/>\ncomo o c\u00e3o que lambe a m\u00e3o<br \/>\ncomo preso que sonhando se evadiu da pris\u00e3o<br \/>\n\u2013 o ouro fora da lei nunca deixa de brilhar<br \/>\nningu\u00e9m mo pode roubar<\/p>\n<p><a href=\"http:\/\/www.assocardan.org\/wp-content\/uploads\/2012\/05\/P\u00e9ssimo-2.jpeg\"><img loading=\"lazy\" decoding=\"async\" class=\"aligncenter size-full wp-image-641\" title=\"P\u00e9ssimo 2\" src=\"http:\/\/www.assocardan.org\/wp-content\/uploads\/2012\/05\/P\u00e9ssimo-2.jpeg\" alt=\"\" width=\"239\" height=\"320\" srcset=\"https:\/\/www.assocardan.org\/wp-content\/uploads\/2012\/05\/P\u00e9ssimo-2.jpeg 239w, https:\/\/www.assocardan.org\/wp-content\/uploads\/2012\/05\/P\u00e9ssimo-2-224x300.jpg 224w\" sizes=\"auto, (max-width: 239px) 100vw, 239px\" \/><\/a><\/p>\n<p><strong>Libert\u00e9 de payer<\/strong><\/p>\n<p>oh maman je veux \u00eatre libre<br \/>\nlibre comme l&#8217;oiseau en cage<br \/>\nlibre comme le chien en laisse<br \/>\nlibre comme le condamn\u00e9 en taule<br \/>\nqui au moins n&#8217;ont pas \u00e0 bosser<br \/>\njuste pour pouvoir bouffer<\/p>\n<p>\u2013 je cherche la libert\u00e9 qu&#8217;est-ce qu&#8217;il y a derri\u00e8re cette porte?<br \/>\n\u2013 le monde \u2013 \u00e7a me va c&#8217;est assez grand pour moi!<br \/>\n\u2013 attention j&#8217;ai dit \u00able monde\u00bb pas la libert\u00e9<br \/>\ntu peux le parcourir mais pas sur la chauss\u00e9e qu&#8217;est r\u00e9serv\u00e9e aux bagnoles<br \/>\net pas \u00e0 travers champ que la propri\u00e9t\u00e9 priv\u00e9e est inviolable<br \/>\net pas dans les transports publics si t&#8217;as pas un billet compost\u00e9<br \/>\ntu verras le monde r\u00e9tr\u00e9cit vite si t&#8217;es fauch\u00e9<\/p>\n<p>\u2013 je cherche la libert\u00e9 qu&#8217;est-ce qu&#8217;il y a derri\u00e8re cette porte?<br \/>\n\u2013 la richesse \u2013 \u00e7a me va c&#8217;est assez dor\u00e9 pour moi!<br \/>\n\u2013 attention j&#8217;ai dit \u00abla richesse\u00bb pas la libert\u00e9<br \/>\navant de la d\u00e9penser faut la faire fructifier l&#8217;investir la placer<br \/>\nsuivre les cours de la Bourse jouer de la faillite et de l&#8217;op\u00e9a<br \/>\n\u00eatre plus rapace et plus malin que tes concurrents<br \/>\ntu verras la richesse fond vite si tu restes honn\u00eate<\/p>\n<p>\u2013 je cherche la libert\u00e9 qu&#8217;est-ce qu&#8217;il y a derri\u00e8re cette porte?<br \/>\n\u2013 l&#8217;amour \u2013 \u00e7a me va pas je veux pas m&#8217;attacher!<br \/>\n\u2013 attention j&#8217;ai dit \u00abl&#8217;amour\u00bb c&#8217;est \u00e0 dire la libert\u00e9<br \/>\nbien s\u00fbr tu peux baiser sans aimer mais c&#8217;est pas vraiment le pied<br \/>\ntu peux vivre sans jamais aimer mais tu mourras aussi tout seul<br \/>\ntu ne peux recevoir qu&#8217;autant que tu auras partag\u00e9<br \/>\ntu verras c&#8217;est de toi-m\u00eame que l&#8217;amour peut te lib\u00e9rer<\/p>\n<p>oh maman je veux \u00eatre riche<br \/>\nriche comme l&#8217;oiseau qui chante<br \/>\nriche comme le chien qui me l\u00e8che<br \/>\nriche comme le condamn\u00e9 qui r\u00eave<br \/>\ncet or ne s&#8217;ach\u00e8te pas chez les joailliers<br \/>\npersonne ne peut le voler<\/p>\n","protected":false},"excerpt":{"rendered":"<p>Texte de Saguenail, avec Jorge Baptista, Pedro Moreira, Nelson Sousa, Ricardo Sousa, Pedro Victoriano, Juliana Malhadinhas, Bruno Silva, Tiago Borges, Ana Ruivo, Rui Cabral, Cla\u00fadio Teixeira, Alberto P\u00e9ssimo. Na Qualificar [&hellip;]<\/p>\n","protected":false},"author":1,"featured_media":641,"comment_status":"closed","ping_status":"closed","sticky":false,"template":"","format":"standard","meta":{"footnotes":""},"categories":[24,231,205,157,23],"tags":[26,22,54,64,29],"class_list":["post-639","post","type-post","status-publish","format-standard","has-post-thumbnail","hentry","category-leitura2009","category-festivals","category-leitura-furiosa-2012","category-leitura-furiosa-2013","category-textes","tag-20-ans","tag-leitura-furiosa-2012","tag-porto","tag-portugal","tag-textes-2"],"_links":{"self":[{"href":"https:\/\/www.assocardan.org\/index.php?rest_route=\/wp\/v2\/posts\/639","targetHints":{"allow":["GET"]}}],"collection":[{"href":"https:\/\/www.assocardan.org\/index.php?rest_route=\/wp\/v2\/posts"}],"about":[{"href":"https:\/\/www.assocardan.org\/index.php?rest_route=\/wp\/v2\/types\/post"}],"author":[{"embeddable":true,"href":"https:\/\/www.assocardan.org\/index.php?rest_route=\/wp\/v2\/users\/1"}],"replies":[{"embeddable":true,"href":"https:\/\/www.assocardan.org\/index.php?rest_route=%2Fwp%2Fv2%2Fcomments&post=639"}],"version-history":[{"count":12,"href":"https:\/\/www.assocardan.org\/index.php?rest_route=\/wp\/v2\/posts\/639\/revisions"}],"predecessor-version":[{"id":4537,"href":"https:\/\/www.assocardan.org\/index.php?rest_route=\/wp\/v2\/posts\/639\/revisions\/4537"}],"wp:featuredmedia":[{"embeddable":true,"href":"https:\/\/www.assocardan.org\/index.php?rest_route=\/wp\/v2\/media\/641"}],"wp:attachment":[{"href":"https:\/\/www.assocardan.org\/index.php?rest_route=%2Fwp%2Fv2%2Fmedia&parent=639"}],"wp:term":[{"taxonomy":"category","embeddable":true,"href":"https:\/\/www.assocardan.org\/index.php?rest_route=%2Fwp%2Fv2%2Fcategories&post=639"},{"taxonomy":"post_tag","embeddable":true,"href":"https:\/\/www.assocardan.org\/index.php?rest_route=%2Fwp%2Fv2%2Ftags&post=639"}],"curies":[{"name":"wp","href":"https:\/\/api.w.org\/{rel}","templated":true}]}}