{"id":6391,"date":"2017-05-15T16:41:55","date_gmt":"2017-05-15T14:41:55","guid":{"rendered":"http:\/\/www.assocardan.org\/?p=6391"},"modified":"2017-06-09T13:43:16","modified_gmt":"2017-06-09T11:43:16","slug":"leitura-furiosa-2017-dapres-je-suis-de-bigflo-et-oli","status":"publish","type":"post","link":"https:\/\/www.assocardan.org\/?p=6391","title":{"rendered":"[LEITURA FURIOSA 2017] \u00ab D\u2019apr\u00e8s &#8220;Je suis&#8221; de Bigflo et Oli \u00bb"},"content":{"rendered":"<p>Un texte \u00e9crit par <strong>Ella Balaert<\/strong> avec Ana\u00efs, Antoine, Antoine, Chlo\u00e9, Esteban, Geoffrey, Gwendall, Louane, Maria et Nathan. Puis, illustr\u00e9 par Madeleine Devos.<\/p>\n<p><!--more--><\/p>\n<p>&nbsp;<\/p>\n<p>Voici le texte :<\/p>\n<iframe src=\"\/\/docs.google.com\/viewer?url=http%3A%2F%2Fwww.assocardan.org%2Fwp-content%2Fuploads%2F2017%2F05%2FBALAERT.pdf&hl=fr&embedded=true\" class=\"gde-frame\" style=\"width:100%; height:500px; border: none;\" scrolling=\"no\"><\/iframe>\n<p class=\"gde-text\"><a href=\"http:\/\/www.assocardan.org\/wp-content\/uploads\/2017\/05\/BALAERT.pdf\" class=\"gde-link\">T\u00e9l\u00e9charger (PDF, 310KB)<\/a><\/p>\n<p>&nbsp;<\/p>\n<p>Et les photos de groupe :<\/p>\n<p><a href=\"http:\/\/www.assocardan.org\/wp-content\/uploads\/2017\/05\/DSCF7168.jpg\" target=\"_blank\" rel=\"noopener noreferrer\"><img loading=\"lazy\" decoding=\"async\" class=\"aligncenter wp-image-6348\" src=\"http:\/\/www.assocardan.org\/wp-content\/uploads\/2017\/05\/DSCF7168-300x200.jpg\" alt=\"\" width=\"540\" height=\"360\" srcset=\"https:\/\/www.assocardan.org\/wp-content\/uploads\/2017\/05\/DSCF7168-300x200.jpg 300w, https:\/\/www.assocardan.org\/wp-content\/uploads\/2017\/05\/DSCF7168-1024x683.jpg 1024w, https:\/\/www.assocardan.org\/wp-content\/uploads\/2017\/05\/DSCF7168-600x400.jpg 600w, https:\/\/www.assocardan.org\/wp-content\/uploads\/2017\/05\/DSCF7168-750x500.jpg 750w, https:\/\/www.assocardan.org\/wp-content\/uploads\/2017\/05\/DSCF7168-400x267.jpg 400w, https:\/\/www.assocardan.org\/wp-content\/uploads\/2017\/05\/DSCF7168-430x287.jpg 430w, https:\/\/www.assocardan.org\/wp-content\/uploads\/2017\/05\/DSCF7168-150x100.jpg 150w, https:\/\/www.assocardan.org\/wp-content\/uploads\/2017\/05\/DSCF7168-100x67.jpg 100w, https:\/\/www.assocardan.org\/wp-content\/uploads\/2017\/05\/DSCF7168-120x80.jpg 120w\" sizes=\"auto, (max-width: 540px) 100vw, 540px\" \/><\/a> <a href=\"http:\/\/www.assocardan.org\/wp-content\/uploads\/2017\/05\/DSCF7172.jpg\" target=\"_blank\" rel=\"noopener noreferrer\"><img loading=\"lazy\" decoding=\"async\" class=\"aligncenter wp-image-6349\" src=\"http:\/\/www.assocardan.org\/wp-content\/uploads\/2017\/05\/DSCF7172-300x200.jpg\" alt=\"\" width=\"540\" height=\"360\" srcset=\"https:\/\/www.assocardan.org\/wp-content\/uploads\/2017\/05\/DSCF7172-300x200.jpg 300w, https:\/\/www.assocardan.org\/wp-content\/uploads\/2017\/05\/DSCF7172-1024x683.jpg 1024w, https:\/\/www.assocardan.org\/wp-content\/uploads\/2017\/05\/DSCF7172-600x400.jpg 600w, https:\/\/www.assocardan.org\/wp-content\/uploads\/2017\/05\/DSCF7172-750x500.jpg 750w, https:\/\/www.assocardan.org\/wp-content\/uploads\/2017\/05\/DSCF7172-400x267.jpg 400w, https:\/\/www.assocardan.org\/wp-content\/uploads\/2017\/05\/DSCF7172-430x287.jpg 430w, https:\/\/www.assocardan.org\/wp-content\/uploads\/2017\/05\/DSCF7172-150x100.jpg 150w, https:\/\/www.assocardan.org\/wp-content\/uploads\/2017\/05\/DSCF7172-100x67.jpg 100w, https:\/\/www.assocardan.org\/wp-content\/uploads\/2017\/05\/DSCF7172-120x80.jpg 120w\" sizes=\"auto, (max-width: 540px) 100vw, 540px\" \/><\/a><\/p>\n","protected":false},"excerpt":{"rendered":"<p>Un texte \u00e9crit par Ella Balaert avec Ana\u00efs, Antoine, Antoine, Chlo\u00e9, Esteban, Geoffrey, Gwendall, Louane, Maria et Nathan. Puis, illustr\u00e9 par Madeleine Devos.<\/p>\n","protected":false},"author":1,"featured_media":6390,"comment_status":"closed","ping_status":"closed","sticky":false,"template":"","format":"standard","meta":{"footnotes":""},"categories":[204,297,306],"tags":[310,34,298,29],"class_list":["post-6391","post","type-post","status-publish","format-standard","has-post-thumbnail","hentry","category-leitura-furiosa","category-leitura-furiosa-2017","category-textes-de-leitura-furiosa-2017","tag-ella-balaert","tag-lecture","tag-leitura-furiosa-2017","tag-textes-2"],"_links":{"self":[{"href":"https:\/\/www.assocardan.org\/index.php?rest_route=\/wp\/v2\/posts\/6391","targetHints":{"allow":["GET"]}}],"collection":[{"href":"https:\/\/www.assocardan.org\/index.php?rest_route=\/wp\/v2\/posts"}],"about":[{"href":"https:\/\/www.assocardan.org\/index.php?rest_route=\/wp\/v2\/types\/post"}],"author":[{"embeddable":true,"href":"https:\/\/www.assocardan.org\/index.php?rest_route=\/wp\/v2\/users\/1"}],"replies":[{"embeddable":true,"href":"https:\/\/www.assocardan.org\/index.php?rest_route=%2Fwp%2Fv2%2Fcomments&post=6391"}],"version-history":[{"count":2,"href":"https:\/\/www.assocardan.org\/index.php?rest_route=\/wp\/v2\/posts\/6391\/revisions"}],"predecessor-version":[{"id":6495,"href":"https:\/\/www.assocardan.org\/index.php?rest_route=\/wp\/v2\/posts\/6391\/revisions\/6495"}],"wp:featuredmedia":[{"embeddable":true,"href":"https:\/\/www.assocardan.org\/index.php?rest_route=\/wp\/v2\/media\/6390"}],"wp:attachment":[{"href":"https:\/\/www.assocardan.org\/index.php?rest_route=%2Fwp%2Fv2%2Fmedia&parent=6391"}],"wp:term":[{"taxonomy":"category","embeddable":true,"href":"https:\/\/www.assocardan.org\/index.php?rest_route=%2Fwp%2Fv2%2Fcategories&post=6391"},{"taxonomy":"post_tag","embeddable":true,"href":"https:\/\/www.assocardan.org\/index.php?rest_route=%2Fwp%2Fv2%2Ftags&post=6391"}],"curies":[{"name":"wp","href":"https:\/\/api.w.org\/{rel}","templated":true}]}}