{"id":6427,"date":"2017-05-15T19:33:26","date_gmt":"2017-05-15T17:33:26","guid":{"rendered":"http:\/\/www.assocardan.org\/?p=6427"},"modified":"2017-06-09T13:40:20","modified_gmt":"2017-06-09T11:40:20","slug":"leitura-furiosa-2017-le-voyage-sans-bouger","status":"publish","type":"post","link":"https:\/\/www.assocardan.org\/?p=6427","title":{"rendered":"[LEITURA FURIOSA 2017] \u00ab Le voyage sans bouger \u00bb"},"content":{"rendered":"<p>Un texte \u00e9crit par <strong>Jean-Claude Lalumi\u00e8re<\/strong>, avec Chantal, Farhana, Florence, Ingrid, Jean-Fran\u00e7ois, Kitlavan, Marjolaine, Mathieu, Miguel, Samira, St\u00e9phanie. Puis, illustr\u00e9 par Fraco.<\/p>\n<p><!--more--><\/p>\n<p>&nbsp;<\/p>\n<p>Voici le texte :<\/p>\n<iframe src=\"\/\/docs.google.com\/viewer?url=http%3A%2F%2Fwww.assocardan.org%2Fwp-content%2Fuploads%2F2017%2F05%2FLALUMIERE.pdf&hl=fr&embedded=true\" class=\"gde-frame\" style=\"width:100%; height:500px; border: none;\" scrolling=\"no\"><\/iframe>\n<p class=\"gde-text\"><a href=\"http:\/\/www.assocardan.org\/wp-content\/uploads\/2017\/05\/LALUMIERE.pdf\" class=\"gde-link\">T\u00e9l\u00e9charger (PDF, 395KB)<\/a><\/p>\n<p>&nbsp;<\/p>\n<p>Et les photos de groupe :<\/p>\n<p><a href=\"http:\/\/www.assocardan.org\/wp-content\/uploads\/2017\/05\/DSCF7121.jpg\" target=\"_blank\" rel=\"noopener noreferrer\"><img loading=\"lazy\" decoding=\"async\" class=\"aligncenter wp-image-6340\" src=\"http:\/\/www.assocardan.org\/wp-content\/uploads\/2017\/05\/DSCF7121-300x200.jpg\" alt=\"\" width=\"540\" height=\"360\" srcset=\"https:\/\/www.assocardan.org\/wp-content\/uploads\/2017\/05\/DSCF7121-300x200.jpg 300w, https:\/\/www.assocardan.org\/wp-content\/uploads\/2017\/05\/DSCF7121-1024x683.jpg 1024w, https:\/\/www.assocardan.org\/wp-content\/uploads\/2017\/05\/DSCF7121-600x400.jpg 600w, https:\/\/www.assocardan.org\/wp-content\/uploads\/2017\/05\/DSCF7121-750x500.jpg 750w, https:\/\/www.assocardan.org\/wp-content\/uploads\/2017\/05\/DSCF7121-400x267.jpg 400w, https:\/\/www.assocardan.org\/wp-content\/uploads\/2017\/05\/DSCF7121-430x287.jpg 430w, https:\/\/www.assocardan.org\/wp-content\/uploads\/2017\/05\/DSCF7121-150x100.jpg 150w, https:\/\/www.assocardan.org\/wp-content\/uploads\/2017\/05\/DSCF7121-100x67.jpg 100w, https:\/\/www.assocardan.org\/wp-content\/uploads\/2017\/05\/DSCF7121-120x80.jpg 120w\" sizes=\"auto, (max-width: 540px) 100vw, 540px\" \/><\/a> <a href=\"http:\/\/www.assocardan.org\/wp-content\/uploads\/2017\/05\/DSCF7130.jpg\" target=\"_blank\" rel=\"noopener noreferrer\"><img loading=\"lazy\" decoding=\"async\" class=\"aligncenter wp-image-6341\" src=\"http:\/\/www.assocardan.org\/wp-content\/uploads\/2017\/05\/DSCF7130-300x200.jpg\" alt=\"\" width=\"540\" height=\"360\" srcset=\"https:\/\/www.assocardan.org\/wp-content\/uploads\/2017\/05\/DSCF7130-300x200.jpg 300w, https:\/\/www.assocardan.org\/wp-content\/uploads\/2017\/05\/DSCF7130-1024x683.jpg 1024w, https:\/\/www.assocardan.org\/wp-content\/uploads\/2017\/05\/DSCF7130-600x400.jpg 600w, https:\/\/www.assocardan.org\/wp-content\/uploads\/2017\/05\/DSCF7130-750x500.jpg 750w, https:\/\/www.assocardan.org\/wp-content\/uploads\/2017\/05\/DSCF7130-400x267.jpg 400w, https:\/\/www.assocardan.org\/wp-content\/uploads\/2017\/05\/DSCF7130-430x287.jpg 430w, https:\/\/www.assocardan.org\/wp-content\/uploads\/2017\/05\/DSCF7130-150x100.jpg 150w, https:\/\/www.assocardan.org\/wp-content\/uploads\/2017\/05\/DSCF7130-100x67.jpg 100w, https:\/\/www.assocardan.org\/wp-content\/uploads\/2017\/05\/DSCF7130-120x80.jpg 120w\" sizes=\"auto, (max-width: 540px) 100vw, 540px\" \/><\/a><\/p>\n","protected":false},"excerpt":{"rendered":"<p>Un texte \u00e9crit par Jean-Claude Lalumi\u00e8re, avec Chantal, Farhana, Florence, Ingrid, Jean-Fran\u00e7ois, Kitlavan, Marjolaine, Mathieu, Miguel, Samira, St\u00e9phanie. Puis, illustr\u00e9 par Fraco.<\/p>\n","protected":false},"author":1,"featured_media":6425,"comment_status":"closed","ping_status":"closed","sticky":false,"template":"","format":"standard","meta":{"footnotes":""},"categories":[204,297,306],"tags":[317,34,298,29],"class_list":["post-6427","post","type-post","status-publish","format-standard","has-post-thumbnail","hentry","category-leitura-furiosa","category-leitura-furiosa-2017","category-textes-de-leitura-furiosa-2017","tag-jean-claude-lalumiere","tag-lecture","tag-leitura-furiosa-2017","tag-textes-2"],"_links":{"self":[{"href":"https:\/\/www.assocardan.org\/index.php?rest_route=\/wp\/v2\/posts\/6427","targetHints":{"allow":["GET"]}}],"collection":[{"href":"https:\/\/www.assocardan.org\/index.php?rest_route=\/wp\/v2\/posts"}],"about":[{"href":"https:\/\/www.assocardan.org\/index.php?rest_route=\/wp\/v2\/types\/post"}],"author":[{"embeddable":true,"href":"https:\/\/www.assocardan.org\/index.php?rest_route=\/wp\/v2\/users\/1"}],"replies":[{"embeddable":true,"href":"https:\/\/www.assocardan.org\/index.php?rest_route=%2Fwp%2Fv2%2Fcomments&post=6427"}],"version-history":[{"count":2,"href":"https:\/\/www.assocardan.org\/index.php?rest_route=\/wp\/v2\/posts\/6427\/revisions"}],"predecessor-version":[{"id":6486,"href":"https:\/\/www.assocardan.org\/index.php?rest_route=\/wp\/v2\/posts\/6427\/revisions\/6486"}],"wp:featuredmedia":[{"embeddable":true,"href":"https:\/\/www.assocardan.org\/index.php?rest_route=\/wp\/v2\/media\/6425"}],"wp:attachment":[{"href":"https:\/\/www.assocardan.org\/index.php?rest_route=%2Fwp%2Fv2%2Fmedia&parent=6427"}],"wp:term":[{"taxonomy":"category","embeddable":true,"href":"https:\/\/www.assocardan.org\/index.php?rest_route=%2Fwp%2Fv2%2Fcategories&post=6427"},{"taxonomy":"post_tag","embeddable":true,"href":"https:\/\/www.assocardan.org\/index.php?rest_route=%2Fwp%2Fv2%2Ftags&post=6427"}],"curies":[{"name":"wp","href":"https:\/\/api.w.org\/{rel}","templated":true}]}}