{"id":6431,"date":"2017-05-15T19:51:15","date_gmt":"2017-05-15T17:51:15","guid":{"rendered":"http:\/\/www.assocardan.org\/?p=6431"},"modified":"2017-06-09T13:39:59","modified_gmt":"2017-06-09T11:39:59","slug":"leitura-furiosa-2017-carnet-de-croquis","status":"publish","type":"post","link":"https:\/\/www.assocardan.org\/?p=6431","title":{"rendered":"[LEITURA FURIOSA 2017] \u00ab Carnet de croquis \u00bb"},"content":{"rendered":"<p>Un texte \u00e9crit par <strong>Perrine LE QUERREC<\/strong>, avec Sylvie, Kathy, Guylain, Val\u00e9rie, Brigitte, Fred, Corinne. Puis, illustr\u00e9 par M\u2019Ric.<\/p>\n<p><!--more--><\/p>\n<p>&nbsp;<\/p>\n<p>Voici le texte :<\/p>\n<iframe src=\"\/\/docs.google.com\/viewer?url=http%3A%2F%2Fwww.assocardan.org%2Fwp-content%2Fuploads%2F2017%2F05%2FLE-QUERRREC.pdf&hl=fr&embedded=true\" class=\"gde-frame\" style=\"width:100%; height:500px; border: none;\" scrolling=\"no\"><\/iframe>\n<p class=\"gde-text\"><a href=\"http:\/\/www.assocardan.org\/wp-content\/uploads\/2017\/05\/LE-QUERRREC.pdf\" class=\"gde-link\">T\u00e9l\u00e9charger (PDF, 585KB)<\/a><\/p>\n<p>&nbsp;<\/p>\n<p>Et les photos de groupe :<\/p>\n<p><a href=\"http:\/\/www.assocardan.org\/wp-content\/uploads\/2017\/05\/DSCF7175.jpg\" target=\"_blank\" rel=\"noopener noreferrer\"><img loading=\"lazy\" decoding=\"async\" class=\"aligncenter wp-image-6350\" src=\"http:\/\/www.assocardan.org\/wp-content\/uploads\/2017\/05\/DSCF7175-300x200.jpg\" alt=\"\" width=\"540\" height=\"360\" srcset=\"https:\/\/www.assocardan.org\/wp-content\/uploads\/2017\/05\/DSCF7175-300x200.jpg 300w, https:\/\/www.assocardan.org\/wp-content\/uploads\/2017\/05\/DSCF7175-1024x683.jpg 1024w, https:\/\/www.assocardan.org\/wp-content\/uploads\/2017\/05\/DSCF7175-600x400.jpg 600w, https:\/\/www.assocardan.org\/wp-content\/uploads\/2017\/05\/DSCF7175-750x500.jpg 750w, https:\/\/www.assocardan.org\/wp-content\/uploads\/2017\/05\/DSCF7175-400x267.jpg 400w, https:\/\/www.assocardan.org\/wp-content\/uploads\/2017\/05\/DSCF7175-430x287.jpg 430w, https:\/\/www.assocardan.org\/wp-content\/uploads\/2017\/05\/DSCF7175-150x100.jpg 150w, https:\/\/www.assocardan.org\/wp-content\/uploads\/2017\/05\/DSCF7175-100x67.jpg 100w, https:\/\/www.assocardan.org\/wp-content\/uploads\/2017\/05\/DSCF7175-120x80.jpg 120w\" sizes=\"auto, (max-width: 540px) 100vw, 540px\" \/><\/a> <a href=\"http:\/\/www.assocardan.org\/wp-content\/uploads\/2017\/05\/DSCF7178.jpg\" target=\"_blank\" rel=\"noopener noreferrer\"><img loading=\"lazy\" decoding=\"async\" class=\"aligncenter wp-image-6351\" src=\"http:\/\/www.assocardan.org\/wp-content\/uploads\/2017\/05\/DSCF7178-300x200.jpg\" alt=\"\" width=\"540\" height=\"360\" srcset=\"https:\/\/www.assocardan.org\/wp-content\/uploads\/2017\/05\/DSCF7178-300x200.jpg 300w, https:\/\/www.assocardan.org\/wp-content\/uploads\/2017\/05\/DSCF7178-1024x683.jpg 1024w, https:\/\/www.assocardan.org\/wp-content\/uploads\/2017\/05\/DSCF7178-600x400.jpg 600w, https:\/\/www.assocardan.org\/wp-content\/uploads\/2017\/05\/DSCF7178-750x500.jpg 750w, https:\/\/www.assocardan.org\/wp-content\/uploads\/2017\/05\/DSCF7178-400x267.jpg 400w, https:\/\/www.assocardan.org\/wp-content\/uploads\/2017\/05\/DSCF7178-430x287.jpg 430w, https:\/\/www.assocardan.org\/wp-content\/uploads\/2017\/05\/DSCF7178-150x100.jpg 150w, https:\/\/www.assocardan.org\/wp-content\/uploads\/2017\/05\/DSCF7178-100x67.jpg 100w, https:\/\/www.assocardan.org\/wp-content\/uploads\/2017\/05\/DSCF7178-120x80.jpg 120w\" sizes=\"auto, (max-width: 540px) 100vw, 540px\" \/><\/a><\/p>\n","protected":false},"excerpt":{"rendered":"<p>Un texte \u00e9crit par Perrine LE QUERREC, avec Sylvie, Kathy, Guylain, Val\u00e9rie, Brigitte, Fred, Corinne. Puis, illustr\u00e9 par M\u2019Ric.<\/p>\n","protected":false},"author":1,"featured_media":6430,"comment_status":"closed","ping_status":"closed","sticky":false,"template":"","format":"standard","meta":{"footnotes":""},"categories":[204,297,306],"tags":[34,298,318,29],"class_list":["post-6431","post","type-post","status-publish","format-standard","has-post-thumbnail","hentry","category-leitura-furiosa","category-leitura-furiosa-2017","category-textes-de-leitura-furiosa-2017","tag-lecture","tag-leitura-furiosa-2017","tag-perrine-le-querrec","tag-textes-2"],"_links":{"self":[{"href":"https:\/\/www.assocardan.org\/index.php?rest_route=\/wp\/v2\/posts\/6431","targetHints":{"allow":["GET"]}}],"collection":[{"href":"https:\/\/www.assocardan.org\/index.php?rest_route=\/wp\/v2\/posts"}],"about":[{"href":"https:\/\/www.assocardan.org\/index.php?rest_route=\/wp\/v2\/types\/post"}],"author":[{"embeddable":true,"href":"https:\/\/www.assocardan.org\/index.php?rest_route=\/wp\/v2\/users\/1"}],"replies":[{"embeddable":true,"href":"https:\/\/www.assocardan.org\/index.php?rest_route=%2Fwp%2Fv2%2Fcomments&post=6431"}],"version-history":[{"count":2,"href":"https:\/\/www.assocardan.org\/index.php?rest_route=\/wp\/v2\/posts\/6431\/revisions"}],"predecessor-version":[{"id":6485,"href":"https:\/\/www.assocardan.org\/index.php?rest_route=\/wp\/v2\/posts\/6431\/revisions\/6485"}],"wp:featuredmedia":[{"embeddable":true,"href":"https:\/\/www.assocardan.org\/index.php?rest_route=\/wp\/v2\/media\/6430"}],"wp:attachment":[{"href":"https:\/\/www.assocardan.org\/index.php?rest_route=%2Fwp%2Fv2%2Fmedia&parent=6431"}],"wp:term":[{"taxonomy":"category","embeddable":true,"href":"https:\/\/www.assocardan.org\/index.php?rest_route=%2Fwp%2Fv2%2Fcategories&post=6431"},{"taxonomy":"post_tag","embeddable":true,"href":"https:\/\/www.assocardan.org\/index.php?rest_route=%2Fwp%2Fv2%2Ftags&post=6431"}],"curies":[{"name":"wp","href":"https:\/\/api.w.org\/{rel}","templated":true}]}}