{"id":6435,"date":"2017-05-15T19:52:35","date_gmt":"2017-05-15T17:52:35","guid":{"rendered":"http:\/\/www.assocardan.org\/?p=6435"},"modified":"2017-06-09T13:39:37","modified_gmt":"2017-06-09T11:39:37","slug":"leitura-furiosa-2017-au-marche-avec-zapata-et-lampiao","status":"publish","type":"post","link":"https:\/\/www.assocardan.org\/?p=6435","title":{"rendered":"[LEITURA FURIOSA 2017] \u00ab AU MARCH\u00c9, AVEC ZAPATA ET LAMPI\u00c3O \u00bb"},"content":{"rendered":"<p>Un texte \u00e9crit par Filomena Marona Beja, avec Catarina, Sara Kelly, Duilio Jos\u00e9, Thiago Roberto, Hislander \u00e0 l\u2019\u00c9cole Secondaire Gil Vicente, \u00e0 Lisbonne. Illustration collective.<\/p>\n<p><!--more--><\/p>\n<p>&nbsp;<\/p>\n<p>Voici le texte :<\/p>\n<iframe src=\"\/\/docs.google.com\/viewer?url=http%3A%2F%2Fwww.assocardan.org%2Fwp-content%2Fuploads%2F2017%2F05%2FLISBOA-FILOMENA.pdf&hl=fr&embedded=true\" class=\"gde-frame\" style=\"width:100%; height:500px; border: none;\" scrolling=\"no\"><\/iframe>\n<p class=\"gde-text\"><a href=\"http:\/\/www.assocardan.org\/wp-content\/uploads\/2017\/05\/LISBOA-FILOMENA.pdf\" class=\"gde-link\">T\u00e9l\u00e9charger (PDF, 549KB)<\/a><\/p>\n","protected":false},"excerpt":{"rendered":"<p>Un texte \u00e9crit par Filomena Marona Beja, avec Catarina, Sara Kelly, Duilio Jos\u00e9, Thiago Roberto, Hislander \u00e0 l\u2019\u00c9cole Secondaire Gil Vicente, \u00e0 Lisbonne. Illustration collective.<\/p>\n","protected":false},"author":1,"featured_media":6433,"comment_status":"closed","ping_status":"closed","sticky":false,"template":"","format":"standard","meta":{"footnotes":""},"categories":[204,297,306],"tags":[319,34,298,238],"class_list":["post-6435","post","type-post","status-publish","format-standard","has-post-thumbnail","hentry","category-leitura-furiosa","category-leitura-furiosa-2017","category-textes-de-leitura-furiosa-2017","tag-filomena-marona-beja","tag-lecture","tag-leitura-furiosa-2017","tag-textes-portugais"],"_links":{"self":[{"href":"https:\/\/www.assocardan.org\/index.php?rest_route=\/wp\/v2\/posts\/6435","targetHints":{"allow":["GET"]}}],"collection":[{"href":"https:\/\/www.assocardan.org\/index.php?rest_route=\/wp\/v2\/posts"}],"about":[{"href":"https:\/\/www.assocardan.org\/index.php?rest_route=\/wp\/v2\/types\/post"}],"author":[{"embeddable":true,"href":"https:\/\/www.assocardan.org\/index.php?rest_route=\/wp\/v2\/users\/1"}],"replies":[{"embeddable":true,"href":"https:\/\/www.assocardan.org\/index.php?rest_route=%2Fwp%2Fv2%2Fcomments&post=6435"}],"version-history":[{"count":1,"href":"https:\/\/www.assocardan.org\/index.php?rest_route=\/wp\/v2\/posts\/6435\/revisions"}],"predecessor-version":[{"id":6436,"href":"https:\/\/www.assocardan.org\/index.php?rest_route=\/wp\/v2\/posts\/6435\/revisions\/6436"}],"wp:featuredmedia":[{"embeddable":true,"href":"https:\/\/www.assocardan.org\/index.php?rest_route=\/wp\/v2\/media\/6433"}],"wp:attachment":[{"href":"https:\/\/www.assocardan.org\/index.php?rest_route=%2Fwp%2Fv2%2Fmedia&parent=6435"}],"wp:term":[{"taxonomy":"category","embeddable":true,"href":"https:\/\/www.assocardan.org\/index.php?rest_route=%2Fwp%2Fv2%2Fcategories&post=6435"},{"taxonomy":"post_tag","embeddable":true,"href":"https:\/\/www.assocardan.org\/index.php?rest_route=%2Fwp%2Fv2%2Ftags&post=6435"}],"curies":[{"name":"wp","href":"https:\/\/api.w.org\/{rel}","templated":true}]}}