{"id":6453,"date":"2017-05-15T20:45:38","date_gmt":"2017-05-15T18:45:38","guid":{"rendered":"http:\/\/www.assocardan.org\/?p=6453"},"modified":"2017-06-09T13:34:48","modified_gmt":"2017-06-09T11:34:48","slug":"leitura-furiosa-2017-a-la-tele-jai-vu","status":"publish","type":"post","link":"https:\/\/www.assocardan.org\/?p=6453","title":{"rendered":"[LEITURA FURIOSA 2017] \u00ab A la t\u00e9l\u00e9 j&#8217;ai vu&#8230; \u00bb"},"content":{"rendered":"<p>Un texte de <strong>Luca Argel<\/strong> et Sama avec Beatriz, Bruna, Jessica, Maria, Patr\u00edcia, Pedro, Sim\u00e3o, Tom\u00e1s et Filipe Lima \u00e0 Qualificar Para Incluir \u00e0 Porto.<\/p>\n<p><!--more--><\/p>\n<p>&nbsp;<\/p>\n<p>Voici le texte :<\/p>\n<iframe src=\"\/\/docs.google.com\/viewer?url=http%3A%2F%2Fwww.assocardan.org%2Fwp-content%2Fuploads%2F2017%2F05%2FPORTO-Luca-Argel.pdf&hl=fr&embedded=true\" class=\"gde-frame\" style=\"width:100%; height:500px; border: none;\" scrolling=\"no\"><\/iframe>\n<p class=\"gde-text\"><a href=\"http:\/\/www.assocardan.org\/wp-content\/uploads\/2017\/05\/PORTO-Luca-Argel.pdf\" class=\"gde-link\">T\u00e9l\u00e9charger (PDF, 260KB)<\/a><\/p>\n","protected":false},"excerpt":{"rendered":"<p>Un texte de Luca Argel et Sama avec Beatriz, Bruna, Jessica, Maria, Patr\u00edcia, Pedro, Sim\u00e3o, Tom\u00e1s et Filipe Lima \u00e0 Qualificar Para Incluir \u00e0 Porto.<\/p>\n","protected":false},"author":1,"featured_media":6451,"comment_status":"closed","ping_status":"closed","sticky":false,"template":"","format":"standard","meta":{"footnotes":""},"categories":[204,297,306],"tags":[34,298,323,238],"class_list":["post-6453","post","type-post","status-publish","format-standard","has-post-thumbnail","hentry","category-leitura-furiosa","category-leitura-furiosa-2017","category-textes-de-leitura-furiosa-2017","tag-lecture","tag-leitura-furiosa-2017","tag-luca-argel","tag-textes-portugais"],"_links":{"self":[{"href":"https:\/\/www.assocardan.org\/index.php?rest_route=\/wp\/v2\/posts\/6453","targetHints":{"allow":["GET"]}}],"collection":[{"href":"https:\/\/www.assocardan.org\/index.php?rest_route=\/wp\/v2\/posts"}],"about":[{"href":"https:\/\/www.assocardan.org\/index.php?rest_route=\/wp\/v2\/types\/post"}],"author":[{"embeddable":true,"href":"https:\/\/www.assocardan.org\/index.php?rest_route=\/wp\/v2\/users\/1"}],"replies":[{"embeddable":true,"href":"https:\/\/www.assocardan.org\/index.php?rest_route=%2Fwp%2Fv2%2Fcomments&post=6453"}],"version-history":[{"count":2,"href":"https:\/\/www.assocardan.org\/index.php?rest_route=\/wp\/v2\/posts\/6453\/revisions"}],"predecessor-version":[{"id":6455,"href":"https:\/\/www.assocardan.org\/index.php?rest_route=\/wp\/v2\/posts\/6453\/revisions\/6455"}],"wp:featuredmedia":[{"embeddable":true,"href":"https:\/\/www.assocardan.org\/index.php?rest_route=\/wp\/v2\/media\/6451"}],"wp:attachment":[{"href":"https:\/\/www.assocardan.org\/index.php?rest_route=%2Fwp%2Fv2%2Fmedia&parent=6453"}],"wp:term":[{"taxonomy":"category","embeddable":true,"href":"https:\/\/www.assocardan.org\/index.php?rest_route=%2Fwp%2Fv2%2Fcategories&post=6453"},{"taxonomy":"post_tag","embeddable":true,"href":"https:\/\/www.assocardan.org\/index.php?rest_route=%2Fwp%2Fv2%2Ftags&post=6453"}],"curies":[{"name":"wp","href":"https:\/\/api.w.org\/{rel}","templated":true}]}}